{"id":44710,"date":"2025-02-05T17:17:40","date_gmt":"2025-02-05T17:17:40","guid":{"rendered":"https:\/\/historiografija.hr\/?p=44710"},"modified":"2025-02-05T17:20:39","modified_gmt":"2025-02-05T17:20:39","slug":"polemicke-reakcije-na-prikazivanje-dokumentarnog-filma-72-bojna-vojne-policije-istina","status":"publish","type":"post","link":"https:\/\/historiografija.hr\/?p=44710","title":{"rendered":"Polemi\u010dke reakcije na prikazivanje dokumentarnog filma \u201c72. bojna Vojne policije \u2013 Istina\u201d"},"content":{"rendered":"\n<p>Nakon \u0161to je 13. prosinca 2024. prikazan u Splitu, dokumentarni film \u201c72. bojna Vojne policije \u2013 Istina\u201d (o &#8220;slu\u010daju Lora&#8221;) bit \u0107e prikazan 5. velja\u010de 2025. u Zagrebu. Autor filma je Jakov Sedlar, a u njemu govori i povjesni\u010dar Josip Jur\u010devi\u0107, \u0161to je vi\u0161e nego dovoljno za razumijevanje za\u0161to su polemi\u010dke reakcije na film isticale upravo to da se u njemu pori\u010du po\u010dinjeni i sudski presu\u0111eni ratni zlo\u010dini. \u00a0<\/p>\n\n\n\n<hr class=\"wp-block-separator has-alpha-channel-opacity\"\/>\n\n\n\n<p>Prikazivanje filma:<\/p>\n\n\n\n<p><a href=\"https:\/\/slobodnadalmacija.hr\/split-i-zupanija\/split\/elitna-postrojba-iz-domovinskog-rata-u-splitu-proslavila-obljetnicu-porucujem-da-cirilica-nikad-nece-doci-u-split-1440000\">https:\/\/slobodnadalmacija.hr\/split-i-zupanija\/split\/elitna-postrojba-iz-domovinskog-rata-u-splitu-proslavila-obljetnicu-porucujem-da-cirilica-nikad-nece-doci-u-split-1440000<\/a><\/p>\n\n\n\n<p><a href=\"https:\/\/narod.hr\/vjera-i-kultura\/prava-istina-u-slucaju-lora-dodite-na-premijeru-sedlarovog-dokumentarnog-filma\">https:\/\/narod.hr\/vjera-i-kultura\/prava-istina-u-slucaju-lora-dodite-na-premijeru-sedlarovog-dokumentarnog-filma<\/a><\/p>\n\n\n\n<hr class=\"wp-block-separator has-alpha-channel-opacity\"\/>\n\n\n\n<p>Reakcije:<\/p>\n\n\n\n<figure class=\"wp-block-embed is-type-wp-embed is-provider-documenta wp-block-embed-documenta\"><div class=\"wp-block-embed__wrapper\">\n<blockquote class=\"wp-embedded-content\" data-secret=\"dLfZFnpmBG\"><a href=\"https:\/\/documenta.hr\/novosti\/prosvjedujemo-zbog-poricanja-ratnih-zlocina-pocinjenih-u-lori\/\">Prosvjedujemo zbog poricanja ratnih zlo\u010dina po\u010dinjenih u Lori<\/a><\/blockquote><iframe loading=\"lazy\" class=\"wp-embedded-content\" sandbox=\"allow-scripts\" security=\"restricted\" style=\"position: absolute; visibility: hidden;\" title=\"&#8220;Prosvjedujemo zbog poricanja ratnih zlo\u010dina po\u010dinjenih u Lori&#8221; &#8212; Documenta\" src=\"https:\/\/documenta.hr\/novosti\/prosvjedujemo-zbog-poricanja-ratnih-zlocina-pocinjenih-u-lori\/embed\/#?secret=dLfZFnpmBG\" data-secret=\"dLfZFnpmBG\" width=\"600\" height=\"338\" frameborder=\"0\" marginwidth=\"0\" marginheight=\"0\" scrolling=\"no\"><\/iframe>\n<\/div><\/figure>\n\n\n\n<p><a href=\"https:\/\/www.jutarnji.hr\/kultura\/film-i-televizija\/gledali-smo-sedlarov-film-o-lori-kao-zagovornici-nove-istine-javljaju-se-i-dva-ministra-u-plenkovicevoj-vladi-sve-krece-u-30-minuti-15533910\">https:\/\/www.jutarnji.hr\/kultura\/film-i-televizija\/gledali-smo-sedlarov-film-o-lori-kao-zagovornici-nove-istine-javljaju-se-i-dva-ministra-u-plenkovicevoj-vladi-sve-krece-u-30-minuti-15533910<\/a><\/p>\n\n\n\n<p><a href=\"https:\/\/www.portalnovosti.com\/drzavno-financirana-laz\">https:\/\/www.portalnovosti.com\/drzavno-financirana-laz<\/a><\/p>\n\n\n\n<figure class=\"wp-block-embed is-type-wp-embed is-provider-documenta wp-block-embed-documenta\"><div class=\"wp-block-embed__wrapper\">\n<blockquote class=\"wp-embedded-content\" data-secret=\"L3O46VCfSx\"><a href=\"https:\/\/documenta.hr\/novosti\/ponovo-prosvjedujemo-zbog-poricanja-ratnih-zlocina-pocinjenih-u-lori\/\">Ponovo prosvjedujemo zbog poricanja ratnih zlo\u010dina po\u010dinjenih u Lori<\/a><\/blockquote><iframe loading=\"lazy\" class=\"wp-embedded-content\" sandbox=\"allow-scripts\" security=\"restricted\" style=\"position: absolute; visibility: hidden;\" title=\"&#8220;Ponovo prosvjedujemo zbog poricanja ratnih zlo\u010dina po\u010dinjenih u Lori&#8221; &#8212; Documenta\" src=\"https:\/\/documenta.hr\/novosti\/ponovo-prosvjedujemo-zbog-poricanja-ratnih-zlocina-pocinjenih-u-lori\/embed\/#?secret=L3O46VCfSx\" data-secret=\"L3O46VCfSx\" width=\"600\" height=\"338\" frameborder=\"0\" marginwidth=\"0\" marginheight=\"0\" scrolling=\"no\"><\/iframe>\n<\/div><\/figure>\n\n\n\n<hr class=\"wp-block-separator has-alpha-channel-opacity\"\/>\n","protected":false},"excerpt":{"rendered":"","protected":false},"author":2,"featured_media":44711,"comment_status":"open","ping_status":"open","sticky":false,"template":"","format":"standard","meta":{"_acf_changed":false,"jetpack_post_was_ever_published":false,"_jetpack_newsletter_access":"","_jetpack_dont_email_post_to_subs":false,"_jetpack_newsletter_tier_id":0,"_jetpack_memberships_contains_paywalled_content":false,"_jetpack_memberships_contains_paid_content":false,"footnotes":"","jetpack_publicize_message":"","jetpack_publicize_feature_enabled":true,"jetpack_social_post_already_shared":true,"jetpack_social_options":{"image_generator_settings":{"template":"highway","default_image_id":0,"font":"","enabled":false},"version":2}},"categories":[13,3,17],"tags":[],"class_list":["post-44710","post","type-post","status-publish","format-standard","has-post-thumbnail","hentry","category-filmovi-i-serije","category-novosti","category-rasprave"],"acf":{"facebook_opis":""},"jetpack_publicize_connections":[],"jetpack_featured_media_url":"https:\/\/i0.wp.com\/historiografija.hr\/wp-content\/uploads\/2025\/02\/Film_Sedlar.jpeg?fit=1068%2C1512&ssl=1","jetpack_sharing_enabled":true,"jetpack-related-posts":[],"_links":{"self":[{"href":"https:\/\/historiografija.hr\/index.php?rest_route=\/wp\/v2\/posts\/44710","targetHints":{"allow":["GET"]}}],"collection":[{"href":"https:\/\/historiografija.hr\/index.php?rest_route=\/wp\/v2\/posts"}],"about":[{"href":"https:\/\/historiografija.hr\/index.php?rest_route=\/wp\/v2\/types\/post"}],"author":[{"embeddable":true,"href":"https:\/\/historiografija.hr\/index.php?rest_route=\/wp\/v2\/users\/2"}],"replies":[{"embeddable":true,"href":"https:\/\/historiografija.hr\/index.php?rest_route=%2Fwp%2Fv2%2Fcomments&post=44710"}],"version-history":[{"count":4,"href":"https:\/\/historiografija.hr\/index.php?rest_route=\/wp\/v2\/posts\/44710\/revisions"}],"predecessor-version":[{"id":44715,"href":"https:\/\/historiografija.hr\/index.php?rest_route=\/wp\/v2\/posts\/44710\/revisions\/44715"}],"wp:featuredmedia":[{"embeddable":true,"href":"https:\/\/historiografija.hr\/index.php?rest_route=\/wp\/v2\/media\/44711"}],"wp:attachment":[{"href":"https:\/\/historiografija.hr\/index.php?rest_route=%2Fwp%2Fv2%2Fmedia&parent=44710"}],"wp:term":[{"taxonomy":"category","embeddable":true,"href":"https:\/\/historiografija.hr\/index.php?rest_route=%2Fwp%2Fv2%2Fcategories&post=44710"},{"taxonomy":"post_tag","embeddable":true,"href":"https:\/\/historiografija.hr\/index.php?rest_route=%2Fwp%2Fv2%2Ftags&post=44710"}],"curies":[{"name":"wp","href":"https:\/\/api.w.org\/{rel}","templated":true}]}}