{"id":44706,"date":"2025-02-05T16:38:25","date_gmt":"2025-02-05T16:38:25","guid":{"rendered":"https:\/\/historiografija.hr\/?p=44706"},"modified":"2025-02-14T23:14:32","modified_gmt":"2025-02-14T23:14:32","slug":"hrvatska-premijera-filma-igora-bezinovica-fiume-o-morte","status":"publish","type":"post","link":"https:\/\/historiografija.hr\/?p=44706","title":{"rendered":"Hrvatska premijera filma Igora Bezinovi\u0107a \u201eFiume o Morte!\u201c"},"content":{"rendered":"\n<p>Nakon svjetske premijere u Rotterdamu, hrvatska premijera filma odr\u017eat \u0107e se u Rijeci 8. velja\u010de (Art kino Croatia), zagreba\u010dka 13. velja\u010de u kinu Kinoteka, a onda \u0107e uslijediti projekcije u kinima diljem zemlje.<\/p>\n\n\n\n<p>Gra\u0111ani grada Rijeke, kojeg Talijani zovu Fiume, prepri\u010davaju, rekonstruiraju i reinterpretiraju bizarnu pri\u010du o 16-mjese\u010dnoj okupaciji njihovog grada 1919. godine od strane talijanskog pjesnika, dandyija i propovjednika rata Gabrielea D\u2019Annunzija.<\/p>\n\n\n\n<hr class=\"wp-block-separator has-alpha-channel-opacity\"\/>\n\n\n\n<p>Op\u0161irnije:<\/p>\n\n\n\n<figure class=\"wp-block-embed is-type-wp-embed is-provider-restart wp-block-embed-restart\"><div class=\"wp-block-embed__wrapper\">\n<blockquote class=\"wp-embedded-content\" data-secret=\"nvV8cKvo81\"><a href=\"https:\/\/restarted.hr\/label\/fiume-o-morte\/\">Fiume o morte!<\/a><\/blockquote><iframe loading=\"lazy\" class=\"wp-embedded-content\" sandbox=\"allow-scripts\" security=\"restricted\" style=\"position: absolute; visibility: hidden;\" title=\"&#8220;Fiume o morte!&#8221; &#8212; Restart\" src=\"https:\/\/restarted.hr\/label\/fiume-o-morte\/embed\/#?secret=4jqx6khCEj#?secret=nvV8cKvo81\" data-secret=\"nvV8cKvo81\" width=\"600\" height=\"338\" frameborder=\"0\" marginwidth=\"0\" marginheight=\"0\" scrolling=\"no\"><\/iframe>\n<\/div><\/figure>\n\n\n\n<p><a href=\"https:\/\/havc.hr\/infocentar\/novosti\/u-rotterdamu-odrzana-svjetska-premijera-fiume-o-morte-igora-bezinovica-film-prelazi-sve-jezicne-barijere\">https:\/\/havc.hr\/infocentar\/novosti\/u-rotterdamu-odrzana-svjetska-premijera-fiume-o-morte-igora-bezinovica-film-prelazi-sve-jezicne-barijere<\/a><\/p>\n\n\n\n<p><a href=\"https:\/\/havc.hr\/infocentar\/novosti\/fiume-o-morte-igora-bezinovica-premijerno-prikazan-u-zagrebu-stize-u-kina-diljem-zemlje\">https:\/\/havc.hr\/infocentar\/novosti\/fiume-o-morte-igora-bezinovica-premijerno-prikazan-u-zagrebu-stize-u-kina-diljem-zemlje<\/a><\/p>\n\n\n\n<hr class=\"wp-block-separator has-alpha-channel-opacity\"\/>\n\n\n\n<p><\/p>\n","protected":false},"excerpt":{"rendered":"","protected":false},"author":2,"featured_media":44707,"comment_status":"open","ping_status":"open","sticky":false,"template":"","format":"standard","meta":{"_acf_changed":false,"jetpack_post_was_ever_published":false,"_jetpack_newsletter_access":"","_jetpack_dont_email_post_to_subs":false,"_jetpack_newsletter_tier_id":0,"_jetpack_memberships_contains_paywalled_content":false,"_jetpack_memberships_contains_paid_content":false,"footnotes":"","jetpack_publicize_message":"","jetpack_publicize_feature_enabled":true,"jetpack_social_post_already_shared":true,"jetpack_social_options":{"image_generator_settings":{"template":"highway","default_image_id":0,"font":"","enabled":false},"version":2}},"categories":[13,3],"tags":[],"class_list":["post-44706","post","type-post","status-publish","format-standard","has-post-thumbnail","hentry","category-filmovi-i-serije","category-novosti"],"acf":{"facebook_opis":""},"jetpack_publicize_connections":[],"jetpack_featured_media_url":"https:\/\/i0.wp.com\/historiografija.hr\/wp-content\/uploads\/2025\/02\/FOM.jpg?fit=1648%2C1080&ssl=1","jetpack_sharing_enabled":true,"jetpack-related-posts":[],"_links":{"self":[{"href":"https:\/\/historiografija.hr\/index.php?rest_route=\/wp\/v2\/posts\/44706","targetHints":{"allow":["GET"]}}],"collection":[{"href":"https:\/\/historiografija.hr\/index.php?rest_route=\/wp\/v2\/posts"}],"about":[{"href":"https:\/\/historiografija.hr\/index.php?rest_route=\/wp\/v2\/types\/post"}],"author":[{"embeddable":true,"href":"https:\/\/historiografija.hr\/index.php?rest_route=\/wp\/v2\/users\/2"}],"replies":[{"embeddable":true,"href":"https:\/\/historiografija.hr\/index.php?rest_route=%2Fwp%2Fv2%2Fcomments&post=44706"}],"version-history":[{"count":2,"href":"https:\/\/historiografija.hr\/index.php?rest_route=\/wp\/v2\/posts\/44706\/revisions"}],"predecessor-version":[{"id":44843,"href":"https:\/\/historiografija.hr\/index.php?rest_route=\/wp\/v2\/posts\/44706\/revisions\/44843"}],"wp:featuredmedia":[{"embeddable":true,"href":"https:\/\/historiografija.hr\/index.php?rest_route=\/wp\/v2\/media\/44707"}],"wp:attachment":[{"href":"https:\/\/historiografija.hr\/index.php?rest_route=%2Fwp%2Fv2%2Fmedia&parent=44706"}],"wp:term":[{"taxonomy":"category","embeddable":true,"href":"https:\/\/historiografija.hr\/index.php?rest_route=%2Fwp%2Fv2%2Fcategories&post=44706"},{"taxonomy":"post_tag","embeddable":true,"href":"https:\/\/historiografija.hr\/index.php?rest_route=%2Fwp%2Fv2%2Ftags&post=44706"}],"curies":[{"name":"wp","href":"https:\/\/api.w.org\/{rel}","templated":true}]}}