{"id":44685,"date":"2025-02-04T23:19:01","date_gmt":"2025-02-04T23:19:01","guid":{"rendered":"https:\/\/historiografija.hr\/?p=44685"},"modified":"2025-02-04T23:19:01","modified_gmt":"2025-02-04T23:19:01","slug":"predstavljanje-knjige-vladana-vuklisa-jugosloveni-i-spanski-gradanski-rat-u-zagrebu","status":"publish","type":"post","link":"https:\/\/historiografija.hr\/?p=44685","title":{"rendered":"Predstavljanje knjige Vladana Vukli\u0161a \u201eJugosloveni i \u0160panski gra\u0111anski rat\u201c u Zagrebu"},"content":{"rendered":"\n<p><strong>U Klubu Srpskog kulturnog centra u Zagrebu, 7. februara 2025. godine u 19 sati predstavljamo knjigu \u201eJugosloveni i \u0160panski gra\u0111anski rat\u201c autora Vladana Vukli\u0161a. O knjizi \u0107e uz autora govoriti povjesni\u010dar i voditelj Arhiva Srba u Hrvatskoj, Milan Radanovi\u0107, a razgovor \u0107e moderirati Aneta Vladimirov, voditeljica Odjela za kulturu SNV-a.<\/strong><\/p>\n\n\n\n<p>Knjiga \u201cJugosloveni i \u0160panski gra\u0111anski rat\u201d&nbsp;istori\u010dara Vladana Vukli\u0161a predstavlja prvu sveobuhvatnu monografsku nau\u010dnu studiju o u\u010de\u0161\u0107u Jugoslovena u \u0160panskom gra\u0111anskom ratu i odnosu politi\u010dkih elita i javnog mnjenja Kraljevine Jugoslavije prema ovom epohalnom doga\u0111aju. Nastala je kao doktorska disertacija 2022, na materijalima koji se \u010duvaju u arhivima, bibliotekama i muzejima od Moskve, preko biv\u0161e Jugosavije, do Amsterdama i Pariza. Monografiju \u010dini 656 stranica, sa bogatim nau\u010dnim aparatom i blokom kartografskih i fotografskih ilustracija. Izdava\u010di studije su \u010cigoja \u0161tampa (Beograd), Arhiv Republike Srpske i Udru\u017eenje arhivskih radnika RS (Banjaluka). Recenzenti izdanja su prof. dr Milan Ristovi\u0107 (Univerzitet u Beogradu), dr Olga Manojlovi\u0107 Pintar (Institut za noviju istoriju Srbije) i prof. dr Vjeran Pavlakovi\u0107 (Sveu\u010dili\u0161te u Rijeci).<\/p>\n\n\n\n<hr class=\"wp-block-separator has-alpha-channel-opacity\"\/>\n\n\n\n<p>Izvor i dodatne obavijesti:<\/p>\n\n\n\n<figure class=\"wp-block-embed is-type-wp-embed is-provider-srpsko-narodno-vije-e-snv wp-block-embed-srpsko-narodno-vije-e-snv\"><div class=\"wp-block-embed__wrapper\">\n<blockquote class=\"wp-embedded-content\" data-secret=\"mJUT7SMl4R\"><a href=\"https:\/\/snv.hr\/u-skc-u-u-zagrebu-predstavit-ce-se-knjiga-jugosloveni-i-spanski-gradanski-rat\/\">U SKC-u u Zagrebu predstavit \u0107e se knjiga \u201eJugosloveni i \u0160panski gra\u0111anski rat\u201c<\/a><\/blockquote><iframe loading=\"lazy\" class=\"wp-embedded-content\" sandbox=\"allow-scripts\" security=\"restricted\" style=\"position: absolute; visibility: hidden;\" title=\"&#8220;U SKC-u u Zagrebu predstavit \u0107e se knjiga \u201eJugosloveni i \u0160panski gra\u0111anski rat\u201c&#8221; &#8212; Srpsko Narodno Vije\u0107e - SNV\" src=\"https:\/\/snv.hr\/u-skc-u-u-zagrebu-predstavit-ce-se-knjiga-jugosloveni-i-spanski-gradanski-rat\/embed\/#?secret=rR9zzhaXxd#?secret=mJUT7SMl4R\" data-secret=\"mJUT7SMl4R\" width=\"600\" height=\"338\" frameborder=\"0\" marginwidth=\"0\" marginheight=\"0\" scrolling=\"no\"><\/iframe>\n<\/div><\/figure>\n\n\n\n<hr class=\"wp-block-separator has-alpha-channel-opacity\"\/>\n","protected":false},"excerpt":{"rendered":"","protected":false},"author":2,"featured_media":44686,"comment_status":"open","ping_status":"open","sticky":false,"template":"","format":"standard","meta":{"_acf_changed":false,"jetpack_post_was_ever_published":false,"_jetpack_newsletter_access":"","_jetpack_dont_email_post_to_subs":false,"_jetpack_newsletter_tier_id":0,"_jetpack_memberships_contains_paywalled_content":false,"_jetpack_memberships_contains_paid_content":false,"footnotes":"","jetpack_publicize_message":"","jetpack_publicize_feature_enabled":true,"jetpack_social_post_already_shared":true,"jetpack_social_options":{"image_generator_settings":{"template":"highway","default_image_id":0,"font":"","enabled":false},"version":2}},"categories":[3],"tags":[],"class_list":["post-44685","post","type-post","status-publish","format-standard","has-post-thumbnail","hentry","category-novosti"],"acf":{"facebook_opis":""},"jetpack_publicize_connections":[],"jetpack_featured_media_url":"https:\/\/i0.wp.com\/historiografija.hr\/wp-content\/uploads\/2025\/02\/Najava_2025.png?fit=1024%2C410&ssl=1","jetpack_sharing_enabled":true,"jetpack-related-posts":[],"_links":{"self":[{"href":"https:\/\/historiografija.hr\/index.php?rest_route=\/wp\/v2\/posts\/44685","targetHints":{"allow":["GET"]}}],"collection":[{"href":"https:\/\/historiografija.hr\/index.php?rest_route=\/wp\/v2\/posts"}],"about":[{"href":"https:\/\/historiografija.hr\/index.php?rest_route=\/wp\/v2\/types\/post"}],"author":[{"embeddable":true,"href":"https:\/\/historiografija.hr\/index.php?rest_route=\/wp\/v2\/users\/2"}],"replies":[{"embeddable":true,"href":"https:\/\/historiografija.hr\/index.php?rest_route=%2Fwp%2Fv2%2Fcomments&post=44685"}],"version-history":[{"count":1,"href":"https:\/\/historiografija.hr\/index.php?rest_route=\/wp\/v2\/posts\/44685\/revisions"}],"predecessor-version":[{"id":44687,"href":"https:\/\/historiografija.hr\/index.php?rest_route=\/wp\/v2\/posts\/44685\/revisions\/44687"}],"wp:featuredmedia":[{"embeddable":true,"href":"https:\/\/historiografija.hr\/index.php?rest_route=\/wp\/v2\/media\/44686"}],"wp:attachment":[{"href":"https:\/\/historiografija.hr\/index.php?rest_route=%2Fwp%2Fv2%2Fmedia&parent=44685"}],"wp:term":[{"taxonomy":"category","embeddable":true,"href":"https:\/\/historiografija.hr\/index.php?rest_route=%2Fwp%2Fv2%2Fcategories&post=44685"},{"taxonomy":"post_tag","embeddable":true,"href":"https:\/\/historiografija.hr\/index.php?rest_route=%2Fwp%2Fv2%2Ftags&post=44685"}],"curies":[{"name":"wp","href":"https:\/\/api.w.org\/{rel}","templated":true}]}}