{"id":4468,"date":"2017-05-20T11:54:33","date_gmt":"2017-05-20T11:54:33","guid":{"rendered":"http:\/\/historiografija.hr\/?p=4468"},"modified":"2017-05-20T11:55:23","modified_gmt":"2017-05-20T11:55:23","slug":"predavanja-povjesnicara-richarda-overyja-i-christiana-f-ostermanna-u-zagrebu","status":"publish","type":"post","link":"https:\/\/historiografija.hr\/?p=4468","title":{"rendered":"Predavanja povjesni\u010dara Richarda Overyja i Christiana F. Ostermanna u Zagrebu"},"content":{"rendered":"<p>Uz navedena predavanja Patricka Boucherona, povjesni\u010dari Richard Overy i Christian Ostermann osim sudjelovanja na spomenutoj konferenciji \u201eMo\u017ee li \u201ekraj povijesti\u201c spasiti Hrvatsku?\u201d sudjelovat \u0107e i u drugim programima razgovora i predavanja.<\/p>\n<p>&nbsp;<\/p>\n<p>&#8212;-<\/p>\n<p>&nbsp;<\/p>\n<p>Filozofski fakultet Sveu\u010dili\u0161ta u Zagrebu<\/p>\n<p>&nbsp;<\/p>\n<p>U utorak, 23.5.2017. u 14h, DV-VI, predavanje svim studentima odr\u017eat \u0107e francuski povjesni\u010dar Patrick Boucheron, College de France. Naslov predavanja je: Nacionalne povijesti i mondijalizacija: kako pisati povijest Francuske danas? (Histoires nationales et mondialisation: comment \u00e9crire une histoire de France aujourd\u00b4hui?). Predavanje \u0107e biti prevo\u0111eno.<\/p>\n<p>&nbsp;<\/p>\n<p>U srijedu, 24.5.2017. u 10.00h Novinarskom domu Friedrich Ebert Stiftung i Centar za demokraciju i pravo Miko Tripalo organiziraju konferenciju \u201eMo\u017ee li \u201ekraj povijesti\u201c spasiti Hrvatsku? Politika povijest, povijesni revizionizam i manipuliranje pro\u0161losti u Hrvatskoj. Uvodna izlaganja odr\u017eat \u0107e Patrick Boucheron, Richard Overy, University of Exeter i Christian F. Ostermann, Woodrow Wilson Center, SAD. Prijevod je osiguran.<\/p>\n<p>&nbsp;<\/p>\n<p>Razgovor s Richardom Overyjem u sklopu Zagreb Book Festivala bit \u0107e istoga dana u MUO u 19.00h.<\/p>\n<p>&nbsp;<\/p>\n<p>U \u010detvrtak, 25.5.2017. u 9.30h u D3 predavanje na engleskom jeziku \u201eNew trends in Cold War history research\u201c odr\u017eat \u0107e Christian F. Ostermann, Woodrow Wilson Center, Washington DC.<\/p>\n<p>&nbsp;<\/p>\n<p>Izvor: <a href=\"http:\/\/www.ffzg.unizg.hr\/pov\/pov2\/\">http:\/\/www.ffzg.unizg.hr\/pov\/pov2\/<\/a><\/p>\n<p>&nbsp;<\/p>\n<p>&nbsp;<\/p>\n","protected":false},"excerpt":{"rendered":"","protected":false},"author":2,"featured_media":4462,"comment_status":"open","ping_status":"open","sticky":false,"template":"","format":"standard","meta":{"_acf_changed":false,"jetpack_post_was_ever_published":false,"_jetpack_newsletter_access":"","_jetpack_dont_email_post_to_subs":false,"_jetpack_newsletter_tier_id":0,"_jetpack_memberships_contains_paywalled_content":false,"_jetpack_memberships_contains_paid_content":false,"footnotes":"","jetpack_publicize_message":"","jetpack_publicize_feature_enabled":true,"jetpack_social_post_already_shared":true,"jetpack_social_options":{"image_generator_settings":{"template":"highway","default_image_id":0,"font":"","enabled":false},"version":2}},"categories":[3],"tags":[],"class_list":["post-4468","post","type-post","status-publish","format-standard","has-post-thumbnail","hentry","category-novosti"],"acf":{"facebook_opis":""},"jetpack_publicize_connections":[],"jetpack_featured_media_url":"https:\/\/i0.wp.com\/historiografija.hr\/wp-content\/uploads\/2017\/05\/Moze-li.jpg?fit=748%2C1058&ssl=1","jetpack_sharing_enabled":true,"jetpack-related-posts":[{"id":52496,"url":"https:\/\/historiografija.hr\/?p=52496","url_meta":{"origin":4468,"position":0},"title":"30 godina Podru\u017enice \u2013 Javno predavanje Matea \u010calu\u0161i\u0107a \u201eSlavonski Brod u Domovinskom ratu\u201c","author":"Branimir Jankovi\u0107","date":"17. travnja 2026.","format":false,"excerpt":"U 2026. navr\u0161ava se trideset godina od osnutka Podru\u017enice za povijest Slavonije, Srijema i Baranje Hrvatskoga instituta za povijest. Obilje\u017eavanje ove zna\u010dajne obljetnice zapo\u010dinje ciklusom javnih povijesnih predavanja znanstvenika Instituta. Tre\u0107e po redu je predavanje Matea \u010calu\u0161i\u0107a \u2013 \u201eSLAVONSKI BROD U DOMOVINSKOM RATU\u201c. Predavanje \u0107e se odr\u017eati 21. travnja 2026.\u2026","rel":"","context":"U &quot;Novosti&quot;","block_context":{"text":"Novosti","link":"https:\/\/historiografija.hr\/?cat=3"},"img":{"alt_text":"","src":"https:\/\/i0.wp.com\/historiografija.hr\/wp-content\/uploads\/2026\/04\/Predavanje-Calusic.png?fit=860%2C1200&ssl=1&resize=350%2C200","width":350,"height":200,"srcset":"https:\/\/i0.wp.com\/historiografija.hr\/wp-content\/uploads\/2026\/04\/Predavanje-Calusic.png?fit=860%2C1200&ssl=1&resize=350%2C200 1x, https:\/\/i0.wp.com\/historiografija.hr\/wp-content\/uploads\/2026\/04\/Predavanje-Calusic.png?fit=860%2C1200&ssl=1&resize=525%2C300 1.5x, https:\/\/i0.wp.com\/historiografija.hr\/wp-content\/uploads\/2026\/04\/Predavanje-Calusic.png?fit=860%2C1200&ssl=1&resize=700%2C400 2x"},"classes":[]},{"id":52619,"url":"https:\/\/historiografija.hr\/?p=52619","url_meta":{"origin":4468,"position":1},"title":"Predavanje \u0110ur\u0111ice Vitkovi\u0107 &#8220;Izme\u0111u pera i objektiva: Zagorka i Foto Tonka&#8221;","author":"Branimir Jankovi\u0107","date":"23. travnja 2026.","format":false,"excerpt":"Memorijalni stan Marije Juri\u0107 Zagorke poziva Vas na predavanje \u0110ur\u0111ice Vitkovi\u0107 \u201eIzme\u0111u pera i objektiva: Zagorka i Foto Tonka\u201c koje \u0107e se odr\u017eati u utorak, 28. travnja 2026. s po\u010detkom u 18 h u sklopu Ciklusa predavanja u Memorijalnom stanu Marije Juri\u0107 Zagorke. Kako su se susrele knji\u017eevnost i fotografija\u2026","rel":"","context":"U &quot;Novosti&quot;","block_context":{"text":"Novosti","link":"https:\/\/historiografija.hr\/?cat=3"},"img":{"alt_text":"","src":"https:\/\/i0.wp.com\/historiografija.hr\/wp-content\/uploads\/2024\/11\/Zagorka_ciklus.jpg?fit=1200%2C1006&ssl=1&resize=350%2C200","width":350,"height":200,"srcset":"https:\/\/i0.wp.com\/historiografija.hr\/wp-content\/uploads\/2024\/11\/Zagorka_ciklus.jpg?fit=1200%2C1006&ssl=1&resize=350%2C200 1x, https:\/\/i0.wp.com\/historiografija.hr\/wp-content\/uploads\/2024\/11\/Zagorka_ciklus.jpg?fit=1200%2C1006&ssl=1&resize=525%2C300 1.5x, https:\/\/i0.wp.com\/historiografija.hr\/wp-content\/uploads\/2024\/11\/Zagorka_ciklus.jpg?fit=1200%2C1006&ssl=1&resize=700%2C400 2x, https:\/\/i0.wp.com\/historiografija.hr\/wp-content\/uploads\/2024\/11\/Zagorka_ciklus.jpg?fit=1200%2C1006&ssl=1&resize=1050%2C600 3x"},"classes":[]},{"id":52646,"url":"https:\/\/historiografija.hr\/?p=52646","url_meta":{"origin":4468,"position":2},"title":"5. MALI FESTIVAL POVIJESTI U LASTOVU","author":"Branimir Jankovi\u0107","date":"24. travnja 2026.","format":false,"excerpt":"Peti Mali festival povijesti odr\u017eava se od 25. do 27. travnja 2026. na Lastovu, u suradnji Zavoda za povijesne znanosti HAZU u Dubrovniku, Op\u0107ine Lastovo i Turisti\u010dke zajednice te uz potporu Dubrova\u010dko-neretvanske \u017eupanije. Predavanja: Dr. sc. Jasna \u010capo \u201eKu\u0107a kao zalog budu\u0107nosti i most izme\u0111u iseljenika i domovine\u201c Dr. sc.\u2026","rel":"","context":"U &quot;Novosti&quot;","block_context":{"text":"Novosti","link":"https:\/\/historiografija.hr\/?cat=3"},"img":{"alt_text":"","src":"https:\/\/i0.wp.com\/historiografija.hr\/wp-content\/uploads\/2026\/04\/Lastovo.jpg?fit=1200%2C700&ssl=1&resize=350%2C200","width":350,"height":200,"srcset":"https:\/\/i0.wp.com\/historiografija.hr\/wp-content\/uploads\/2026\/04\/Lastovo.jpg?fit=1200%2C700&ssl=1&resize=350%2C200 1x, https:\/\/i0.wp.com\/historiografija.hr\/wp-content\/uploads\/2026\/04\/Lastovo.jpg?fit=1200%2C700&ssl=1&resize=525%2C300 1.5x, https:\/\/i0.wp.com\/historiografija.hr\/wp-content\/uploads\/2026\/04\/Lastovo.jpg?fit=1200%2C700&ssl=1&resize=700%2C400 2x, https:\/\/i0.wp.com\/historiografija.hr\/wp-content\/uploads\/2026\/04\/Lastovo.jpg?fit=1200%2C700&ssl=1&resize=1050%2C600 3x"},"classes":[]},{"id":52654,"url":"https:\/\/historiografija.hr\/?p=52654","url_meta":{"origin":4468,"position":3},"title":"Gostuju\u0107e predavanje &#8211; Danijel D\u017eino \u201eKasnoanti\u010dke i ranosrednjovjekovne gra\u0111evine u Brezi: Spomenici nepotpune biografije\u201c","author":"Branimir Jankovi\u0107","date":"24. travnja 2026.","format":false,"excerpt":"Doktorski studij predmoderne povijesti poziva na predavanje \"Kasnoanti\u010dke i ranosrednjovjekovne gra\u0111evine u Brezi: Spomenici nepotpune biografije\u201d koje \u0107e odr\u017eati profesor Danijel D\u017eino sa Sveu\u010dili\u0161ta Macquarie u Sydneyu u\u00a0utorak 28. travnja 2026. u 17h u Konferencijskoj dvorani Knji\u017enice Filozofskog fakulteta u Zagrebu. Predavanje \u0107e predo\u010diti nova saznanja dobivena kroz arhivsko-dokumentarna istra\u017eivanja\u2026","rel":"","context":"U &quot;Novosti&quot;","block_context":{"text":"Novosti","link":"https:\/\/historiografija.hr\/?cat=3"},"img":{"alt_text":"","src":"https:\/\/i0.wp.com\/historiografija.hr\/wp-content\/uploads\/2026\/04\/Dzino.jpg?fit=980%2C819&ssl=1&resize=350%2C200","width":350,"height":200,"srcset":"https:\/\/i0.wp.com\/historiografija.hr\/wp-content\/uploads\/2026\/04\/Dzino.jpg?fit=980%2C819&ssl=1&resize=350%2C200 1x, https:\/\/i0.wp.com\/historiografija.hr\/wp-content\/uploads\/2026\/04\/Dzino.jpg?fit=980%2C819&ssl=1&resize=525%2C300 1.5x, https:\/\/i0.wp.com\/historiografija.hr\/wp-content\/uploads\/2026\/04\/Dzino.jpg?fit=980%2C819&ssl=1&resize=700%2C400 2x"},"classes":[]},{"id":52657,"url":"https:\/\/historiografija.hr\/?p=52657","url_meta":{"origin":4468,"position":4},"title":"[Predavanje] Jezik i drugost u (post)socijalisti\u010dkoj Srbiji: diskurzivne politike identiteta (YugoLab)","author":"Branimir Jankovi\u0107","date":"24. travnja 2026.","format":false,"excerpt":"U sklopu projekta Prizma \/ IMAGINATION (\u201eZami\u0161ljanje nacije: srpski nacionalni narativi u sporu (XX\u2013XXI vek)\u201c), koji se realizuje na Institutu za filozofiju i dru\u0161tvenu teoriju Univerziteta u Beogradu (2024\u20132027) uz finansijsku podr\u0161ku Fonda za nauku Republike Srbije, organizuje se serija predavanja na kojoj istra\u017eiva\u010di i istra\u017eiva\u010dice projekta predstavljaju rezultate svojih\u2026","rel":"","context":"U &quot;Novosti&quot;","block_context":{"text":"Novosti","link":"https:\/\/historiografija.hr\/?cat=3"},"img":{"alt_text":"","src":"https:\/\/i0.wp.com\/historiografija.hr\/wp-content\/uploads\/2026\/04\/IFDT_28_IV.png?fit=1200%2C675&ssl=1&resize=350%2C200","width":350,"height":200,"srcset":"https:\/\/i0.wp.com\/historiografija.hr\/wp-content\/uploads\/2026\/04\/IFDT_28_IV.png?fit=1200%2C675&ssl=1&resize=350%2C200 1x, https:\/\/i0.wp.com\/historiografija.hr\/wp-content\/uploads\/2026\/04\/IFDT_28_IV.png?fit=1200%2C675&ssl=1&resize=525%2C300 1.5x, https:\/\/i0.wp.com\/historiografija.hr\/wp-content\/uploads\/2026\/04\/IFDT_28_IV.png?fit=1200%2C675&ssl=1&resize=700%2C400 2x, https:\/\/i0.wp.com\/historiografija.hr\/wp-content\/uploads\/2026\/04\/IFDT_28_IV.png?fit=1200%2C675&ssl=1&resize=1050%2C600 3x"},"classes":[]},{"id":52547,"url":"https:\/\/historiografija.hr\/?p=52547","url_meta":{"origin":4468,"position":5},"title":"ISHA Zagreb \u2013 Filmska ve\u010der: Povratak Martina Guerrea","author":"Branimir Jankovi\u0107","date":"20. travnja 2026.","format":false,"excerpt":"Klub studenata povijesti \u2013 ISHA Zagreb poziva Vas na filmsku ve\u010der na kojoj \u0107e se prikazivati \u201ePovratak Martina Guerrea\u201c, povijesna drama iz 1982. godine s radnjom smje\u0161tenom u 16. stolje\u0107u. Radnja je utemeljena na stvarnoj povijesnoj li\u010dnosti Martina Guerrea koji se nakon mnogo godina izbivanja vra\u0107a u svoje rodno mjesto\u2026","rel":"","context":"U &quot;Filmovi i serije&quot;","block_context":{"text":"Filmovi i serije","link":"https:\/\/historiografija.hr\/?cat=13"},"img":{"alt_text":"","src":"https:\/\/i0.wp.com\/historiografija.hr\/wp-content\/uploads\/2026\/04\/M-Guerre.png?fit=702%2C1006&ssl=1&resize=350%2C200","width":350,"height":200,"srcset":"https:\/\/i0.wp.com\/historiografija.hr\/wp-content\/uploads\/2026\/04\/M-Guerre.png?fit=702%2C1006&ssl=1&resize=350%2C200 1x, https:\/\/i0.wp.com\/historiografija.hr\/wp-content\/uploads\/2026\/04\/M-Guerre.png?fit=702%2C1006&ssl=1&resize=525%2C300 1.5x, https:\/\/i0.wp.com\/historiografija.hr\/wp-content\/uploads\/2026\/04\/M-Guerre.png?fit=702%2C1006&ssl=1&resize=700%2C400 2x"},"classes":[]}],"_links":{"self":[{"href":"https:\/\/historiografija.hr\/index.php?rest_route=\/wp\/v2\/posts\/4468","targetHints":{"allow":["GET"]}}],"collection":[{"href":"https:\/\/historiografija.hr\/index.php?rest_route=\/wp\/v2\/posts"}],"about":[{"href":"https:\/\/historiografija.hr\/index.php?rest_route=\/wp\/v2\/types\/post"}],"author":[{"embeddable":true,"href":"https:\/\/historiografija.hr\/index.php?rest_route=\/wp\/v2\/users\/2"}],"replies":[{"embeddable":true,"href":"https:\/\/historiografija.hr\/index.php?rest_route=%2Fwp%2Fv2%2Fcomments&post=4468"}],"version-history":[{"count":2,"href":"https:\/\/historiografija.hr\/index.php?rest_route=\/wp\/v2\/posts\/4468\/revisions"}],"predecessor-version":[{"id":4470,"href":"https:\/\/historiografija.hr\/index.php?rest_route=\/wp\/v2\/posts\/4468\/revisions\/4470"}],"wp:featuredmedia":[{"embeddable":true,"href":"https:\/\/historiografija.hr\/index.php?rest_route=\/wp\/v2\/media\/4462"}],"wp:attachment":[{"href":"https:\/\/historiografija.hr\/index.php?rest_route=%2Fwp%2Fv2%2Fmedia&parent=4468"}],"wp:term":[{"taxonomy":"category","embeddable":true,"href":"https:\/\/historiografija.hr\/index.php?rest_route=%2Fwp%2Fv2%2Fcategories&post=4468"},{"taxonomy":"post_tag","embeddable":true,"href":"https:\/\/historiografija.hr\/index.php?rest_route=%2Fwp%2Fv2%2Ftags&post=4468"}],"curies":[{"name":"wp","href":"https:\/\/api.w.org\/{rel}","templated":true}]}}