{"id":44678,"date":"2025-02-04T22:53:09","date_gmt":"2025-02-04T22:53:09","guid":{"rendered":"https:\/\/historiografija.hr\/?p=44678"},"modified":"2025-02-04T22:57:49","modified_gmt":"2025-02-04T22:57:49","slug":"zbornik-radova-historija-roma-u-bosni-i-hercegovini","status":"publish","type":"post","link":"https:\/\/historiografija.hr\/?p=44678","title":{"rendered":"Zbornik radova \u201cHistorija Roma u Bosni i Hercegovini\u201d"},"content":{"rendered":"\n<p>Institut za historiju Univerziteta u Sarajevu i Institut dru\u0161tvenih znanosti Ivo Pilar iz Zagreba objavili su zbornik radova \u201cHistorija Roma u Bosni i Hercegovini\u201d koji su uredili Danijel Vojak i Sanja Gladanac-Petrovi\u0107. Zbornik je krajnji rezultat me\u0111unarodne nau\u010dne konferencije koja je u suorganizaciji dva instituta odr\u017eana 2024. godine u Sarajevu s ciljem da potakne na razgovor i nau\u010dno istra\u017eivanje istra\u017eiva\u010de iz Bosne i Hercegovine i drugih zemalja koji svojim nau\u010dnim radom mogu doprinijeti razumijevanju kompleksne historije Roma u Bosni i Hercegovini. Kroz deset \u010dlanaka autori iz Bosne i Hercegovine, Hrvatske, Njema\u010dke, \u0160vicarske u Zborniku su rekonstruisali razli\u010dite epizode iz pro\u0161losti bosanskohercegova\u010dkih Roma od osmanskog do socijalisti\u010dkog perioda, komparirali su iskustva Roma s drugim narodima te su ukazali na potencijal historijskih izvora za istra\u017eivanje njihove pro\u0161losti.<\/p>\n\n\n\n<hr class=\"wp-block-separator has-alpha-channel-opacity\"\/>\n\n\n\n<p>Izvor i dodatne obavijesti:<\/p>\n\n\n\n<p><a href=\"https:\/\/historiografija.ba\/knjige\/bosna-i-hercegovina\/zbornik-o-historiji-roma-u-bosni-i-hercegovini\">https:\/\/historiografija.ba\/knjige\/bosna-i-hercegovina\/zbornik-o-historiji-roma-u-bosni-i-hercegovini<\/a><\/p>\n\n\n\n<hr class=\"wp-block-separator has-alpha-channel-opacity\"\/>\n\n\n\n<p>Iz medija:<\/p>\n\n\n\n<p><a href=\"https:\/\/www.newipe.net\/2025\/01\/31\/objavljen-zbornik-radova-historija-roma-u-bosni-i-hercegovini\">https:\/\/www.newipe.net\/2025\/01\/31\/objavljen-zbornik-radova-historija-roma-u-bosni-i-hercegovini<\/a><\/p>\n\n\n\n<figure class=\"wp-block-embed is-type-wp-embed is-provider-phralipen wp-block-embed-phralipen\"><div class=\"wp-block-embed__wrapper\">\n<blockquote class=\"wp-embedded-content\" data-secret=\"in1QcDBG90\"><a href=\"https:\/\/phralipen.hr\/2025\/02\/04\/iznimno-vazan-iskorak-objavljen-zbornik-o-povijesti-roma-u-bih\/\">Iznimno va\u017ean iskorak &#8211; Objavljen zbornik o povijesti Roma u BiH<\/a><\/blockquote><iframe loading=\"lazy\" class=\"wp-embedded-content\" sandbox=\"allow-scripts\" security=\"restricted\" style=\"position: absolute; visibility: hidden;\" title=\"&#8220;Iznimno va\u017ean iskorak &#8211; Objavljen zbornik o povijesti Roma u BiH&#8221; &#8212; Phralipen\" src=\"https:\/\/phralipen.hr\/2025\/02\/04\/iznimno-vazan-iskorak-objavljen-zbornik-o-povijesti-roma-u-bih\/embed\/#?secret=in1QcDBG90\" data-secret=\"in1QcDBG90\" width=\"600\" height=\"338\" frameborder=\"0\" marginwidth=\"0\" marginheight=\"0\" scrolling=\"no\"><\/iframe>\n<\/div><\/figure>\n\n\n\n<hr class=\"wp-block-separator has-alpha-channel-opacity\"\/>\n","protected":false},"excerpt":{"rendered":"","protected":false},"author":2,"featured_media":44679,"comment_status":"open","ping_status":"open","sticky":false,"template":"","format":"standard","meta":{"_acf_changed":false,"jetpack_post_was_ever_published":false,"_jetpack_newsletter_access":"","_jetpack_dont_email_post_to_subs":false,"_jetpack_newsletter_tier_id":0,"_jetpack_memberships_contains_paywalled_content":false,"_jetpack_memberships_contains_paid_content":false,"footnotes":"","jetpack_publicize_message":"","jetpack_publicize_feature_enabled":true,"jetpack_social_post_already_shared":true,"jetpack_social_options":{"image_generator_settings":{"template":"highway","default_image_id":0,"font":"","enabled":false},"version":2}},"categories":[8,3],"tags":[],"class_list":["post-44678","post","type-post","status-publish","format-standard","has-post-thumbnail","hentry","category-knjige","category-novosti"],"acf":{"facebook_opis":""},"jetpack_publicize_connections":[],"jetpack_featured_media_url":"https:\/\/i0.wp.com\/historiografija.hr\/wp-content\/uploads\/2025\/02\/Romi.jpg?fit=450%2C488&ssl=1","jetpack_sharing_enabled":true,"jetpack-related-posts":[],"_links":{"self":[{"href":"https:\/\/historiografija.hr\/index.php?rest_route=\/wp\/v2\/posts\/44678","targetHints":{"allow":["GET"]}}],"collection":[{"href":"https:\/\/historiografija.hr\/index.php?rest_route=\/wp\/v2\/posts"}],"about":[{"href":"https:\/\/historiografija.hr\/index.php?rest_route=\/wp\/v2\/types\/post"}],"author":[{"embeddable":true,"href":"https:\/\/historiografija.hr\/index.php?rest_route=\/wp\/v2\/users\/2"}],"replies":[{"embeddable":true,"href":"https:\/\/historiografija.hr\/index.php?rest_route=%2Fwp%2Fv2%2Fcomments&post=44678"}],"version-history":[{"count":2,"href":"https:\/\/historiografija.hr\/index.php?rest_route=\/wp\/v2\/posts\/44678\/revisions"}],"predecessor-version":[{"id":44681,"href":"https:\/\/historiografija.hr\/index.php?rest_route=\/wp\/v2\/posts\/44678\/revisions\/44681"}],"wp:featuredmedia":[{"embeddable":true,"href":"https:\/\/historiografija.hr\/index.php?rest_route=\/wp\/v2\/media\/44679"}],"wp:attachment":[{"href":"https:\/\/historiografija.hr\/index.php?rest_route=%2Fwp%2Fv2%2Fmedia&parent=44678"}],"wp:term":[{"taxonomy":"category","embeddable":true,"href":"https:\/\/historiografija.hr\/index.php?rest_route=%2Fwp%2Fv2%2Fcategories&post=44678"},{"taxonomy":"post_tag","embeddable":true,"href":"https:\/\/historiografija.hr\/index.php?rest_route=%2Fwp%2Fv2%2Ftags&post=44678"}],"curies":[{"name":"wp","href":"https:\/\/api.w.org\/{rel}","templated":true}]}}