{"id":44667,"date":"2025-02-03T22:06:11","date_gmt":"2025-02-03T22:06:11","guid":{"rendered":"https:\/\/historiografija.hr\/?p=44667"},"modified":"2025-02-03T22:06:11","modified_gmt":"2025-02-03T22:06:11","slug":"izlozba-grad-vilnius-na-starim-fotografijama","status":"publish","type":"post","link":"https:\/\/historiografija.hr\/?p=44667","title":{"rendered":"Izlo\u017eba \u201eGrad Vilnius na starim fotografijama\u201c"},"content":{"rendered":"\n<p><strong>Aula Knji\u017enice Filozofskoga fakulteta u Zagrebu, 10.\u201322. velja\u010de 2025.<\/strong><\/p>\n\n\n\n<hr class=\"wp-block-separator has-alpha-channel-opacity\"\/>\n\n\n\n<p>Pozivamo vas na otvorenje izlo\u017ebe <em>Grad Vilnius na starim fotografijama <\/em>koje \u0107e se odr\u017eati u <strong>ponedjeljak 10. velja\u010de 2025. u 12 sati u auli Knji\u017enice <\/strong>Filozofskoga fakulteta Sveu\u010dili\u0161ta u Zagrebu.<\/p>\n\n\n\n<p>Izlo\u017eba predstavlja izbor fotografija koje su od 1870-ih do kraja 1930-ih snimili neki od najzna\u010dajnijih profesionalnih fotografa aktivnih u Vilniusu poput J\u00f3zefa Czechowicza, Stanis\u0142awa Filiberta Fleuryja i Jana Bu\u0142haka. Na izlo\u017eenim fotografijama zabilje\u017een je \u0161irok dijapazon motiva litavske prijestolnice koja je danas pod za\u0161titom UNESCO-a \u2013 od panorama Vilniusa i prizora s ulica stare gradske jezgre do okolice grada i snimaka spomenika i razli\u010ditih arhitektonskih objekata (crkava, samostana, pala\u010da itd.) te scena gradskoga \u017eivota i svakodnevice. Predstavljene fotografije posjetiteljima pru\u017eaju uvid u mijene grada Vilniusa tijekom 19. i 20. stolje\u0107a, ali i svjedo\u010de o ulozi fotografije u rekonstrukciji minulih vremena.<\/p>\n\n\n\n<p>U auli Knji\u017enice Filozofskoga fakulteta izlo\u017eene su presnimke fotografija koje se nalaze u fundusu Litavskoga nacionalnog muzeja, a koje se mogu razgledati do subote 22. velja\u010de 2025.<\/p>\n\n\n\n<p>Izlo\u017ebu su organizirali Litavski nacionalni muzej, Veleposlanstvo Litve u Republici Hrvatskoj i Filozofski fakultet Sveu\u010dili\u0161ta u Zagrebu.<\/p>\n\n\n\n<hr class=\"wp-block-separator has-alpha-channel-opacity\"\/>\n\n\n\n<p>Izvor:<\/p>\n\n\n\n<figure class=\"wp-block-embed is-type-wp-embed is-provider-filozofski-fakultet-sveu-ili-ta-u-zagrebu wp-block-embed-filozofski-fakultet-sveu-ili-ta-u-zagrebu\"><div class=\"wp-block-embed__wrapper\">\n<blockquote class=\"wp-embedded-content\" data-secret=\"GdkNeUSmXk\"><a href=\"https:\/\/web2020.ffzg.unizg.hr\/blog\/2025\/02\/03\/izlozba-grad-vilnius-na-starim-fotografijama\/\">Izlo\u017eba &#8221;Grad Vilnius na starim fotografijama&#8221;<\/a><\/blockquote><iframe loading=\"lazy\" class=\"wp-embedded-content\" sandbox=\"allow-scripts\" security=\"restricted\" style=\"position: absolute; visibility: hidden;\" title=\"&#8220;Izlo\u017eba &#8221;Grad Vilnius na starim fotografijama&#8221;&#8221; &#8212; Filozofski fakultet Sveu\u010dili\u0161ta u Zagrebu\" src=\"https:\/\/web2020.ffzg.unizg.hr\/blog\/2025\/02\/03\/izlozba-grad-vilnius-na-starim-fotografijama\/embed\/#?secret=GdkNeUSmXk\" data-secret=\"GdkNeUSmXk\" width=\"600\" height=\"338\" frameborder=\"0\" marginwidth=\"0\" marginheight=\"0\" scrolling=\"no\"><\/iframe>\n<\/div><\/figure>\n\n\n\n<hr class=\"wp-block-separator has-alpha-channel-opacity\"\/>\n","protected":false},"excerpt":{"rendered":"","protected":false},"author":2,"featured_media":44668,"comment_status":"open","ping_status":"open","sticky":false,"template":"","format":"standard","meta":{"_acf_changed":false,"jetpack_post_was_ever_published":false,"_jetpack_newsletter_access":"","_jetpack_dont_email_post_to_subs":false,"_jetpack_newsletter_tier_id":0,"_jetpack_memberships_contains_paywalled_content":false,"_jetpack_memberships_contains_paid_content":false,"footnotes":"","jetpack_publicize_message":"","jetpack_publicize_feature_enabled":true,"jetpack_social_post_already_shared":true,"jetpack_social_options":{"image_generator_settings":{"template":"highway","default_image_id":0,"font":"","enabled":false},"version":2}},"categories":[10,3],"tags":[],"class_list":["post-44667","post","type-post","status-publish","format-standard","has-post-thumbnail","hentry","category-izlozbe","category-novosti"],"acf":{"facebook_opis":""},"jetpack_publicize_connections":[],"jetpack_featured_media_url":"https:\/\/i0.wp.com\/historiografija.hr\/wp-content\/uploads\/2025\/02\/Vilnius.jpg?fit=1213%2C993&ssl=1","jetpack_sharing_enabled":true,"jetpack-related-posts":[],"_links":{"self":[{"href":"https:\/\/historiografija.hr\/index.php?rest_route=\/wp\/v2\/posts\/44667","targetHints":{"allow":["GET"]}}],"collection":[{"href":"https:\/\/historiografija.hr\/index.php?rest_route=\/wp\/v2\/posts"}],"about":[{"href":"https:\/\/historiografija.hr\/index.php?rest_route=\/wp\/v2\/types\/post"}],"author":[{"embeddable":true,"href":"https:\/\/historiografija.hr\/index.php?rest_route=\/wp\/v2\/users\/2"}],"replies":[{"embeddable":true,"href":"https:\/\/historiografija.hr\/index.php?rest_route=%2Fwp%2Fv2%2Fcomments&post=44667"}],"version-history":[{"count":1,"href":"https:\/\/historiografija.hr\/index.php?rest_route=\/wp\/v2\/posts\/44667\/revisions"}],"predecessor-version":[{"id":44669,"href":"https:\/\/historiografija.hr\/index.php?rest_route=\/wp\/v2\/posts\/44667\/revisions\/44669"}],"wp:featuredmedia":[{"embeddable":true,"href":"https:\/\/historiografija.hr\/index.php?rest_route=\/wp\/v2\/media\/44668"}],"wp:attachment":[{"href":"https:\/\/historiografija.hr\/index.php?rest_route=%2Fwp%2Fv2%2Fmedia&parent=44667"}],"wp:term":[{"taxonomy":"category","embeddable":true,"href":"https:\/\/historiografija.hr\/index.php?rest_route=%2Fwp%2Fv2%2Fcategories&post=44667"},{"taxonomy":"post_tag","embeddable":true,"href":"https:\/\/historiografija.hr\/index.php?rest_route=%2Fwp%2Fv2%2Ftags&post=44667"}],"curies":[{"name":"wp","href":"https:\/\/api.w.org\/{rel}","templated":true}]}}