{"id":44649,"date":"2025-01-31T20:11:40","date_gmt":"2025-01-31T20:11:40","guid":{"rendered":"https:\/\/historiografija.hr\/?p=44649"},"modified":"2025-01-31T20:11:40","modified_gmt":"2025-01-31T20:11:40","slug":"vine-mihaljevic-fra-mato-matija-e-divkovic-iz-mletacke-perspektive","status":"publish","type":"post","link":"https:\/\/historiografija.hr\/?p=44649","title":{"rendered":"Vine Mihaljevi\u0107, \u201eFRA MATO (MATIJA\/E) DIVKOVI\u0106 \u2013 IZ MLETA\u010cKE PERSPEKTIVE\u201c"},"content":{"rendered":"\n<p><strong>Kao 47. knjiga Biblioteke STUDIJE Instituta dru\u0161tvenih znanosti Ivo Pilar objavljena je studija Vine Mihaljevi\u0107a FRA MATO (MATIJA\/E) DIVKOVI\u0106 \u2013 IZ MLETA\u010cKE PERSPEKTIVE<\/strong><\/p>\n\n\n\n<p><em>U ovome tekstu cilj je \u2026 sustavno i kriti\u010dki analizirati, opisati te interpretirati dokumente o Divkovi\u0107u koji se nalaze u mleta\u010dkim arhivima \u2026 Iz uvida u sadr\u017eaj velikog <\/em>Nauka krstjanskoga<em> posebice je nagla\u0161ena tema \u00bbstraha Bo\u017ejega\u00ab koja je obilje\u017eila srednjovjekovnu pastoralnu teologiju straha. Na koncu donesen je prilog, naime, rasprava o <\/em>editio princeps<em> Divkovi\u0107evoga malog <\/em>Nauka krstjanskog<em> koji se nalazi u Vatikanskoj knji\u017enici.<\/em> \u2013 Iz Uvoda<\/p>\n\n\n\n<p><strong>Vine Mihaljevi\u0107<\/strong><br><strong>FRA MATO (MATIJA\/E) DIVKOVI\u0106 \u2013 IZ MLETA\u010cKE PERSPEKTIVE<\/strong><br><strong>Biblioteka Studije. \u2013 Knjiga 47.<\/strong><br><strong>Institut dru\u0161tvenih znanosti Ivo Pilar<\/strong><br><strong>Zagreb, 2024. \u2013 200 str.<\/strong><br><strong>ISBN 978-953-8404-21-4<\/strong><\/p>\n\n\n\n<p>Sadr\u017eaj<\/p>\n\n\n\n<p>\u2013 <a href=\"https:\/\/www.pilar.hr\/wp-content\/uploads\/2025\/01\/Divkovic_omot.pdf\">Omot<\/a> | <a href=\"https:\/\/www.pilar.hr\/wp-content\/uploads\/2025\/01\/Divkovic_impresum.pdf\">Impresum<\/a> | <a href=\"https:\/\/www.pilar.hr\/wp-content\/uploads\/2025\/01\/Divkovic_sadrzaj.pdf\">Sadr\u017eaj<\/a><\/p>\n\n\n\n<p><a href=\"https:\/\/www.pilar.hr\/wp-content\/uploads\/2025\/01\/Divkovic_uvod.pdf\">Uvod<\/a><br>I. POVIJESNI I PASTORALNI KONTEKST DIVKOVI\u0106EVIH DJELA<br>Europska kateheza u vrijeme fra Mate Divkovi\u0107a<br>Kateheza i katekizmi u Hrvatskoj u vrijeme fra Mate Divkovi\u0107a<br>Katekizmi u Bosni i Hercegovini u vrijeme fra Mate Divkovi\u0107a<br>Opus fra Mate Divkovi\u0107a<br>Utjecaj Divkovi\u0107evih djela<br>Struktura Divkovi\u0107eva Nauka krstjanskoga 1611.<br>Neki teolo\u0161ko-pastoralni vidovi Divkovi\u0107eva opusa<br>Aktualnost opusa fra Mate Divkovi\u0107a<br>Fra Mate Divkovi\u0107 i hrvatska franjeva\u010dka knji\u017eevnost u Bosni i Hercegovini<br>II. FRA MATE DIVKOVI\u0106 IZ MLETA\u010cKE PERSPEKTIVE<br>Reformatori studija u Padovi<br>Vije\u0107e desetorice u Veneciji<br>Knjigotiskarstvo u Veneciji<br>Dopu\u0161tenja za tisak djela fra Mate Divkovi\u0107a<br>Fra Mato Divkovi\u0107 i Hrvatska bratov\u0161tina sv. Jurja i Tripuna u Mlecima<br>Varijacije imena i prezimena fra Mate Divkovi\u0107a<br>Ina\u010dica imena i prezimena fra Mate Divkovi\u0107a u franjeva\u010dkoj historiografiji<br>Mleta\u010dka ina\u010dica imena i prezimena fra Mate Divkovi\u0107a<br>Rimska ina\u010dica imena i prezimena fra Mate Divkovi\u0107a<br>III. PASTORAL STRAHA U DIVKOVI\u0106EVOM NAUKU KRSTJANSKOME 1611.<br>Epistemologija pojma \u00bbstrah\u00ab<br>Strah Bo\u017eji u povijesno-biblijskom poimanju<br>Strah u Katekizmu Katoli\u010dke Crkve<br>Strah u Zakoniku kanonskog prava<br>Pastoralna teologija straha<br>Povijesni osvrt na grijeh<br>Grijeh u Starom zavjetu<br>Grijeh u Novom zavjetu<br>Poimanje straha Bo\u017ejega u Divkovi\u0107evom Nauku krstjanskome (1611)<br>Isus Krist: ideal kr\u0161\u0107anskog spasenja<br>Osnovno na\u010delo kr\u0161\u0107anskog djelovanja strah Bo\u017eji<br>Isukrst: put spasenja i spasenje<br>Obveze dobrog kr\u0161\u0107anina<br>Posljednja \u010dovjekova iskustva i strah Bo\u017eji: smrt u Divkovi\u0107evom Nauku krstjanskome (1611)<br>Duhovna sredstva za nadvladavanje straha od gubljenja spasenja<br>PRILOG<br>Polemika i osporavanje teksta o Divkovi\u0107evom izvorniku malog Nauka krstjanskoga u Vatikanskoj knji\u017enici u Rimu<br><a href=\"https:\/\/www.pilar.hr\/wp-content\/uploads\/2025\/01\/Divkovic_zakljucak.pdf\">Zaklju\u010dak<\/a><br>Izvori<br>Literatura<br><a href=\"https:\/\/www.pilar.hr\/wp-content\/uploads\/2025\/01\/Divkovic_sazetak.pdf\">Sa\u017eetak<\/a><br><a href=\"https:\/\/www.pilar.hr\/wp-content\/uploads\/2025\/01\/Divkovic_summary.pdf\">Summary<\/a><br>Imensko kazalo<\/p>\n\n\n\n<p>Iz recenzija<\/p>\n\n\n\n<p>S obzirom na to da je u suvremenoj hrvatskoj i inozemnoj literature tema fra Mate (Matije) Divkovi\u0107a relativno dobro zastupljena, autor ovim rukopisom pronalazi novu ni\u0161u i promatra ovu slo\u017eenu temu iz novog \u2013 mleta\u010dkog o\u010di\u0161ta. [\u2026] Uz to, novim spoznajama, ili bolje re\u010deno iz nove perspektive, rukopis pokazuje kako je fra Mato Divkovi\u0107 povezao bosansku knji\u017eevnost na narodnom jeziku sa zapadnoeuropskim izvorima popularnom propovjedni\u010dkom prozom usmjerenom na cjelokupnu kr\u0161\u0107ansku javnost, odnosno kako je Divkovi\u0107 izravno povezan za hrvatsku knji\u017eevnu tradiciju s kojom dijeli iste strane uzore te \u017eanrovski i tematski repertoar religijske knji\u017eevnosti.<br><em>Dr. sc. Ivana \u017debec \u0160ilj<\/em><\/p>\n\n\n\n<p>Ova je studija prva cjelovita i sustavna monografija o Mati(ji) Divkovi\u0107u i njegovu djelu iz mleta\u010dke perspektive. Namijenjena je ponajprije ekspertima i poznavateljima religiozno-katehetske tematike posttridentinske katoli\u010dke obnove, kao i povjesnicima i istra\u017eiva\u010dima prilika i povijesnih okolnosti renesanse i po\u010detaka moderne.<br><em>Prof. dr. sc. Stipe Tadi\u0107<\/em><\/p>\n\n\n\n<hr class=\"wp-block-separator has-alpha-channel-opacity\"\/>\n\n\n\n<p>Izvor:<\/p>\n\n\n\n<figure class=\"wp-block-embed is-type-wp-embed is-provider-institut-dru-tvenih-znanosti-ivo-pilar wp-block-embed-institut-dru-tvenih-znanosti-ivo-pilar\"><div class=\"wp-block-embed__wrapper\">\n<blockquote class=\"wp-embedded-content\" data-secret=\"pm7Y5faSTw\"><a href=\"https:\/\/www.pilar.hr\/2025\/01\/objavljena-studija-vine-mihaljevica-fra-mato-matija-e-divkovic-iz-mletacke-perspektive\/\">Objavljena studija Vine Mihaljevi\u0107a FRA MATO (MATIJA\/E) DIVKOVI\u0106 \u2013 IZ MLETA\u010cKE PERSPEKTIVE<\/a><\/blockquote><iframe loading=\"lazy\" class=\"wp-embedded-content\" sandbox=\"allow-scripts\" security=\"restricted\" style=\"position: absolute; visibility: hidden;\" title=\"&#8220;Objavljena studija Vine Mihaljevi\u0107a FRA MATO (MATIJA\/E) DIVKOVI\u0106 \u2013 IZ MLETA\u010cKE PERSPEKTIVE&#8221; &#8212; Institut dru\u0161tvenih znanosti Ivo Pilar\" src=\"https:\/\/www.pilar.hr\/2025\/01\/objavljena-studija-vine-mihaljevica-fra-mato-matija-e-divkovic-iz-mletacke-perspektive\/embed\/#?secret=4rawrUDbKs#?secret=pm7Y5faSTw\" data-secret=\"pm7Y5faSTw\" width=\"600\" height=\"338\" frameborder=\"0\" marginwidth=\"0\" marginheight=\"0\" scrolling=\"no\"><\/iframe>\n<\/div><\/figure>\n\n\n\n<hr class=\"wp-block-separator has-alpha-channel-opacity\"\/>\n\n\n\n<p>Obavijest je objavljena i na portalu <strong>Historiografija.ba<\/strong>:<\/p>\n\n\n\n<p><a href=\"https:\/\/historiografija.ba\/knjige\/jugoistocna-evropa\/fra-matija-divkovic-iz-mletacke-perspektive\">https:\/\/historiografija.ba\/knjige\/jugoistocna-evropa\/fra-matija-divkovic-iz-mletacke-perspektive<\/a><\/p>\n\n\n\n<hr class=\"wp-block-separator has-alpha-channel-opacity\"\/>\n\n\n\n<p><\/p>\n","protected":false},"excerpt":{"rendered":"","protected":false},"author":2,"featured_media":44650,"comment_status":"open","ping_status":"open","sticky":false,"template":"","format":"standard","meta":{"_acf_changed":false,"jetpack_post_was_ever_published":false,"_jetpack_newsletter_access":"","_jetpack_dont_email_post_to_subs":false,"_jetpack_newsletter_tier_id":0,"_jetpack_memberships_contains_paywalled_content":false,"_jetpack_memberships_contains_paid_content":false,"footnotes":"","jetpack_publicize_message":"","jetpack_publicize_feature_enabled":true,"jetpack_social_post_already_shared":true,"jetpack_social_options":{"image_generator_settings":{"template":"highway","default_image_id":0,"font":"","enabled":false},"version":2}},"categories":[8,3],"tags":[],"class_list":["post-44649","post","type-post","status-publish","format-standard","has-post-thumbnail","hentry","category-knjige","category-novosti"],"acf":{"facebook_opis":""},"jetpack_publicize_connections":[],"jetpack_featured_media_url":"https:\/\/i0.wp.com\/historiografija.hr\/wp-content\/uploads\/2025\/01\/Divkovic.jpg?fit=222%2C314&ssl=1","jetpack_sharing_enabled":true,"jetpack-related-posts":[],"_links":{"self":[{"href":"https:\/\/historiografija.hr\/index.php?rest_route=\/wp\/v2\/posts\/44649","targetHints":{"allow":["GET"]}}],"collection":[{"href":"https:\/\/historiografija.hr\/index.php?rest_route=\/wp\/v2\/posts"}],"about":[{"href":"https:\/\/historiografija.hr\/index.php?rest_route=\/wp\/v2\/types\/post"}],"author":[{"embeddable":true,"href":"https:\/\/historiografija.hr\/index.php?rest_route=\/wp\/v2\/users\/2"}],"replies":[{"embeddable":true,"href":"https:\/\/historiografija.hr\/index.php?rest_route=%2Fwp%2Fv2%2Fcomments&post=44649"}],"version-history":[{"count":1,"href":"https:\/\/historiografija.hr\/index.php?rest_route=\/wp\/v2\/posts\/44649\/revisions"}],"predecessor-version":[{"id":44651,"href":"https:\/\/historiografija.hr\/index.php?rest_route=\/wp\/v2\/posts\/44649\/revisions\/44651"}],"wp:featuredmedia":[{"embeddable":true,"href":"https:\/\/historiografija.hr\/index.php?rest_route=\/wp\/v2\/media\/44650"}],"wp:attachment":[{"href":"https:\/\/historiografija.hr\/index.php?rest_route=%2Fwp%2Fv2%2Fmedia&parent=44649"}],"wp:term":[{"taxonomy":"category","embeddable":true,"href":"https:\/\/historiografija.hr\/index.php?rest_route=%2Fwp%2Fv2%2Fcategories&post=44649"},{"taxonomy":"post_tag","embeddable":true,"href":"https:\/\/historiografija.hr\/index.php?rest_route=%2Fwp%2Fv2%2Ftags&post=44649"}],"curies":[{"name":"wp","href":"https:\/\/api.w.org\/{rel}","templated":true}]}}