{"id":44646,"date":"2025-01-31T20:03:06","date_gmt":"2025-01-31T20:03:06","guid":{"rendered":"https:\/\/historiografija.hr\/?p=44646"},"modified":"2025-01-31T20:03:06","modified_gmt":"2025-01-31T20:03:06","slug":"iva-beljan-kovacic-izmedu-mitskog-i-racionalnog-svjetonazori-bosanskohercegovackih-katolika-od-17-do-19-stoljeca-knjiga-i","status":"publish","type":"post","link":"https:\/\/historiografija.hr\/?p=44646","title":{"rendered":"Iva Beljan Kova\u010di\u0107, \u201eIZME\u0110U MITSKOG I RACIONALNOG. Svjetonazori bosanskohercegova\u010dkih katolika od 17. do 19. stolje\u0107a, Knjiga I.\u201c"},"content":{"rendered":"\n<p><strong>Izdava\u010d<\/strong>: Hrvatska sveu\u010dili\u0161na naklada d.o.o.<br><strong>Godina izdavanja<\/strong>: 2024<br><strong>Op\u0107e informacije<\/strong>: 462 str.<\/p>\n\n\n\n<hr class=\"wp-block-separator has-alpha-channel-opacity\"\/>\n\n\n\n<p>U knjizi Izme\u0111u mitskog i racionalnog: svjetonazori bosanskohercegova\u010dkih katolika od 17. do 19. stolje\u0107a dr. sc. Iva Beljan Kova\u010di\u0107 istra\u017euje ranonovovjekovnu bosanskohercegova\u010dku (ali i zapadnoeuropsku) katoli\u010dku kulturu, koncentriraju\u0107i se u prvom redu na njezinu unutarnju dimenziju: na vrijednosni sustav, sustav normi i korekcija, predod\u017ebe Boga, svijeta i ljudske uloge u svijetu, odnos prema tijelu, poimanje identiteta i hijerarhije. Taj se svijet analizira i interpretira u okviru koji je najve\u0107im dijelom zasnovan na integralnoj teoriji Kena Wilbera i njegovim kulturnim svjetonazorima, \u010dija promi\u0161ljanja prelaze granice znanstvenoga nadahnu\u0107a, poti\u010du\u0107i duboku duhovnu radost i odu\u0161evljenje.<\/p>\n\n\n\n<p>Kulturu bosanskohercegova\u010dkih katolika autorica promatra u dvostrukoj optici: s jedne strane prati njezinu uklopljenost u tokove zapadnoeuropske posttridentske crkvene kulture, a s druge strane propituje njezine posebnosti te kontekst u kojem nastaje. Objavljeni prvi svezak studije (od dva planirana) primarno je koncentriran na prvi od spomenutih zadataka.<\/p>\n\n\n\n<p>Autorica temelji zapa\u017eanja na analizi \u0161irokoga spektra tekstova, po\u010dev\u0161i od religiozno-didakti\u010dnih preko narativnih do historiografskih i crkvenopravnih. Zahva\u0107aju\u0107i \u0161irok krug pojava, studija pru\u017ea pogled u svjetonazor bosanskohercegova\u010dkoga katolicizma, ali na \u0161irem planu europskoga katolicizma i zapadnoga kr\u0161\u0107anstva. Na tematskoj se razini bavi problematikom oblikovanja predod\u017eaba o svijetu, tijelu, hijerarhiji, autoritetu, identitetu, vrijednostima. Na metodolo\u0161koj razini nudi obrazac koji mo\u017ee poslu\u017eiti u novim istra\u017eivanjima ranonovovjekovne hrvatske i bosanskohercegova\u010dke kulture.<\/p>\n\n\n\n<hr class=\"wp-block-separator has-alpha-channel-opacity\"\/>\n\n\n\n<p>Izvor:<\/p>\n\n\n\n<p><a href=\"https:\/\/www.hsn.hr\/product\/1630\/izmedu-mitskog-i-racionalnog-svjetonazori-bosanskohercegovackih-katolika-od-17-do-19-stoljeca-knjiga-i\">https:\/\/www.hsn.hr\/product\/1630\/izmedu-mitskog-i-racionalnog-svjetonazori-bosanskohercegovackih-katolika-od-17-do-19-stoljeca-knjiga-i<\/a><\/p>\n\n\n\n<hr class=\"wp-block-separator has-alpha-channel-opacity\"\/>\n","protected":false},"excerpt":{"rendered":"","protected":false},"author":2,"featured_media":44647,"comment_status":"open","ping_status":"open","sticky":false,"template":"","format":"standard","meta":{"_acf_changed":false,"jetpack_post_was_ever_published":false,"_jetpack_newsletter_access":"","_jetpack_dont_email_post_to_subs":false,"_jetpack_newsletter_tier_id":0,"_jetpack_memberships_contains_paywalled_content":false,"_jetpack_memberships_contains_paid_content":false,"footnotes":"","jetpack_publicize_message":"","jetpack_publicize_feature_enabled":true,"jetpack_social_post_already_shared":true,"jetpack_social_options":{"image_generator_settings":{"template":"highway","default_image_id":0,"font":"","enabled":false},"version":2}},"categories":[8,3],"tags":[],"class_list":["post-44646","post","type-post","status-publish","format-standard","has-post-thumbnail","hentry","category-knjige","category-novosti"],"acf":{"facebook_opis":""},"jetpack_publicize_connections":[],"jetpack_featured_media_url":"https:\/\/i0.wp.com\/historiografija.hr\/wp-content\/uploads\/2025\/01\/IZMEDJU_MITSKOG_IRACIONALNOG.png?fit=509%2C784&ssl=1","jetpack_sharing_enabled":true,"jetpack-related-posts":[],"_links":{"self":[{"href":"https:\/\/historiografija.hr\/index.php?rest_route=\/wp\/v2\/posts\/44646","targetHints":{"allow":["GET"]}}],"collection":[{"href":"https:\/\/historiografija.hr\/index.php?rest_route=\/wp\/v2\/posts"}],"about":[{"href":"https:\/\/historiografija.hr\/index.php?rest_route=\/wp\/v2\/types\/post"}],"author":[{"embeddable":true,"href":"https:\/\/historiografija.hr\/index.php?rest_route=\/wp\/v2\/users\/2"}],"replies":[{"embeddable":true,"href":"https:\/\/historiografija.hr\/index.php?rest_route=%2Fwp%2Fv2%2Fcomments&post=44646"}],"version-history":[{"count":1,"href":"https:\/\/historiografija.hr\/index.php?rest_route=\/wp\/v2\/posts\/44646\/revisions"}],"predecessor-version":[{"id":44648,"href":"https:\/\/historiografija.hr\/index.php?rest_route=\/wp\/v2\/posts\/44646\/revisions\/44648"}],"wp:featuredmedia":[{"embeddable":true,"href":"https:\/\/historiografija.hr\/index.php?rest_route=\/wp\/v2\/media\/44647"}],"wp:attachment":[{"href":"https:\/\/historiografija.hr\/index.php?rest_route=%2Fwp%2Fv2%2Fmedia&parent=44646"}],"wp:term":[{"taxonomy":"category","embeddable":true,"href":"https:\/\/historiografija.hr\/index.php?rest_route=%2Fwp%2Fv2%2Fcategories&post=44646"},{"taxonomy":"post_tag","embeddable":true,"href":"https:\/\/historiografija.hr\/index.php?rest_route=%2Fwp%2Fv2%2Ftags&post=44646"}],"curies":[{"name":"wp","href":"https:\/\/api.w.org\/{rel}","templated":true}]}}