{"id":44636,"date":"2025-01-30T20:04:55","date_gmt":"2025-01-30T20:04:55","guid":{"rendered":"https:\/\/historiografija.hr\/?p=44636"},"modified":"2025-01-30T20:04:55","modified_gmt":"2025-01-30T20:04:55","slug":"predstavljanje-knjige-miroslava-bertose-trosenje-zivota-gdje-li-je-zivot-sto-ga-izgubih-ziveci-u-rijeci","status":"publish","type":"post","link":"https:\/\/historiografija.hr\/?p=44636","title":{"rendered":"Predstavljanje knjige Miroslava Berto\u0161e \u201cTro\u0161enje \u017eivota. Gdje li je \u017eivot \u0161to ga izgubih \u017eive\u0107i?\u201d u Rijeci"},"content":{"rendered":"\n<p><strong>Zavod za povijesne i dru\u0161tvene znanosti HAZU u Rijeci s Podru\u010dnom jedinicom u Puli organizira predstavljanje knjige<\/strong><\/p>\n\n\n\n<p><strong>pokojnoga prof. emeritusa Miroslava Berto\u0161e<\/strong><\/p>\n\n\n\n<p><strong>\u201cTRO\u0160ENJE \u017dIVOTA. GDJE LI JE \u017dIVOT \u0160TO GA IZGUBIH \u017dIVE\u0106I?\u201d<\/strong><\/p>\n\n\n\n<p>(Hrvatska sveu\u010dili\u0161na naklada, Zagreb, 2023.)<\/p>\n\n\n\n<p>O autoru i knjizi govorit \u0107e:<\/p>\n\n\n\n<p>akademkinja Silvana Vrani\u0107, voditeljica Zavoda; dr. sc. Filip Zori\u010di\u0107, gradona\u010delnik Grada Pule; Anita \u0160iki\u0107, glavna urednica; akademik Robert Matija\u0161i\u0107; prof. dr. sc. Nevio \u0160eti\u0107; prof. dr. sc. Mislava Berto\u0161a; &nbsp;dr. sc. Maja Poli\u0107; dr. sc. Samanta Paroni\u0107; dr. sc. Mateja Jerman i Marijana Dla\u010di\u0107, prof., uz moderiranje dr. sc. Sanje Holjevac, upraviteljice Zavoda.<\/p>\n\n\n\n<p>Predstavljanje \u0107e se odr\u017eati <strong>u srijedu 5. velja\u010de 2025. u 12 sati<\/strong> u Zavodu za povijesne i dru\u0161tvene znanosti HAZU u Rijeci, Ru\u017ei\u0107eva 5 (dvorana u prizemlju).<\/p>\n\n\n\n<p><a href=\"https:\/\/www.info.hazu.hr\/wp-content\/uploads\/2025\/01\/Pozivnica_M.-Bertosa_Trosenje-zivota_Rijeka.pdf\">Pozivnica_M. Berto\u0161a_Tro\u0161enje \u017eivota_Rijeka<\/a><\/p>\n\n\n\n<hr class=\"wp-block-separator has-alpha-channel-opacity\"\/>\n\n\n\n<p>Izvor:<\/p>\n\n\n\n<figure class=\"wp-block-embed is-type-wp-embed is-provider-hazu wp-block-embed-hazu\"><div class=\"wp-block-embed__wrapper\">\n<blockquote class=\"wp-embedded-content\" data-secret=\"RUcCGjSe9Z\"><a href=\"https:\/\/www.info.hazu.hr\/events\/predstavljanje-knjige-prof-emeritusa-miroslava-bertose-trosenje-zivota-gdje-li-je-zivot-sto-ga-izgubih-ziveci\/\">Predstavljanje knjige prof. emeritusa Miroslava Berto\u0161e &#8220;Tro\u0161enje \u017eivota. Gdje li je \u017eivot \u0161to ga izgubih \u017eive\u0107i?&#8221;<\/a><\/blockquote><iframe loading=\"lazy\" class=\"wp-embedded-content\" sandbox=\"allow-scripts\" security=\"restricted\" style=\"position: absolute; visibility: hidden;\" title=\"&#8220;Predstavljanje knjige prof. emeritusa Miroslava Berto\u0161e &#8220;Tro\u0161enje \u017eivota. Gdje li je \u017eivot \u0161to ga izgubih \u017eive\u0107i?&#8221;&#8221; &#8212; HAZU\" src=\"https:\/\/www.info.hazu.hr\/events\/predstavljanje-knjige-prof-emeritusa-miroslava-bertose-trosenje-zivota-gdje-li-je-zivot-sto-ga-izgubih-ziveci\/embed\/#?secret=RUcCGjSe9Z\" data-secret=\"RUcCGjSe9Z\" width=\"600\" height=\"338\" frameborder=\"0\" marginwidth=\"0\" marginheight=\"0\" scrolling=\"no\"><\/iframe>\n<\/div><\/figure>\n\n\n\n<hr class=\"wp-block-separator has-alpha-channel-opacity\"\/>\n","protected":false},"excerpt":{"rendered":"","protected":false},"author":2,"featured_media":38816,"comment_status":"open","ping_status":"open","sticky":false,"template":"","format":"standard","meta":{"_acf_changed":false,"jetpack_post_was_ever_published":false,"_jetpack_newsletter_access":"","_jetpack_dont_email_post_to_subs":false,"_jetpack_newsletter_tier_id":0,"_jetpack_memberships_contains_paywalled_content":false,"_jetpack_memberships_contains_paid_content":false,"footnotes":"","jetpack_publicize_message":"","jetpack_publicize_feature_enabled":true,"jetpack_social_post_already_shared":true,"jetpack_social_options":{"image_generator_settings":{"template":"highway","default_image_id":0,"font":"","enabled":false},"version":2}},"categories":[3],"tags":[],"class_list":["post-44636","post","type-post","status-publish","format-standard","has-post-thumbnail","hentry","category-novosti"],"acf":{"facebook_opis":""},"jetpack_publicize_connections":[],"jetpack_featured_media_url":"https:\/\/i0.wp.com\/historiografija.hr\/wp-content\/uploads\/2023\/12\/TROSENJE_ZIVOTA.png?fit=550%2C824&ssl=1","jetpack_sharing_enabled":true,"jetpack-related-posts":[],"_links":{"self":[{"href":"https:\/\/historiografija.hr\/index.php?rest_route=\/wp\/v2\/posts\/44636","targetHints":{"allow":["GET"]}}],"collection":[{"href":"https:\/\/historiografija.hr\/index.php?rest_route=\/wp\/v2\/posts"}],"about":[{"href":"https:\/\/historiografija.hr\/index.php?rest_route=\/wp\/v2\/types\/post"}],"author":[{"embeddable":true,"href":"https:\/\/historiografija.hr\/index.php?rest_route=\/wp\/v2\/users\/2"}],"replies":[{"embeddable":true,"href":"https:\/\/historiografija.hr\/index.php?rest_route=%2Fwp%2Fv2%2Fcomments&post=44636"}],"version-history":[{"count":1,"href":"https:\/\/historiografija.hr\/index.php?rest_route=\/wp\/v2\/posts\/44636\/revisions"}],"predecessor-version":[{"id":44637,"href":"https:\/\/historiografija.hr\/index.php?rest_route=\/wp\/v2\/posts\/44636\/revisions\/44637"}],"wp:featuredmedia":[{"embeddable":true,"href":"https:\/\/historiografija.hr\/index.php?rest_route=\/wp\/v2\/media\/38816"}],"wp:attachment":[{"href":"https:\/\/historiografija.hr\/index.php?rest_route=%2Fwp%2Fv2%2Fmedia&parent=44636"}],"wp:term":[{"taxonomy":"category","embeddable":true,"href":"https:\/\/historiografija.hr\/index.php?rest_route=%2Fwp%2Fv2%2Fcategories&post=44636"},{"taxonomy":"post_tag","embeddable":true,"href":"https:\/\/historiografija.hr\/index.php?rest_route=%2Fwp%2Fv2%2Ftags&post=44636"}],"curies":[{"name":"wp","href":"https:\/\/api.w.org\/{rel}","templated":true}]}}