{"id":44630,"date":"2025-01-30T19:37:16","date_gmt":"2025-01-30T19:37:16","guid":{"rendered":"https:\/\/historiografija.hr\/?p=44630"},"modified":"2025-01-30T19:38:16","modified_gmt":"2025-01-30T19:38:16","slug":"cfp-the-role-of-religious-minorities-in-the-redefinition-of-imagined-communities-the-case-of-judaism-and-protestantism-in-france-ireland-and-italy-from-the-french-revolution-to-t","status":"publish","type":"post","link":"https:\/\/historiografija.hr\/?p=44630","title":{"rendered":"CfP: The role of religious minorities in the redefinition of \u2018imagined communities\u2019: The case of Judaism and Protestantism in France, Ireland and Italy, from the French Revolution to the creation of the State of Israel"},"content":{"rendered":"\n<p>This international and bilingual symposium aims to explore the role of religious minorities, their visibility, their representation and their perception, both internally and externally, in nation building. As part of the MIRCOM project funded by the MSH Lorraine, this symposium is a preparatory stage for the organisation of an international conference in 2026 and the publication of an edited collection.<\/p>\n\n\n\n<p>Historiography of nation-state building and nationalism is mainly based on the concept of Nation, either as an entity founded on a dominant culture (Gellner), or as a social and territorial entity whose political and national unity overlap (Hobsbawm). For Benedict Anderson, the Nation is established on \u2018invented traditions.\u2019 Their particularity \u2018lies in the fact that their continuity with this past is largely fictitious.\u2019 These \u2018imagined communities\u2019 rely on a certain linguistic or cultural homogeneity, which transcends the plurality of religious denominations through the shared ideal of freedom (Anderson, 1991). Max Weber, for his part, emphasises the centrality of the subjective dimension of political \u2018communalisation\u2019, which links social relations to the disposition of social activity based on the subjective feeling of participants to belong to the same community (Weber, 1971: 41). As Christine Chavillon points out, Anderson&#8217;s notion of the \u2018imagined community\u2019 refers to the absence of face-to-face contact for communities that lie beyond the primordial village (2007). Yet this village has included different Christian communities since the Reformation. Furthermore, the presence of Jews, even if they could be excluded and marginalised from the primordial community, has been attested since Antiquity and predates the formation of monarchic states. In the primordial village, the confrontation therefore took place between social groups rather than individuals, and its homogeneity itself is the result of imagination. We might wonder to what extent the \u2018imagined community\u2019 of the Nation, as an imaginary supra-entity, might make it possible to transcend this fragmentation of reality by giving a shared meaning to the organisation of power relationships. When nation-states were formed, these \u2018imagined communities\u2019 defined themselves on the basis of history, collective negotiation, and the maturation of social relations (Chavillon, 2007: 162). In the case of France and Italy, Protestant and Jewish minorities played a decisive role in this negotiation, sometimes drawing on their \u2018elective affinities,\u2019 as well as on the material implementation of \u2018mechanisms for symbolising the social imaginary\u2019 and exercising power (Chavillon, 2007: 165).<\/p>\n\n\n\n<p>Relying on previous studies of the relations between Protestant and Jewish minorities and European nation-states (Cabanel, 2024, 2004; Birnbaum &amp; Katznelson, 1995; Sorkin, 2019; Turner, 2011), and their role in the emergence of religious freedom, French secularism and religious pluralism, this symposium aims to examine how these minorities, by claiming their part in the construction of the Nation, also participated in redefining national identities in France, Ireland and Italy during the period from the late 18th century to the creation of the State of Israel. It invites us to go beyond the question of the integration of these minorities, generally considered through the prism of assimilation and homogenisation, by examining how they contributed to the heterogenisation of these \u2018imagined communities\u2019 in demanding equal treatment, a central principle of democratic regulation, inspired by the French Declaration of the Rights of Man and of the Citizen (Biagini &amp; Gerstle, 2022). As a result, national identities no longer appear as simple products of a desire for homogenisation, but as the fruit of antagonism between the two processes of homogenisation (a single Nation) and heterogenisation (acceptance of the diversity of its components).<\/p>\n\n\n\n<p>During the period from the revolutions to the creation of the State of Israel, Europe saw the emergence of many nation-states against the backdrop of progressive political and philosophical secularisation1[1]. The monarchical kingdoms of the Ancien Regime previously based on the cujus religio, ejus regio principle, with an alliance of Church and State, enshrined discrimination against minorities in law. Politically, European countries experienced the revolutionary movements of the late 18th century and 1848, and then the upheavals of the Russian Revolution and two world conflicts, accompanied by democratic demands and authoritarian resistance. Religiously, the revival movements turned the denominational landscape upside down as they penetrated all Protestant denominations. By putting the emphasis on emotional experience, they led to the individualisation of religious commitment that nourished tensions and confrontations. Catholicism has been and still is in the majority in these three countries, both quantitatively if one considers the number of believers, and culturally with its longstanding roots in society. However, its political status has varied from country to country and from period to period, ranging from an alliance between Church and State to a position of discriminated religion. Power relationships and processes of minoritisation and majoritisation sometimes reversed, thus revealing the issues at stake in the imbalances between majorities and minorities. In Ireland, for example, Protestant minorities were well represented among the United Irishmen who tried to promote an inclusive definition of the Irish nation in their discourse, but also in their legislative demands. This failed attempt gave way to the complete domination of the Kingdom of Ireland by the British Crown after the Act of Union in 1801, followed by the Catholicisation of Irish nationalism with the Campaign for Emancipation. Sectarian tensions, though periodically overcome by nationalist movements, remained firmly rooted in the social and political landscape.<\/p>\n\n\n\n<p>The hypothesis that these minority religions played an active role in the constitution of European nations in the 19th century is in contrast with the constitution of the public sphere, which at that time proceeded from secular values. Particular attention will therefore be paid to the visibility of these minorities in the public sphere, a concept of visibility whose heuristic richness for human sciences has been outlined by Olivier Voirol (2005). However, religious visibility is not limited to the register of visual expression or to \u2018what is open to view\u2019 in urban spaces (Boillet and Rideau, 2021), but extends to the significant presence and more symbolic forms of representation in the public sphere.<\/p>\n\n\n\n<p>This lato sensu understanding of visibilisation makes it possible to study the way in which the figure of the Protestant and Jewish citizen emerge, or are modified, in the public life of the Nation and their transformation into social actors (Qu\u00e9r\u00e9, 1992: 88). The representations of the Nation and national identity in the productions of these minorities (for example, in teaching manuals, sermons, prayers for the Nation practised in several cultures, etc.) may also be studied. How did the authorities in power and the religious majorities view and envision these minorities? How did religious minorities represent themselves in a nation where the majority is of a different religion? How far did they help to overcome religious antagonisms in a nation under construction? What role did they play in distancing the State from the majority religion?<\/p>\n\n\n\n<p>Papers may focus on a minority and\/or one of these three countries, or compare them. This interdisciplinary method, which combines parallel and comparative studies, aims to highlight both specific cases of interaction between minorities and majorities as well as broader patterns. The study of religious minorities\u2019 involvement in the development of education could be based on correspondence, school textbooks and tools that formalised the language (dictionaries, encyclopaedias). Their role in promoting or opposing the separation between religion and State can be analysed in the press, political speeches, parliamentary debates, and legal texts. Analyses focusing on sermons, internal correspondence, or iconographic documents to study the way these religious communities represented themselves within the nation are also welcome. The critical study of sources could be enriched by relying on information and communication sciences, more particularly on the socio-semiotic analysis of both the techniques and content of discourse, images and social and political staging &#8211; in short, of all media of expression &#8211; in order to identify the implications of the concept of visibility, whereby social groups benefit or not (in the case of invisibilisation) from public attention, which proceeds from a conflictual logic, as emphasised by Voirol (2005: 19). Indeed, visibility allows religious minorities to be seen and recognised in the greater whole of the Nation.<\/p>\n\n\n\n<p>Papers are invited to examine the effects of modernisation and secularisation on the processes of heterogenisation on the basis of case studies that will be grouped into three subperiods, during which these three countries went through major regime changes: the first (1789-1848) ranges from the French Revolution to the Printemps des Peuples and corresponds to the emergence of demands for freedoms inspired by the Declaration of the Rights of Man; the second (1848-1922) corresponds to the rise of nationalism until the First World War; and the third (1922-1948) extends from the rise of totalitarian regimes to the creation of the State of Israel. Proposals for papers of 20 minutes each in English or French (300 words + short biobibliography) should be sent to Karina B\u00e9nazech Wendling (karina.wendling@univlorraine.fr) by 30 January 2025. Contributions from young researchers and doctoral students are strongly encouraged. Selected proposals will be notified at the beginning of February 2025.<\/p>\n\n\n\n<p>1 While the definition of modernity and secularisation deserves to be questioned (see Obadia, 2004), these notions are approached here in the sense of phenomena \u2018affecting the way in which social, economic and political relations are structured\u2019, rooted in the idea of individual autonomy and manifested in processes of differentiation, rationalisation, pluralisation and nationalisation (Portier &amp; Willaime, 2021: 7-8) in Western Europe.<\/p>\n\n\n\n<p>STEERING COMMITTEE<br>St\u00e9phane Dufour, UL-CREM<br>Antonella Braida Laplace, UL-IDEA<br>St\u00e9phane Guy, UL-IDEA<br>Julien L\u00e9onard, UL-CRHUL<\/p>\n\n\n\n<p>GUEST SPEAKERS<br>Eugenio Biagini, Sidney Sussex College, Cambridge<br>Patrick Cabanel, \u00c9cole Pratique des Hautes \u00c9tudes \/ GSRL-CNRS<br>Davide Mano, \u00c9cole des Hautes \u00c9tudes en Sciences Sociales \/ CRH<br>Trisha Oakley-Kessler, Woolf Institute, Cambridge<\/p>\n\n\n\n<p>SCIENTIFIC COMMITTEE<br>Eugenio Biagini, Sidney Sussex College, Cambridge<br>Patrick Cabanel, \u00c9cole Pratique des Hautes \u00c9tudes \/ GSRL-CNRS<br>St\u00e9phane Guy, University of Lorraine \/ IDEA<br>Julien L\u00e9onard, University of Lorraine \/ CRHUL<br>Davide Mano, EHESS \/ CRH<br>Trisha Oakley-Kessler, Woolf Institute, Cambridge<br>Laura Popa, Giessen University<br>G\u00e9raldine Vaughan, University of Lille \/ CECILLE<\/p>\n\n\n\n<p>PARTNERS<br>Maison des Sciences de l\u2019Homme, Lorraine<br>GIS EIRE<br>Minority Protestants Network: <a href=\"https:\/\/minorityprotestants.wordpress.com\/\">https:\/\/minorityprotestants.wordpress.com\/<\/a><\/p>\n\n\n\n<p>BIBLIOGRAPHY<br>Anderson, Benedict. Imagined Communities: Reflections on the Origin and Spread of Nationalism, 2nd edn, London: Verso, 1991.<br>Barnard, Toby, \u2018Protestantism, ethnicity and Irish identities\u2019, in: T. Claydon &amp; I. McBride (Eds). McBride (Eds), Protestantism and National Identity: Britain and Ireland, c. 1650-c.1850, pp. 182-235, Cambridge: Cambridge University Press, 1998.<br>Baub\u00e9rot, Jean &amp; Valentine Zuber. Une haine oubli\u00e9e: l&#8217;antiprotestantisme avant le \u2018pacte la\u00efque\u2019 (1870-1905), Paris: Albin Michel, 2000.<br>Berger, Peter (ed.). The Desecularization of the World, Resurgent Religion and World Politics, Grand Rapids: W. B. Grand Rapids: W. B. Eerdman Publishing Company, 1999.<br>Bertrand, M., Cabanel, P. &amp; de Lafargue, B. (eds.). La Fabrique des Nations, Paris: Les \u00c9ditions de Paris, 2003.<br>Bettin, Cristina M. \u2018Jews in Italy between Integration and Assimilation, 1861-1938\u2019, The European Legacy, 3-12, 2007, pp. 337-350.<br>Biagini, Eugenio. The Shaping of Modern Ireland, Dublin, Irish Academic Press, 2016.<br>&#8211; British Democracy and Irish Nationalism, 1876-1906, Cambridge, Cambridge University Press, 2007.<br>&#8211; Citizenship and Community. Liberals, Radicals and collective identities in the British Isles, 1865-1931, Cambridge, CUP, 1996.<br>Biagini, Eugenio &amp; Derek Bales. The Risorgimento and the Unification of Italy (1971), Harlow: Longman, 2002.<br>Birnbaum, Pierre &amp; Ira Katznelson (eds.). Paths of Emancipation: Jews, States, and Citizenship, Princeton: PUP, 1995.<br>Birnbaum, Pierre. Les Fous de la R\u00e9publique: Histoire politique des Juifs d&#8217;\u00c9tat de Gambetta \u00e0 Vichy, Paris: Fayard, 1992.<br>Bizeul, Yves. \u2018La dimension \u2018ethnique\u2019 du protestantisme fran\u00e7ais\u2019, in: J.-P. Bastian (Ed.), La Recomposition des Protestantismes en Europe Latine: Entre \u00c9motion et Tradition, pp. 267-280, Gen\u00e8ve: Labor et Fides, 2004.<br>Boillet, Elise &amp; Rideau, Gael (dirs.), La visibilit\u00e9 du religieux dans l&#8217;espace urbain de l&#8217;Europe moderne, Rennes: PUR, 2021.<br>Borello C\u00e9line, La R\u00e9publique en chaire protestante, XVIIIe-XIXe si\u00e8cles, Rennes: PUR, 2017.<br>Borello, C\u00e9line, \u2018 Les sources d&#8217;une alt\u00e9rit\u00e9 religieuse en R\u00e9volution: Rabaut Saint-\u00c9tienne ou la radicalisation des repr\u00e9sentations protestantes \u2019, Annales historiques de la R\u00e9volution fran\u00e7aise, no 378, 2014, pp. 29-49.<br>Boutry, Philippe &amp; Andr\u00e9 Encrev\u00e9. Vers la libert\u00e9 religieuse, Paris: \u00c9ditions Bi\u00e8re, 2006.<br>Bowen, Kurt. Ireland&#8217;s Privileged Minority: Protestants in a Catholic State, Dublin: Gill and Macmillan,1983.<br>Boyce, D. George. Nationalism in Ireland, 3rd ed. London: Routledge, 1995.<br>Bruce, Stephen. Religion and Modernization. Sociologists and historians debate the secularization thesis, Oxford: OUP, 1992.<br>Cabanel, Patrick. Le Droit de croire. La France et ses minorit\u00e9s religieuses, XVIe-XXIe si\u00e8cle, Paris: Pass\u00e9s Compos\u00e9s, 2024.<br>&#8211; Juifs et protestants en France, les affinit\u00e9s \u00e9lectives, XVIe-XXIe si\u00e8cle, Paris: Fayard, 2004.<br>&#8211; Les Protestants et la R\u00e9publique de 1870 \u00e0 nos jours, Brussels: \u00c9ditions Complexe, 2000.<br>Chadwick, Owen. The secularization of the European mind in the nineteenth century, Cambridge, CUP, 1975.<br>Chaliand, G\u00e9rard. Les minorit\u00e9s \u00e0 l&#8217;\u00e2ge de l&#8217;\u00c9tat-nation, Paris: Fayard, 2014.<br>Chavillon, Christine. \u2018Retour sur la \u2018communaut\u00e9 imagin\u00e9e\u2019 d&#8217;Anderson. Essai de clarification th\u00e9orique d&#8217;une notion rest\u00e9e floue\u2019, Raisons politiques, 2007-3 (no 27 ), pp. 131-172.<br>Claydon, T. &amp; I. McBride (Eds). Protestantism and National Identity: Britain and Ireland, c. 1650-c.1850, Cambridge: Cambridge University Press, 1998.<br>Crotty W. et al (Eds). Religion, Secularism, Constitutional Democracy, New York, 2016.<br>Cohen, Martine. \u2018Les Juifs de France : Affirmations identitaires et \u00e9volution du mod\u00e8le d&#8217;int\u00e9gration\u2019, Le D\u00e9bat, n\u00b075, 1993.<br>Connolly, Sean. J. Religion, Law and Power: The Making of Protestant Ireland 1660-1760, Oxford: Oxford University Press, 1992.<br>Encrev\u00e9 Andr\u00e9. \u2018French Protestants\u2019, in: R. Liedtke &amp; S. Wendehorst. Wendehorst (Eds), The Emancipation of Catholics, Jews and Protestants: Minorities and the Nation State in Nineteenth-century Europe, pp. 56-82, Manchester: Manchester University Press, 1999.<br>Habermas, J\u00fcrgen. \u2018Religious Tolerance &#8211; The Pacemaker for Cultural Rights\u2019, Philosophy, 79, 2004, pp. 5-18.<br>Hastings, Adrian. The Construction of Nationhood: Ethnicity, Religion and Nationalism, Cambridge: Cambridge University Press, 1997.<br>Hermon-Belot, Rita. Aux sources de l&#8217;id\u00e9e la\u00efque. R\u00e9volution et pluralit\u00e9 religieuse, Paris: Odile Jacob, 2015.<br>Hobsbawm, Eric. Nations and Nationalism since 1780: Programme, myth, reality, 2nd ed, Cambridge: CUP, 1990.<br>Kosuch, Caroline (Ed.). Freethinkers in Europe: National and Transnational Secularities, 1789-1920s, Berlin: De Gruyter, 2020.<br>Liedtke, Rainer &amp; Stephan Wendehorst (Eds). The Emancipation of Catholics, Jews and Protestants: Minorities and the Nation State in Nineteenth-Century Europe, Manchester: MUP, 1999.<br>Mano Davide. \u2018L&#8217;\u00e9mancipation, l&#8217;\u00e9v\u00e9nement et ses \u00e9motions : orateurs et patriotes juifs sous l&#8217;arbre de la libert\u00e9 (Italie, 1796-1799)&#8217;, Annales historiques de la R\u00e9volution fran\u00e7aise, 2024\/1 (n\u00b0 415), pp. 147-170.<br>McLeod, Hugh. Secularization in Western Europe, 1848-1914, Basingstoke: Macmillan, 2000.<br>Milne, Ida &amp; Ian D&#8217;Alton. Protestant and Irish: The minority&#8217;s search for place in independent Ireland, Cork, Cork University Press, 2019.<br>Obadia, Lionel &amp; Anne-Laure Zwilling (Eds). Minority and community in religion, Strasbourg: PUS, 2016.<br>Obadia, Lionel. \u2018Anthropology, religion and modernity. Quelques r\u00e9flexions sur le modernisme et le primitivisme des sciences de l&#8217;Homme\u2019, Parcours Anthropologiques, 4, 2004, pp. 11-22.<br>Ozouf, Mona. L&#8217;\u00e9cole, l&#8217;\u00c9glise et la R\u00e9publique, 1871-1914, Paris: Armand Colin, 1963.<br>Portier, Philipp &amp; Jean-Paul Willaime. La Religion dans la France contemporaine. Entre S\u00e9cularisation et recomposition, Paris, Armand Colin, 2021.<br>Poulat, Emile. Libert\u00e9, La\u00efcit\u00e9. La guerre des deux France et le principe de modernit\u00e9, Paris: Cerf-Cujas,1988.<br>Qu\u00e9r\u00e9, Louis, \u2018 L&#8217;Espace public : de la th\u00e9orie politique \u00e0 la m\u00e9tath\u00e9orie sociologique \u2019, Quaderni, (18), 1992, p. 75-92.<br>Ruane, Joseph &amp; Butler, D. \u2018Southern Irish Protestants: an example of de-ethnicisation? Nations and Nationalism\u2019, 13(4), 2007, pp. 619-635.<br>Ruane, Joseph. \u2018Majority-minority conflicts and their resolution: Protestant minorities in France and in Ireland\u2019, Nationalism and Ethnic Politics, 12(3-4), 2006, pp. 509-532.<br>Scholl, Sarah. The culture wars of the nineteenth century. Religions et s\u00e9cularisation en Europe, Paris: Publications de l&#8217;EPHE, 2023.<br>Smith, Anthony D. Myths and Memories of the Nation, Oxford: Oxford University Press, 1999.<br>&#8211; Chosen Peoples: Sacred Sources of National Identity, Oxford: Oxford University Press, 2003.<br>Sorkin, David. The Religious Enlightenment: Protestants, Jews, and Catholics from London to Vienna, Princeton, PUP, 2011.<br>Thiesse, Anne-Marie. La Cr\u00e9ation des identit\u00e9s nationales : Europe VIIIe-XXe Si\u00e8cle, Paris: Seuil, 1999.<br>Turner, Bryan Stanley. Religion and modern society: citizenship, secularisation and the state, Cambridge, CUP, 2011.<br>Urban, Hugh B. &amp; Daniel Barbu. \u2018Poetics and politics of comparison. Jonestown, 1978: revolutionary suicide or mass murder?\u2019, ASDIWAL. Revue genevoise d&#8217;anthropologie et d&#8217;histoire des religions, 13, no 1, 2018, pp. 33-40.<br>Voirol, Olivier, \u2018Visibilit\u00e9 et invisibilit\u00e9 : une introduction\u2019, R\u00e9seaux, 2005\/1, 129-130, pp. 9-36<\/p>\n\n\n\n<p><strong>Kontakt<\/strong><\/p>\n\n\n\n<p>karina.wendling@univ-lorraine.fr<\/p>\n\n\n\n<figure class=\"wp-block-embed is-type-wp-embed is-provider-msh-lorraine wp-block-embed-msh-lorraine\"><div class=\"wp-block-embed__wrapper\">\n<blockquote class=\"wp-embedded-content\" data-secret=\"OyLdVwhBvf\"><a href=\"https:\/\/msh-lorraine.fr\/aap-3-i-resumes-des-projets\/\">AAP 3 i r\u00e9sum\u00e9s des projets<\/a><\/blockquote><iframe loading=\"lazy\" class=\"wp-embedded-content\" sandbox=\"allow-scripts\" security=\"restricted\" style=\"position: absolute; visibility: hidden;\" title=\"\u00ab\u00a0AAP 3 i r\u00e9sum\u00e9s des projets\u00a0\u00bb &#8212; MSH LORRAINE\" src=\"https:\/\/msh-lorraine.fr\/aap-3-i-resumes-des-projets\/embed\/#?secret=IHbuvISsQP#?secret=OyLdVwhBvf\" data-secret=\"OyLdVwhBvf\" width=\"600\" height=\"338\" frameborder=\"0\" marginwidth=\"0\" marginheight=\"0\" scrolling=\"no\"><\/iframe>\n<\/div><\/figure>\n\n\n\n<hr class=\"wp-block-separator has-alpha-channel-opacity\"\/>\n\n\n\n<p><em>The role of religious minorities in the redefinition of \u2018imagined communities\u2019<\/em>, in: H-Soz-Kult, 23.01.2025, <\/p>\n\n\n\n<p><a href=\"https:\/\/www.hsozkult.de\/event\/id\/event-152697\">https:\/\/www.hsozkult.de\/event\/id\/event-152697<\/a>.<\/p>\n\n\n\n<hr class=\"wp-block-separator has-alpha-channel-opacity\"\/>\n","protected":false},"excerpt":{"rendered":"","protected":false},"author":2,"featured_media":6331,"comment_status":"open","ping_status":"open","sticky":false,"template":"","format":"standard","meta":{"_acf_changed":false,"jetpack_post_was_ever_published":false,"_jetpack_newsletter_access":"","_jetpack_dont_email_post_to_subs":false,"_jetpack_newsletter_tier_id":0,"_jetpack_memberships_contains_paywalled_content":false,"_jetpack_memberships_contains_paid_content":false,"footnotes":"","jetpack_publicize_message":"","jetpack_publicize_feature_enabled":true,"jetpack_social_post_already_shared":true,"jetpack_social_options":{"image_generator_settings":{"template":"highway","default_image_id":0,"font":"","enabled":false},"version":2}},"categories":[3,9],"tags":[],"class_list":["post-44630","post","type-post","status-publish","format-standard","has-post-thumbnail","hentry","category-novosti","category-skupovi"],"acf":{"facebook_opis":""},"jetpack_publicize_connections":[],"jetpack_featured_media_url":"https:\/\/i0.wp.com\/historiografija.hr\/wp-content\/uploads\/2017\/10\/hsozkult.png?fit=1006%2C241&ssl=1","jetpack_sharing_enabled":true,"jetpack-related-posts":[],"_links":{"self":[{"href":"https:\/\/historiografija.hr\/index.php?rest_route=\/wp\/v2\/posts\/44630","targetHints":{"allow":["GET"]}}],"collection":[{"href":"https:\/\/historiografija.hr\/index.php?rest_route=\/wp\/v2\/posts"}],"about":[{"href":"https:\/\/historiografija.hr\/index.php?rest_route=\/wp\/v2\/types\/post"}],"author":[{"embeddable":true,"href":"https:\/\/historiografija.hr\/index.php?rest_route=\/wp\/v2\/users\/2"}],"replies":[{"embeddable":true,"href":"https:\/\/historiografija.hr\/index.php?rest_route=%2Fwp%2Fv2%2Fcomments&post=44630"}],"version-history":[{"count":2,"href":"https:\/\/historiografija.hr\/index.php?rest_route=\/wp\/v2\/posts\/44630\/revisions"}],"predecessor-version":[{"id":44632,"href":"https:\/\/historiografija.hr\/index.php?rest_route=\/wp\/v2\/posts\/44630\/revisions\/44632"}],"wp:featuredmedia":[{"embeddable":true,"href":"https:\/\/historiografija.hr\/index.php?rest_route=\/wp\/v2\/media\/6331"}],"wp:attachment":[{"href":"https:\/\/historiografija.hr\/index.php?rest_route=%2Fwp%2Fv2%2Fmedia&parent=44630"}],"wp:term":[{"taxonomy":"category","embeddable":true,"href":"https:\/\/historiografija.hr\/index.php?rest_route=%2Fwp%2Fv2%2Fcategories&post=44630"},{"taxonomy":"post_tag","embeddable":true,"href":"https:\/\/historiografija.hr\/index.php?rest_route=%2Fwp%2Fv2%2Ftags&post=44630"}],"curies":[{"name":"wp","href":"https:\/\/api.w.org\/{rel}","templated":true}]}}