{"id":44612,"date":"2025-01-29T19:01:39","date_gmt":"2025-01-29T19:01:39","guid":{"rendered":"https:\/\/historiografija.hr\/?p=44612"},"modified":"2025-01-29T19:01:39","modified_gmt":"2025-01-29T19:01:39","slug":"fakultet-hrvatskih-studija-realizacija-institucionalnoga-projekta-migracijski-procesi-izmedu-njemacke-i-hrvatske-povratak-prve-i-druge-generacije-hrvatskih-iseljenika-u-bavarskoj","status":"publish","type":"post","link":"https:\/\/historiografija.hr\/?p=44612","title":{"rendered":"Fakultet hrvatskih studija: Realizacija institucionalnoga projekta \u201eMigracijski procesi izme\u0111u Njema\u010dke i Hrvatske: povratak prve i druge generacije hrvatskih iseljenika u Bavarskoj?\u201c"},"content":{"rendered":"\n<p>Od 20. do 23. sije\u010dnja 2025. godine nastavnice s Odsjeka za demografiju i hrvatsko iseljeni\u0161tvo Fakulteta hrvatskih studija Sveu\u010dili\u0161ta u Zagrebu dr. sc. Tamara Bodor i dr. sc. Monika Balija u okviru institucionalnoga projekta Fakulteta hrvatskih studija pod nazivom \u201eMigracijski procesi izme\u0111u Njema\u010dke i Hrvatske: povratak prve i druge generacije hrvatskih iseljenika u Bavarskoj?\u201c boravile su u M\u00fcnchenu u Saveznoj Republici Njema\u010dkoj.<\/p>\n\n\n\n<p>Radni posjet obuhva\u0107ao je predavanja \u010dlanova projekta tematski posve\u0107enih Hrvatima u Njema\u010dkoj, a koja su se odvijala u okviru Akademskoga kruga pri Hrvatskoj katoli\u010dkoj \u017eupi M\u00fcnchen i Hrvatskoj ku\u0107i M\u00fcnchen. \u010clanice projekta dr. sc. Tamara Bodor i dr. sc. Monika Balija svoja su predavanja odr\u017eale u\u017eivo, dok je doc. dr. sc. Wollfy Kra\u0161i\u0107, voditelj i \u010dlan projekta, svoje predavanje odr\u017eao <em>online<\/em>. Nakon predavanja uslijedio je dinami\u010dan okrugli stol\/rasprava na temu Hrvata u Njema\u010dkoj i njihovoga potencijalnoga povratka u Hrvatsku.<\/p>\n\n\n\n<p>U okviru radnoga posjeta hrvatskoj zajednici u M\u00fcnchenu predstavljeni su i Fakultet hrvatskih studija Sveu\u010dili\u0161ta u Zagrebu, mogu\u0107nosti studiranja na pojedinim studijima u okviru kvota za Hrvate izvan Republike Hrvatske te Zbornik radova s II. me\u0111unarodne znanstveno-stru\u010dne konferencije \u201eSuvremeni usud gastarbajterskoga naslije\u0111a Hrvatske\u201c, a provedeno je i istra\u017eivanje o namjerama povratka u Hrvatsku.<\/p>\n\n\n\n<p>Radni posjet M\u00fcnchenu obuhvatio je i sastanak s generalnim konzulom Republike Hrvatske u M\u00fcnchenu Vladimirom Duvnjakom, dok je konzulica Sonja Lovrek Velkov prisustvovala i realizaciji drugih spomenutih aktivnosti u okviru projekta koji je zbog zna\u010daja i aktualnosti teme bio i medijski popra\u0107en (emisija Globalna Hrvatska, portal Fenix Magazin\u2026).<\/p>\n\n\n\n<hr class=\"wp-block-separator has-alpha-channel-opacity\"\/>\n\n\n\n<p>Izvor:<\/p>\n\n\n\n<p><a href=\"https:\/\/www.fhs.unizg.hr\/obavijesti?@=21sd5#news_125014\">https:\/\/www.fhs.unizg.hr\/obavijesti?@=21sd5#news_125014<\/a><\/p>\n\n\n\n<hr class=\"wp-block-separator has-alpha-channel-opacity\"\/>\n","protected":false},"excerpt":{"rendered":"","protected":false},"author":2,"featured_media":44613,"comment_status":"open","ping_status":"open","sticky":false,"template":"","format":"standard","meta":{"_acf_changed":false,"jetpack_post_was_ever_published":false,"_jetpack_newsletter_access":"","_jetpack_dont_email_post_to_subs":false,"_jetpack_newsletter_tier_id":0,"_jetpack_memberships_contains_paywalled_content":false,"_jetpack_memberships_contains_paid_content":false,"footnotes":"","jetpack_publicize_message":"","jetpack_publicize_feature_enabled":true,"jetpack_social_post_already_shared":true,"jetpack_social_options":{"image_generator_settings":{"template":"highway","default_image_id":0,"font":"","enabled":false},"version":2}},"categories":[3],"tags":[],"class_list":["post-44612","post","type-post","status-publish","format-standard","has-post-thumbnail","hentry","category-novosti"],"acf":{"facebook_opis":""},"jetpack_publicize_connections":[],"jetpack_featured_media_url":"https:\/\/i0.wp.com\/historiografija.hr\/wp-content\/uploads\/2025\/01\/Projekt.jpg?fit=441%2C395&ssl=1","jetpack_sharing_enabled":true,"jetpack-related-posts":[],"_links":{"self":[{"href":"https:\/\/historiografija.hr\/index.php?rest_route=\/wp\/v2\/posts\/44612","targetHints":{"allow":["GET"]}}],"collection":[{"href":"https:\/\/historiografija.hr\/index.php?rest_route=\/wp\/v2\/posts"}],"about":[{"href":"https:\/\/historiografija.hr\/index.php?rest_route=\/wp\/v2\/types\/post"}],"author":[{"embeddable":true,"href":"https:\/\/historiografija.hr\/index.php?rest_route=\/wp\/v2\/users\/2"}],"replies":[{"embeddable":true,"href":"https:\/\/historiografija.hr\/index.php?rest_route=%2Fwp%2Fv2%2Fcomments&post=44612"}],"version-history":[{"count":1,"href":"https:\/\/historiografija.hr\/index.php?rest_route=\/wp\/v2\/posts\/44612\/revisions"}],"predecessor-version":[{"id":44614,"href":"https:\/\/historiografija.hr\/index.php?rest_route=\/wp\/v2\/posts\/44612\/revisions\/44614"}],"wp:featuredmedia":[{"embeddable":true,"href":"https:\/\/historiografija.hr\/index.php?rest_route=\/wp\/v2\/media\/44613"}],"wp:attachment":[{"href":"https:\/\/historiografija.hr\/index.php?rest_route=%2Fwp%2Fv2%2Fmedia&parent=44612"}],"wp:term":[{"taxonomy":"category","embeddable":true,"href":"https:\/\/historiografija.hr\/index.php?rest_route=%2Fwp%2Fv2%2Fcategories&post=44612"},{"taxonomy":"post_tag","embeddable":true,"href":"https:\/\/historiografija.hr\/index.php?rest_route=%2Fwp%2Fv2%2Ftags&post=44612"}],"curies":[{"name":"wp","href":"https:\/\/api.w.org\/{rel}","templated":true}]}}