{"id":44606,"date":"2025-01-29T18:31:54","date_gmt":"2025-01-29T18:31:54","guid":{"rendered":"https:\/\/historiografija.hr\/?p=44606"},"modified":"2025-01-29T18:31:54","modified_gmt":"2025-01-29T18:31:54","slug":"poziv-za-prijavu-medunarodna-interdisciplinarna-znanstvena-konferencija-povodom-80-obljetnice-zavrsetka-drugoga-svjetskog-rata-u-europi-kultura-i-pamcenje-rat-i-mir","status":"publish","type":"post","link":"https:\/\/historiografija.hr\/?p=44606","title":{"rendered":"Poziv za prijavu: Me\u0111unarodna interdisciplinarna znanstvena konferencija povodom 80. obljetnice zavr\u0161etka Drugoga svjetskog rata u\u00a0Europi \u201eKultura i\u00a0pam\u0107enje \u2013 rat i\u00a0mir\u201c"},"content":{"rendered":"\n<p>Sveu\u010dili\u0161te \u201eAdam Mickiewicz\u201c u&nbsp;Poznanju<br>Fakultet za&nbsp;poljsku i&nbsp;klasi\u010dnu filologiju<br>Institut za&nbsp;slavensku filologiju<\/p>\n\n\n\n<p>Sveu\u010dili\u0161te u&nbsp;Sarajevu \u2013 Filozofski fakultet<br>Odsjek za&nbsp;knji\u017eevnosti naroda Bosne i&nbsp;Hercegovine<\/p>\n\n\n\n<p><strong>Me\u0111unarodna interdisciplinarna znanstvena konferencija<br>povodom 80. obljetnice zavr\u0161etka Drugoga svjetskog rata u&nbsp;Europi<br><em>Kultura i&nbsp;pam\u0107enje \u2013 rat i&nbsp;mir<\/em><br>8. \u2013 9. 5. 2025.<\/strong><\/p>\n\n\n\n<p>Dok se&nbsp;u&nbsp;svibnju 1945. godine gajila nada da su&nbsp;ratovi stvar pro\u0161losti, 80. obljetnicu zavr\u0161etka Drugoga svjetskog rata svijet do\u010dekuje sa sukobima koji se&nbsp;nisu uspjeli sprije\u010diti, uklju\u010duju\u0107i rat u&nbsp;biv\u0161oj Jugoslaviji 1990-ih, rusku oru\u017eanu agresiju na&nbsp;Ukrajinu i&nbsp;novi sukob u&nbsp;Pojasu Gaze. Sve je&nbsp;ve\u0107a zabrinutost da bi&nbsp;se&nbsp;svijet uskoro mogao suo\u010diti s&nbsp;jo\u0161 jednim kolapsom civilizacije poput globalnoga rata te&nbsp;da \u010dovje\u010danstvo nije izvuklo nikakvu pouku iz tragi\u010dnih doga\u0111aja koji su&nbsp;obilje\u017eili 20. st. Na\u017ealost, \u010dini se&nbsp;da je&nbsp;rat redovita stvarnost, ali nove generacije ula\u017eu vi\u0161e napora u&nbsp;o\u010duvanje mira.<\/p>\n\n\n\n<p>Kultura i&nbsp;svi njezini aspekti odigrali su&nbsp;va\u017enu ulogu u&nbsp;zapo\u010dinjanju i&nbsp;vo\u0111enju ratova, kao i&nbsp;u&nbsp;poku\u0161ajima njihova sprje\u010davanja (od&nbsp;jezika i&nbsp;knji\u017eevnosti preko kazali\u0161ta, filma, slikarstva, glazbe i&nbsp;drugih kulturnih fenomena, do&nbsp;historiografije te&nbsp;humanisti\u010dkih i&nbsp;dru\u0161tvenih znanosti uop\u0107e). To&nbsp;posebice vrijedi za&nbsp;razli\u010dite diskurse politike kulture i&nbsp;sje\u0107anja. U&nbsp;mnogim trenutcima povijesti kultura i&nbsp;politika kulture, uglavnom politika sje\u0107anja, \u010desto su&nbsp;nadahnjivale, poticale ili opravdavale ratne inicijative, dovode\u0107i do&nbsp;stradanja, \u010dak i&nbsp;zlo\u010dina genocida. S&nbsp;druge strane, upravo kroz kulturu, kulturnu politiku i&nbsp;politiku sje\u0107anja poku\u0161avao se&nbsp;organizirati antiratni diskurs kulture mira kao antiteza \u201ekulturi rata\u201d.<\/p>\n\n\n\n<p>Ako \u017eelimo mir, posebice trajan ili barem dugotrajan mir me\u0111u ljudima, narodima i&nbsp;dr\u017eavama, nu\u017eno je&nbsp;preispitati fenomen rata (\u201efenomen Bellona\u201d) kao upozorenje, s&nbsp;obzirom na&nbsp;posljedice koje ratovanje nosi: broj mrtvih, protjerivanja, izgnani\u010dke sudbine, genocid, urbicid, kulturocid ili nepovratno uni\u0161tavanje okoli\u0161a kao rezultat uporabe kemijskoga, biolo\u0161kog ili \u010dak nuklearnog oru\u017eja. Uz teorijska istra\u017eivanja u&nbsp;akademskoj areni, rasprava o&nbsp;ovoj temi potrebna je&nbsp;i&nbsp;name\u0107e nam se&nbsp;kao dru\u0161tveni imperativ aktualnoga postmodernog stanja \u010dovje\u010danstva pred novim oru\u017eanim sukobima.<\/p>\n\n\n\n<p>Na&nbsp;ovoj svijesti temelji se&nbsp;me\u0111unarodna interdisciplinarna znanstvena konferencija Kultura i&nbsp;pam\u0107enje \u2013 rat i&nbsp;mir. Njezin je&nbsp;cilj ne&nbsp;samo obilje\u017eavanje 80. obljetnice zavr\u0161etka Drugoga svjetskog rata u&nbsp;Europi ve\u0107 i&nbsp;daljnje propitivanje kulturnih diskursa, posebice diskursa politike i&nbsp;kulture sje\u0107anja. Upravo zbog toga, akademska zajednica Poznanja, u&nbsp;suradnji prijateljskim akademskim centrima u&nbsp;Bosni i&nbsp;Hercegovini, poziva na&nbsp;razgovor o&nbsp;sje\u0107anju na&nbsp;Drugi svjetski rat i&nbsp;njegove posljedice u&nbsp;doti\u010dnim kulturama, pri \u010demu bi, kao prva \u017ertva izbijanja Drugoga svjetskog rata, Poljska trebala postati prostor za&nbsp;raspravu i&nbsp;promi\u0161ljanje rata. Nasuprot tome, jo\u0161 uvijek sukobljeno i&nbsp;politi\u010dki turbulentno podru\u010dje Balkanskog poluotoka, posebice Bosne i&nbsp;Hercegovine, kojim dominiraju teku\u0107i \u201ekulturni ratovi\u201d i&nbsp;\u201ekultura rata\u201d, ostaje zna\u010dajan primjer politi\u010dke nestabilnosti u&nbsp;Europi, unato\u010d gotovo okrugloj obljetnici Daytonskoga mirovnog sporazuma (1995), a&nbsp;uskoro \u0107e se&nbsp;navr\u0161iti i&nbsp;30 godina od&nbsp;tragi\u010dnih doga\u0111aja genocida u&nbsp;Srebrenici (1995). Polaze\u0107i od&nbsp;pretpostavke da svako, pa&nbsp;i&nbsp;najmanje, promi\u0161ljanje pridonosi izgradnji mira, makar i&nbsp;samo u&nbsp;obliku akademske i&nbsp;dru\u0161tvene rasprave u&nbsp;odnosu na&nbsp;op\u0107u temu konferencije, \u017eelimo potaknuti promi\u0161ljanje o&nbsp;sljede\u0107im i&nbsp;drugim sli\u010dnim pitanjima:<\/p>\n\n\n\n<p>\u2022 Kultura sje\u0107anja i&nbsp;kulturna politika Drugoga svjetskog rata<br>\u2022 Slika rata u&nbsp;kulturi (herojstvo, mu\u010deni\u0161tvo, svakodnevica\u2026)<br>\u2022 Prikaz sje\u0107anja na&nbsp;Drugi svjetski rat<br>\u2022 Sje\u0107anje na&nbsp;Drugi svjetski rat kao poticaj za&nbsp;daljnje promi\u0161ljanje rata i&nbsp;mira<br>\u2022 Kulturna politika i&nbsp;sje\u0107anje na&nbsp;holokaust i&nbsp;druge genocide<br>\u2022 Rat kao urbicid i&nbsp;kulturocid<br>\u2022 \u017densko iskustvo rata, nasilje nad&nbsp;\u017eenama<br>\u2022 Rat iz dje\u010dje perspektive<br>\u2022 Rat kao patnja \u017eivotinja i&nbsp;uni\u0161tavanje okoli\u0161a<br>\u2022 Kultura i&nbsp;sje\u0107anje kao oru\u0111e rata<br>\u2022 Uloga kulture, knji\u017eevnosti i&nbsp;medija u&nbsp;ratnom hu\u0161kanju<br>\u2022 Jezik kao sredstvo rata (ratna retorika, propaganda, govor mr\u017enje\u2026)<br>\u2022 Ratna ideologija u&nbsp;kulturi, umjetnosti, knji\u017eevnosti\u2026<br>\u2022 Antiratna retorika u&nbsp;kulturi, umjetnosti, knji\u017eevnosti\u2026<br>\u2022 Fenomen rata i&nbsp;fenomen mira: Mir kao nepostojano, privremeno stanje izme\u0111u uzastopnih sukoba? Tko je&nbsp;pobjednik, a&nbsp;tko pora\u017eeni?<br>\u2022 Kultura i&nbsp;sje\u0107anje na&nbsp;mir (kraj rata, prekid vatre ili nu\u017ean kompromis?)<br>\u2022 Kad po\u010dinje, a&nbsp;kad zavr\u0161ava rat? Od&nbsp;boji\u0161nice i&nbsp;prve crte do&nbsp;prostora kulture, politike, retorike i&nbsp;medija<br>\u2022 Fenomen hibridnoga rata<br>\u2022 Europska unija kao mirovni projekt<br>\u2022 Suvremene prijetnje novoga imperijalizma i&nbsp;kolonijalizma<\/p>\n\n\n\n<p>Konferencija je&nbsp;interdisciplinarnoga karaktera, obuhva\u0107a sve discipline humanisti\u010dkih i&nbsp;dru\u0161tvenih znanosti te&nbsp;otvara \u0161iroku raspravu o&nbsp;reprezentaciji Drugoga svjetskog rata i&nbsp;sje\u0107anja na&nbsp;rat u&nbsp;jeziku, knji\u017eevnosti, \u0161iroj kulturi i&nbsp;vizualnim umjetnostima. Radni su&nbsp;jezici konferencije poljski, bosanski, hrvatski, srpski, crnogorski i&nbsp;drugi slavenski jezici te&nbsp;engleski jezik.<\/p>\n\n\n\n<p>Prijavnice za&nbsp;konferenciju primaju se&nbsp;do&nbsp;<strong>8. 3. 2025. godine<\/strong>. Molimo da po\u0161aljete elektroni\u010dku prijavnicu na&nbsp;<strong>poznan.sarajevo2025@gmail.com<\/strong>. Kotizacija za&nbsp;konferenciju iznosi <strong>500,00 PLN<\/strong> ili <strong>120,00 \u20ac<\/strong> (za&nbsp;inozemne sudionike), a&nbsp;uklju\u010duje organiziranje skupa i&nbsp;pokrivanje tro\u0161kova izdavanja recenzirane monografije. Podatci za&nbsp;uplatu kotizacije bit \u0107e poslani sudionicima nakon obavijesti o&nbsp;prihva\u0107anju prijavnica za&nbsp;konferenciju oko <strong>20. 3. 2025. godine<\/strong>.<\/p>\n\n\n\n<p>Konferencija je&nbsp;planirana u&nbsp;hibridnome obliku: u&nbsp;Poznanju, Collegium Maius, ul.&nbsp;Fredry 10 te&nbsp;na&nbsp;daljinu kori\u0161tenjem aplikacije Microsoft Teams. Kona\u010dne informacije o&nbsp;obliku sudjelovanja potrebno je&nbsp;dostaviti do&nbsp;<strong>25. 4. 2025. godine<\/strong>.<\/p>\n\n\n\n<p>Organizacijski odbor konferencije:<br>Prof.&nbsp;dr. sci. Ewa Szperlik, predsjedavaju\u0107a Organizacijskog odbora, izvanredna profesorica, Odsjek za&nbsp;ju\u017enoslavenske knji\u017eevnosti<br>Prof.&nbsp;dr. sci. Sanjin Kodri\u0107, kopredsjedavaju\u0107i Organizacijskog odbora, redoviti profesor, Odsjek za&nbsp;knji\u017eevnosti naroda Bosne i&nbsp;Hercegovine<br>Prof.&nbsp;dr. sci. Anna Gawarecka, izvanredna profesorica, Odsjek za&nbsp;zapadnoslavenske jezike i&nbsp;knji\u017eevnosti<br>Prof.&nbsp;dr. sci. Marzanna Kuczy\u0144ska, izvanredna profesorica, Slavisti\u010dko povjerenstvo Poljske akademije znanosti, Poznanj<br>Prof.&nbsp;dr. sci. Almedina \u010cengi\u0107, redovita profesorica, Odsjek za&nbsp;knji\u017eevnosti naroda Bosne i&nbsp;Hercegovine<br>Dr. sci. Magdalena Baer, koordinatorica Organizacijskog odbora, Odsjek za&nbsp;ju\u017enoslavenske jezike<br>Elmir Spahi\u0107, MA, tajnik Organizacijskog odbora, Odsjek za&nbsp;knji\u017eevnosti naroda Bosne i&nbsp;Hercegovine<\/p>\n\n\n\n<hr class=\"wp-block-separator has-alpha-channel-opacity\"\/>\n\n\n\n<p>Izvor i dodatne obavijesti:<\/p>\n\n\n\n<figure class=\"wp-block-embed is-type-wp-embed is-provider-instytut-filologii-s-owia-skiej wp-block-embed-instytut-filologii-s-owia-skiej\"><div class=\"wp-block-embed__wrapper\">\n<blockquote class=\"wp-embedded-content\" data-secret=\"q5PkdMqzdc\"><a href=\"https:\/\/slawistyka.amu.edu.pl\/konferencja-kultura-i-pamiec-wojna-i-pokoj\/\">Konferencja &#8222;Kultura i pami\u0119\u0107 &#8211; Wojna i pok\u00f3j&#8221;<\/a><\/blockquote><iframe loading=\"lazy\" class=\"wp-embedded-content\" sandbox=\"allow-scripts\" security=\"restricted\" style=\"position: absolute; visibility: hidden;\" title=\"&#8222;Konferencja &#8222;Kultura i pami\u0119\u0107 &#8211; Wojna i pok\u00f3j&#8221;&#8221; &#8212; Instytut Filologii S\u0142owia\u0144skiej\" src=\"https:\/\/slawistyka.amu.edu.pl\/konferencja-kultura-i-pamiec-wojna-i-pokoj\/embed\/#?secret=jv7IyC5qGa#?secret=q5PkdMqzdc\" data-secret=\"q5PkdMqzdc\" width=\"600\" height=\"338\" frameborder=\"0\" marginwidth=\"0\" marginheight=\"0\" scrolling=\"no\"><\/iframe>\n<\/div><\/figure>\n\n\n\n<hr class=\"wp-block-separator has-alpha-channel-opacity\"\/>\n","protected":false},"excerpt":{"rendered":"","protected":false},"author":2,"featured_media":44607,"comment_status":"open","ping_status":"open","sticky":false,"template":"","format":"standard","meta":{"_acf_changed":false,"jetpack_post_was_ever_published":false,"_jetpack_newsletter_access":"","_jetpack_dont_email_post_to_subs":false,"_jetpack_newsletter_tier_id":0,"_jetpack_memberships_contains_paywalled_content":false,"_jetpack_memberships_contains_paid_content":false,"footnotes":"","jetpack_publicize_message":"","jetpack_publicize_feature_enabled":true,"jetpack_social_post_already_shared":true,"jetpack_social_options":{"image_generator_settings":{"template":"highway","default_image_id":0,"font":"","enabled":false},"version":2}},"categories":[3,9],"tags":[],"class_list":["post-44606","post","type-post","status-publish","format-standard","has-post-thumbnail","hentry","category-novosti","category-skupovi"],"acf":{"facebook_opis":""},"jetpack_publicize_connections":[],"jetpack_featured_media_url":"https:\/\/i0.wp.com\/historiografija.hr\/wp-content\/uploads\/2025\/01\/Konferencija_2025.png?fit=1898%2C888&ssl=1","jetpack_sharing_enabled":true,"jetpack-related-posts":[],"_links":{"self":[{"href":"https:\/\/historiografija.hr\/index.php?rest_route=\/wp\/v2\/posts\/44606","targetHints":{"allow":["GET"]}}],"collection":[{"href":"https:\/\/historiografija.hr\/index.php?rest_route=\/wp\/v2\/posts"}],"about":[{"href":"https:\/\/historiografija.hr\/index.php?rest_route=\/wp\/v2\/types\/post"}],"author":[{"embeddable":true,"href":"https:\/\/historiografija.hr\/index.php?rest_route=\/wp\/v2\/users\/2"}],"replies":[{"embeddable":true,"href":"https:\/\/historiografija.hr\/index.php?rest_route=%2Fwp%2Fv2%2Fcomments&post=44606"}],"version-history":[{"count":1,"href":"https:\/\/historiografija.hr\/index.php?rest_route=\/wp\/v2\/posts\/44606\/revisions"}],"predecessor-version":[{"id":44608,"href":"https:\/\/historiografija.hr\/index.php?rest_route=\/wp\/v2\/posts\/44606\/revisions\/44608"}],"wp:featuredmedia":[{"embeddable":true,"href":"https:\/\/historiografija.hr\/index.php?rest_route=\/wp\/v2\/media\/44607"}],"wp:attachment":[{"href":"https:\/\/historiografija.hr\/index.php?rest_route=%2Fwp%2Fv2%2Fmedia&parent=44606"}],"wp:term":[{"taxonomy":"category","embeddable":true,"href":"https:\/\/historiografija.hr\/index.php?rest_route=%2Fwp%2Fv2%2Fcategories&post=44606"},{"taxonomy":"post_tag","embeddable":true,"href":"https:\/\/historiografija.hr\/index.php?rest_route=%2Fwp%2Fv2%2Ftags&post=44606"}],"curies":[{"name":"wp","href":"https:\/\/api.w.org\/{rel}","templated":true}]}}