{"id":44591,"date":"2025-01-28T19:50:10","date_gmt":"2025-01-28T19:50:10","guid":{"rendered":"https:\/\/historiografija.hr\/?p=44591"},"modified":"2025-01-28T19:50:10","modified_gmt":"2025-01-28T19:50:10","slug":"darko-gavrilovic-svetozar-pribicevic-i-hrvatsko-srpski-odnosi-na-prijelazu-stoljeca","status":"publish","type":"post","link":"https:\/\/historiografija.hr\/?p=44591","title":{"rendered":"Darko Gavrilovi\u0107, \u201eSvetozar Pribi\u0107evi\u0107 i hrvatsko-srpski odnosi na prijelazu stolje\u0107a\u201c"},"content":{"rendered":"\n<p>U novijoj hrvatskoj i jugoslavenskoj povijesti Svetozar Pribi\u0107evi\u0107 je bez sumnje imao va\u017enu ulogu u politi\u010dkim doga\u0111ajima u prvim desetlje\u0107ima 20. stolje\u0107a. Stasav\u0161i u Srpskoj narodnoj samostalnoj stranci od 1902, uspio je od 1905. do 1918. godine uspeti se do samog njenog politi\u010dkog vrha i biti jednim od osniva\u010da Hrvatsko-srpske koalicije, da bi, sa stvaranjem Kraljevine SHS 1918. godine, njegovo ime postalo usko vezano za strana\u010dke organizacije kojima je od tada bio na \u010delu ili pak iz kojih je, zbog politi\u010dkih neslaganja, izlazio (Demokratska stranka, Samostalna demokratska stranka).<\/p>\n\n\n\n<p>Ideolo\u0161ko uobli\u010davanje politi\u010dkih stavova Svetozara Pribi\u0107evi\u0107a glede hrvatsko-srpskih odnosa, nacionalnih identiteta ova dva naroda, ali i stvaranja budu\u0107e zajedni\u010dke dr\u017eave, mo\u017ee se pratiti od onog trena kada je 1897. u Narodnoj misli objavio svoj programski \u010dlanak \u201eMisao vodilja Srba i Hrvata\u201c. Mada je u njemu po\u0161ao od realne pretpostavke da je polo\u017eaj Hrvata i Srba u Hrvatskoj ugro\u017een od ma\u0111arske prevlasti te da se Hrvati i Srbi, do tada podijeljeni, trebaju ujediniti u zajedni\u010dkoj borbi, do\u0161ao je do nerealne ideje da su Hrvati i Srbi jedan narod i stoga trebaju voditi jedinstvenu politiku koja za krajnji cilj ima stvaranje jedinstvene ju\u017enoslavenske dr\u017eave u \u010diji bi sastav u\u0161le ju\u017enoslavenske zemlje Austro-Ugarske, Srbija, Makedonija i Crna Gora. Nacionalni unitarizam postao je glavnom zna\u010dajkom njegove predratne politike, a bit \u0107e klju\u010dan i u vrijeme stvaranja Kraljevstva SHS.<\/p>\n\n\n\n<hr class=\"wp-block-separator has-alpha-channel-opacity\"\/>\n\n\n\n<p>Izvori:<\/p>\n\n\n\n<figure class=\"wp-block-embed is-type-wp-embed is-provider-srednja-europa wp-block-embed-srednja-europa\"><div class=\"wp-block-embed__wrapper\">\n<blockquote class=\"wp-embedded-content\" data-secret=\"cf79SgCqB5\"><a href=\"https:\/\/srednja-europa.hr\/proizvod\/svetozar-pribicevic-i-hrvatsko-srpski-odnosi-na-prijelazu-stoljeca\/\">Svetozar Pribi\u0107evi\u0107 i hrvatsko-srpski odnosi na prijelazu stolje\u0107a<\/a><\/blockquote><iframe loading=\"lazy\" class=\"wp-embedded-content\" sandbox=\"allow-scripts\" security=\"restricted\" style=\"position: absolute; visibility: hidden;\" title=\"&#8220;Svetozar Pribi\u0107evi\u0107 i hrvatsko-srpski odnosi na prijelazu stolje\u0107a&#8221; &#8212; Srednja Europa\" src=\"https:\/\/srednja-europa.hr\/proizvod\/svetozar-pribicevic-i-hrvatsko-srpski-odnosi-na-prijelazu-stoljeca\/embed\/#?secret=cf79SgCqB5\" data-secret=\"cf79SgCqB5\" width=\"600\" height=\"338\" frameborder=\"0\" marginwidth=\"0\" marginheight=\"0\" scrolling=\"no\"><\/iframe>\n<\/div><\/figure>\n\n\n\n<p><a href=\"https:\/\/historiografija.ba\/knjige\/jugoistocna-evropa\/svetozar-pribicevic-i-hrvatsko-srpski-odnosi\">https:\/\/historiografija.ba\/knjige\/jugoistocna-evropa\/svetozar-pribicevic-i-hrvatsko-srpski-odnosi<\/a><\/p>\n\n\n\n<hr class=\"wp-block-separator has-alpha-channel-opacity\"\/>\n","protected":false},"excerpt":{"rendered":"","protected":false},"author":2,"featured_media":44592,"comment_status":"open","ping_status":"open","sticky":false,"template":"","format":"standard","meta":{"_acf_changed":false,"jetpack_post_was_ever_published":false,"_jetpack_newsletter_access":"","_jetpack_dont_email_post_to_subs":false,"_jetpack_newsletter_tier_id":0,"_jetpack_memberships_contains_paywalled_content":false,"_jetpack_memberships_contains_paid_content":false,"footnotes":"","jetpack_publicize_message":"","jetpack_publicize_feature_enabled":true,"jetpack_social_post_already_shared":true,"jetpack_social_options":{"image_generator_settings":{"template":"highway","default_image_id":0,"font":"","enabled":false},"version":2}},"categories":[8,3],"tags":[],"class_list":["post-44591","post","type-post","status-publish","format-standard","has-post-thumbnail","hentry","category-knjige","category-novosti"],"acf":{"facebook_opis":""},"jetpack_publicize_connections":[],"jetpack_featured_media_url":"https:\/\/i0.wp.com\/historiografija.hr\/wp-content\/uploads\/2025\/01\/Pribicevic.jpg?fit=555%2C555&ssl=1","jetpack_sharing_enabled":true,"jetpack-related-posts":[],"_links":{"self":[{"href":"https:\/\/historiografija.hr\/index.php?rest_route=\/wp\/v2\/posts\/44591","targetHints":{"allow":["GET"]}}],"collection":[{"href":"https:\/\/historiografija.hr\/index.php?rest_route=\/wp\/v2\/posts"}],"about":[{"href":"https:\/\/historiografija.hr\/index.php?rest_route=\/wp\/v2\/types\/post"}],"author":[{"embeddable":true,"href":"https:\/\/historiografija.hr\/index.php?rest_route=\/wp\/v2\/users\/2"}],"replies":[{"embeddable":true,"href":"https:\/\/historiografija.hr\/index.php?rest_route=%2Fwp%2Fv2%2Fcomments&post=44591"}],"version-history":[{"count":1,"href":"https:\/\/historiografija.hr\/index.php?rest_route=\/wp\/v2\/posts\/44591\/revisions"}],"predecessor-version":[{"id":44593,"href":"https:\/\/historiografija.hr\/index.php?rest_route=\/wp\/v2\/posts\/44591\/revisions\/44593"}],"wp:featuredmedia":[{"embeddable":true,"href":"https:\/\/historiografija.hr\/index.php?rest_route=\/wp\/v2\/media\/44592"}],"wp:attachment":[{"href":"https:\/\/historiografija.hr\/index.php?rest_route=%2Fwp%2Fv2%2Fmedia&parent=44591"}],"wp:term":[{"taxonomy":"category","embeddable":true,"href":"https:\/\/historiografija.hr\/index.php?rest_route=%2Fwp%2Fv2%2Fcategories&post=44591"},{"taxonomy":"post_tag","embeddable":true,"href":"https:\/\/historiografija.hr\/index.php?rest_route=%2Fwp%2Fv2%2Ftags&post=44591"}],"curies":[{"name":"wp","href":"https:\/\/api.w.org\/{rel}","templated":true}]}}