{"id":44569,"date":"2025-01-28T16:54:22","date_gmt":"2025-01-28T16:54:22","guid":{"rendered":"https:\/\/historiografija.hr\/?p=44569"},"modified":"2025-01-28T16:54:22","modified_gmt":"2025-01-28T16:54:22","slug":"predavanja-ljiljane-kolesnik-i-ozrena-pupovca-uz-kraj-izlozbe-o-rijeckim-salonima","status":"publish","type":"post","link":"https:\/\/historiografija.hr\/?p=44569","title":{"rendered":"Predavanja Ljiljane Kole\u0161nik i Ozrena Pupovca uz kraj izlo\u017ebe o rije\u010dkim Salonima"},"content":{"rendered":"\n<p>Uz kraj izlo\u017ebe \u201cKontinuiteti i prekidi\u201d, kojom se obilje\u017eava sedamdeset godina od antologijske izlo\u017ebe \u201cSalon 54\u201d u MMSU u Rijeci \u0107e se odr\u017eati predavanja Ljiljane Kole\u0161nik i Ozrena Pupovca.<\/p>\n\n\n\n<p><strong>28. 1. u 18 sati&nbsp; \/ Ljiljana Kole\u0161nik, \u201cRije\u010dka Galerija likovnih umjetnosti i poslijeratna moderna umjetnost\u201d<\/strong><\/p>\n\n\n\n<p><strong>29. 1. u 18 sati&nbsp; \/ Ozren Pupovac, \u201cNaknadno o utopiji \u2013 neka razmi\u0161ljanja o formi manifesta\u201d<\/strong><\/p>\n\n\n\n<p>Ljiljana Kole\u0161nik, znanstvena savjetnica u trajnom zvanju (IPU Zagreb) i stru\u010dna suradnica na izlo\u017ebi \u201cKontinuiteti i prekidi\u201d, odr\u017eat \u0107e predavanje pod naslovom \u201cRije\u010dka Galerija likovnih umjetnosti i poslijeratna moderna umjetnost\u201d 28. 1. u 18 sati. Dan kasnije, 29. 1. s po\u010detkom u 18 sati Ozren Pupovac odr\u017eat \u0107e predavanje&nbsp;\u201cNaknadno o utopiji \u2013 neka razmi\u0161ljanja o formi manifesta\u201d. Ozren Pupovac predaje filozofiju i kriti\u010dku teoriju na Filozofskom fakultetu u Rijeci , a predavanje se nadovezuje i na ovogodi\u0161nju radionicu likovne kritike s temom kolektiva i grupnog rada.<\/p>\n\n\n\n<p>SA\u017dECI PREDAVANJA I BIOGRAFIJE:<\/p>\n\n\n\n<p><strong>Ljiljana Kole\u0161nik, \u201cRije\u010dka Galerija likovnih umjetnosti i poslijeratna moderna umjetnost\u201d. 28.1. u 18 sati, MMSU<\/strong><\/p>\n\n\n\n<p>Uz Dubrovnik, Rijeka je bila prvo, regionalno kulturno sredi\u0161te u Hrvatskoj u kojem je, odmah nakon njezina formalnog pripajanja matici-zemlji, 1947. godine, osnovana Galerija. Razlozi&nbsp; osnivanja Galerije te njezinog slijednog, ubrzanog uklju\u010divanja u najva\u017enija zbivanja na hrvatskoj i jugoslavenskoj umjetni\u010dkoj sceni 1950-ih i po\u010detka 1960-ih godina, u \u010dijoj se pozadini ispreple\u0107u kulturne s politi\u010dkim politikama, pitanja umjetni\u010dke i kustoske autonomije s reprezentacijskim potrebama socijalisti\u010dke dr\u017eave, me\u0111unarodni odnosi i me\u0111unarodna kulturna razmjena s (hijerarhijskim) odnosima doma\u0107ih kulturnih sredi\u0161ta te dru\u0161tveno odre\u0111enje funkcije muzeja\/galerija moderne umjetnosti u poslijeratnim procesima modernizacije s kulturalnim (i politi\u010dkim) posljedicama aproprijacije bur\u017eoaske institucije umjetnosti, tema su ovoga predavanja. Uzimaju\u0107i kao primjer rije\u010dku Galeriju, predavanje \u0107e se dotaknuti i zbivanja na globalnoj umjetni\u010dkoj sceni, te usporediti ulogu me\u0111unarodnih izlo\u017eaba 1950-ih godina u formiranju kanona europskog poslijeratnog modernizma s ulogom rije\u010dkih Salona u njegovoj artikulaciji unutar \u201ejugoslavenskog umjetni\u010dkog prostora\u201c.<\/p>\n\n\n\n<p><strong>Ljiljana Kole\u0161nik<\/strong> je znanstvena savjetnica u trajnom zvanju na Institutu za povijest umjetnosti u Zagrebu, koja se bavi poslijeratnim modernizmom iz perspektive odnosa umjetnost i politike, te srednjoisto\u010dnoeuropskom feministi\u010dkom\/\u017eenskom umjetno\u0161\u0107u izme\u0111u 1960-ih i 1990-ih. Zanima je i pozicija vizualnih umjetnosti unutar praksi me\u0111unarodne kulturne razmjene izme\u0111u socijalisti\u010dke Jugoslavije (socijalisti\u010dke Europe) i globalnog juga, kao i odnos izme\u0111u postkolonijalnih kulturnih politika utemeljenih na razli\u010ditim povijesnim iskustvima kolonijalizma i razli\u010ditim kulturnim tradicijama koje uokviruju politi\u010dki univerzum Nesvrstanosti. Posljednjih desetak godina intenzivno se bavi i istra\u017eivanjima u podru\u010dju digitalne povijesti umjetnosti, ispituju\u0107i&nbsp; analiti\u010dki potencijal mre\u017ene analize i vizualizacije prostorno-vremenskih podataka te njihovu primjenu u istra\u017eivanju globalnog kru\u017eenja osoba, predmeta i ideja u razdoblju hladnog rata.<\/p>\n\n\n\n<p><strong>Ozren Pupovac, \u201cNaknadno o utopiji \u2013 neka razmi\u0161ljanja o formi manifesta\u201d, 29.1. u 18 sati, MMSU<\/strong><\/p>\n\n\n\n<p>Kraj dvadesetog stolje\u0107a ne donosi samo \u201ekraj utopija\u201c ve\u0107 i poziv \u2013 u tome je i paradoks dana\u0161nje reakcije \u2013 na njihovo svestrano obnavljanje. Suvremena konstelacija opskurantizma i dezorijentacije toliko su\u017eava mogu\u0107nosti emancipatornih praksi da op\u0107i sud bilo kakvu realnu drugost kapitalizmu zami\u0161lja tek kao potencijal utopije. Ipak, proteklo nas stolje\u0107e u\u010di i o jednoj druga\u010dijoj vremenitosti radikalne transformacije: kako u umjetnosti tako i politici, ono novo se, naime, nije pisalo samo kao obe\u0107anje i nadanje, kao utopijska projekcija nekog neprisutnog budu\u0107eg, ve\u0107 i kroz geste buntovne proizvodnje sada\u0161njosti kao razlike, kao ustrajanje u mogu\u0107oj prisutnosti onog ekscesivnog i heterogenog, ovdje i sada. Druga vrsta najave ne\u010deg do sada nepostoje\u0107eg, koja prati oblike avangarde, za razliku od utopijske predstave ili imaginacije, smje\u0161ta budu\u0107nost u samu sada\u0161njost: ne kao ne\u0161to naknadno, ve\u0107 kao urgentnost i iznimnost, ali i fragilnost same geste stvaranja ili emancipatorne mjene. Neke op\u0107e obrise ove logike poku\u0161ati \u0107emo trasirati kroz formu manifesta, kao svojevrsnog teksta avangarde, a tako i kroz politi\u010dko mi\u0161ljenje koje se uz njega vezuje, od Machiavellija, preko Marxa do Badioua.<\/p>\n\n\n\n<p><strong>Ozren Pupovac<\/strong> predaje filozofiju i kriti\u010dku teoriju na Filozofskom fakultetu u Rijeci gdje vodi Centar za teorijska i kriti\u010dka istra\u017eivanja. Osnovna podru\u010dja njegovog istra\u017eivanja su suvremena francuska teorija, marksizam i politike emancipacije, te spekulativno naslije\u0111e klasi\u010dnog njema\u010dkog idealizma. Od 2008. godine zajedno s Brunom Besanom koordinira istra\u017eiva\u010dku platformu \u201cVersus Laboratory: Dissensual Relations are Points of Thought\u201d. Autor je monografije \u201cElements for a Critique of Post-Socialism\u201d (Zagreb: Multimedijalni institut, 2023.), kao i urednik zbornika (uz Leonarda Kova\u010devi\u0107a) \u201cUtopije: politike i strategije ne-mjesta\u201d (Zagreb: Bijeli val, 2023.).<\/p>\n\n\n\n<p>Foto: Uredski prostor Galerije likovnih umjetnosti u prostoru Doma kulture \u201eVladimir \u0160valba Vid\u201c nakon 1954. godine<\/p>\n\n\n\n<hr class=\"wp-block-separator has-alpha-channel-opacity\"\/>\n\n\n\n<p>Izvor:<\/p>\n\n\n\n<figure class=\"wp-block-embed is-type-wp-embed is-provider-muzej-moderne-i-suvremene-umjetnosti wp-block-embed-muzej-moderne-i-suvremene-umjetnosti\"><div class=\"wp-block-embed__wrapper\">\n<blockquote class=\"wp-embedded-content\" data-secret=\"bdD9UzR2kN\"><a href=\"https:\/\/mmsu.hr\/dogadaji\/predavanja-ljiljane-kolesnik-i-ozrena-pupovca-uz-kraj-izlozbe-o-rijeckim-salonima\/\">Predavanja Ljiljane Kole\u0161nik i Ozrena Pupovca uz kraj izlo\u017ebe o rije\u010dkim Salonima<\/a><\/blockquote><iframe loading=\"lazy\" class=\"wp-embedded-content\" sandbox=\"allow-scripts\" security=\"restricted\" style=\"position: absolute; visibility: hidden;\" title=\"&#8220;Predavanja Ljiljane Kole\u0161nik i Ozrena Pupovca uz kraj izlo\u017ebe o rije\u010dkim Salonima&#8221; &#8212; Muzej moderne i suvremene umjetnosti\" src=\"https:\/\/mmsu.hr\/dogadaji\/predavanja-ljiljane-kolesnik-i-ozrena-pupovca-uz-kraj-izlozbe-o-rijeckim-salonima\/embed\/#?secret=NRwNY6Ly6C#?secret=bdD9UzR2kN\" data-secret=\"bdD9UzR2kN\" width=\"600\" height=\"338\" frameborder=\"0\" marginwidth=\"0\" marginheight=\"0\" scrolling=\"no\"><\/iframe>\n<\/div><\/figure>\n\n\n\n<hr class=\"wp-block-separator has-alpha-channel-opacity\"\/>\n","protected":false},"excerpt":{"rendered":"","protected":false},"author":2,"featured_media":44570,"comment_status":"open","ping_status":"open","sticky":false,"template":"","format":"standard","meta":{"_acf_changed":false,"jetpack_post_was_ever_published":false,"_jetpack_newsletter_access":"","_jetpack_dont_email_post_to_subs":false,"_jetpack_newsletter_tier_id":0,"_jetpack_memberships_contains_paywalled_content":false,"_jetpack_memberships_contains_paid_content":false,"footnotes":"","jetpack_publicize_message":"","jetpack_publicize_feature_enabled":true,"jetpack_social_post_already_shared":true,"jetpack_social_options":{"image_generator_settings":{"template":"highway","default_image_id":0,"font":"","enabled":false},"version":2}},"categories":[3],"tags":[],"class_list":["post-44569","post","type-post","status-publish","format-standard","has-post-thumbnail","hentry","category-novosti"],"acf":{"facebook_opis":""},"jetpack_publicize_connections":[],"jetpack_featured_media_url":"https:\/\/i0.wp.com\/historiografija.hr\/wp-content\/uploads\/2025\/01\/F-218_-1024x872-1.jpg?fit=1024%2C872&ssl=1","jetpack_sharing_enabled":true,"jetpack-related-posts":[],"_links":{"self":[{"href":"https:\/\/historiografija.hr\/index.php?rest_route=\/wp\/v2\/posts\/44569","targetHints":{"allow":["GET"]}}],"collection":[{"href":"https:\/\/historiografija.hr\/index.php?rest_route=\/wp\/v2\/posts"}],"about":[{"href":"https:\/\/historiografija.hr\/index.php?rest_route=\/wp\/v2\/types\/post"}],"author":[{"embeddable":true,"href":"https:\/\/historiografija.hr\/index.php?rest_route=\/wp\/v2\/users\/2"}],"replies":[{"embeddable":true,"href":"https:\/\/historiografija.hr\/index.php?rest_route=%2Fwp%2Fv2%2Fcomments&post=44569"}],"version-history":[{"count":1,"href":"https:\/\/historiografija.hr\/index.php?rest_route=\/wp\/v2\/posts\/44569\/revisions"}],"predecessor-version":[{"id":44571,"href":"https:\/\/historiografija.hr\/index.php?rest_route=\/wp\/v2\/posts\/44569\/revisions\/44571"}],"wp:featuredmedia":[{"embeddable":true,"href":"https:\/\/historiografija.hr\/index.php?rest_route=\/wp\/v2\/media\/44570"}],"wp:attachment":[{"href":"https:\/\/historiografija.hr\/index.php?rest_route=%2Fwp%2Fv2%2Fmedia&parent=44569"}],"wp:term":[{"taxonomy":"category","embeddable":true,"href":"https:\/\/historiografija.hr\/index.php?rest_route=%2Fwp%2Fv2%2Fcategories&post=44569"},{"taxonomy":"post_tag","embeddable":true,"href":"https:\/\/historiografija.hr\/index.php?rest_route=%2Fwp%2Fv2%2Ftags&post=44569"}],"curies":[{"name":"wp","href":"https:\/\/api.w.org\/{rel}","templated":true}]}}