{"id":44566,"date":"2025-01-28T16:46:50","date_gmt":"2025-01-28T16:46:50","guid":{"rendered":"https:\/\/historiografija.hr\/?p=44566"},"modified":"2025-01-28T16:46:50","modified_gmt":"2025-01-28T16:46:50","slug":"dokukino-sutnja-razuma","status":"publish","type":"post","link":"https:\/\/historiografija.hr\/?p=44566","title":{"rendered":"Dokukino: \u0160utnja razuma"},"content":{"rendered":"\n<p><strong>\u0160utnja razuma<\/strong><\/p>\n\n\n\n<p>re\u017eija: Kumjana Novakova \/ Sjeverna Makedonija, BiH \/ 2023. \/ 63&#8242;<\/p>\n\n\n\n<p>jezik: engleski, bosanski, titlovi: engleski<\/p>\n\n\n\n<hr class=\"wp-block-separator has-alpha-channel-opacity\"\/>\n\n\n\n<p>Datum: 31.1.2025.<\/p>\n\n\n\n<p>Vrijeme: 19:30 &#8211; 20:30&nbsp;&nbsp;&nbsp;&nbsp;&nbsp;&nbsp;&nbsp;&nbsp;&nbsp;<\/p>\n\n\n\n<p>Dokukino KIC, Preradovi\u0107eva 5, Zagreb<\/p>\n\n\n\n<hr class=\"wp-block-separator has-alpha-channel-opacity\"\/>\n\n\n\n<p>Forenzi\u010dki video-esej&nbsp;<strong>Kumjane Novakove<\/strong> <strong><em>\u0160utnja razuma <\/em><\/strong>baziran je na pisanim svjedo\u010danstvima \u017eena silovanih i zlostavljanih tijekom rata u Bosni te istra\u017euje kolektivno sje\u0107anje na logore za silovanje. Film je izgra\u0111en kao performativno istra\u017eivanje prvog me\u0111unarodnog kaznenog sudskog procesa koji je osudio ratno silovanje kao oblik mu\u010denja, a ratno seksualno porobljavanje kao zlo\u010din protiv \u010dovje\u010dnosti. \u201e\u0160utnja razuma\u201c djeluje kao samo sje\u0107anje: neuhvatljivo i fluidno film odbija kadriranje i kre\u0107e se u svim prostornim i vremenskim smjerovima. Pojedina\u010dna iskustva nasilja i mu\u010denja preta\u010du se u na\u0161a kolektivna sje\u0107anja nadilaze\u0107i vrijeme i prostor. Film je osvojio niz va\u017enih priznanja \u2013 uklju\u010duju\u0107i <strong>nagradu za najbolju re\u017eiju na najve\u0107em svjetskom festivalu dokumentarnog filma IDFA<\/strong>, <strong>Srce Sarajeva za ljudska prav<\/strong>a i <strong>nagradu za najbolji film u programu Hrabri Balkan<\/strong> (Festival autorskog filma u Beogradu).<\/p>\n\n\n\n<p>Kumjana Novakova suosniva\u010dica je Pravo Ljudskog Film Festivala u Sarajevu te djeluje kao njegova glavna kustosica i direktorica. Tako\u0111er je vodila Filmski odjel Muzeja suvremene umjetnosti u Skoplju od 2018. do 2021. godine. Njeno autorsko polje istra\u017eivanja le\u017ei izme\u0111u kinematografije i suvremene videoumjetnosti, a \u010desto istra\u017euje kako se pokretne slike obra\u0107aju identitetima, sje\u0107anjima i kolektivnom jastvu. Izvanredna je profesorica na Master of Film of the Netherlands Film Academy te poha\u0111a doktorski studij iz suvremene umjetnosti i medija u Beogradu. Trenuta\u010dno \u017eivi izme\u0111u Sarajeva i Skoplja.<\/p>\n\n\n\n<hr class=\"wp-block-separator has-alpha-channel-opacity\"\/>\n\n\n\n<p>Izvor:<\/p>\n\n\n\n<figure class=\"wp-block-embed is-type-wp-embed is-provider-dokukino-kic-kino-sa-stavom wp-block-embed-dokukino-kic-kino-sa-stavom\"><div class=\"wp-block-embed__wrapper\">\n<blockquote class=\"wp-embedded-content\" data-secret=\"WXs0YDORHv\"><a href=\"https:\/\/dokukino.net\/film\/sutnja-razuma-2025-01-31\/\">\u0160utnja razuma<\/a><\/blockquote><iframe loading=\"lazy\" class=\"wp-embedded-content\" sandbox=\"allow-scripts\" security=\"restricted\" style=\"position: absolute; visibility: hidden;\" title=\"&#8220;\u0160utnja razuma&#8221; &#8212; Dokukino KIC - Kino sa stavom\" src=\"https:\/\/dokukino.net\/film\/sutnja-razuma-2025-01-31\/embed\/#?secret=uO3stv73WV#?secret=WXs0YDORHv\" data-secret=\"WXs0YDORHv\" width=\"600\" height=\"338\" frameborder=\"0\" marginwidth=\"0\" marginheight=\"0\" scrolling=\"no\"><\/iframe>\n<\/div><\/figure>\n\n\n\n<hr class=\"wp-block-separator has-alpha-channel-opacity\"\/>\n","protected":false},"excerpt":{"rendered":"","protected":false},"author":2,"featured_media":44567,"comment_status":"open","ping_status":"open","sticky":false,"template":"","format":"standard","meta":{"_acf_changed":false,"jetpack_post_was_ever_published":false,"_jetpack_newsletter_access":"","_jetpack_dont_email_post_to_subs":false,"_jetpack_newsletter_tier_id":0,"_jetpack_memberships_contains_paywalled_content":false,"_jetpack_memberships_contains_paid_content":false,"footnotes":"","jetpack_publicize_message":"","jetpack_publicize_feature_enabled":true,"jetpack_social_post_already_shared":true,"jetpack_social_options":{"image_generator_settings":{"template":"highway","default_image_id":0,"font":"","enabled":false},"version":2}},"categories":[13,3],"tags":[],"class_list":["post-44566","post","type-post","status-publish","format-standard","has-post-thumbnail","hentry","category-filmovi-i-serije","category-novosti"],"acf":{"facebook_opis":""},"jetpack_publicize_connections":[],"jetpack_featured_media_url":"https:\/\/i0.wp.com\/historiografija.hr\/wp-content\/uploads\/2025\/01\/Sutnja-razuma.jpeg?fit=1200%2C675&ssl=1","jetpack_sharing_enabled":true,"jetpack-related-posts":[],"_links":{"self":[{"href":"https:\/\/historiografija.hr\/index.php?rest_route=\/wp\/v2\/posts\/44566","targetHints":{"allow":["GET"]}}],"collection":[{"href":"https:\/\/historiografija.hr\/index.php?rest_route=\/wp\/v2\/posts"}],"about":[{"href":"https:\/\/historiografija.hr\/index.php?rest_route=\/wp\/v2\/types\/post"}],"author":[{"embeddable":true,"href":"https:\/\/historiografija.hr\/index.php?rest_route=\/wp\/v2\/users\/2"}],"replies":[{"embeddable":true,"href":"https:\/\/historiografija.hr\/index.php?rest_route=%2Fwp%2Fv2%2Fcomments&post=44566"}],"version-history":[{"count":1,"href":"https:\/\/historiografija.hr\/index.php?rest_route=\/wp\/v2\/posts\/44566\/revisions"}],"predecessor-version":[{"id":44568,"href":"https:\/\/historiografija.hr\/index.php?rest_route=\/wp\/v2\/posts\/44566\/revisions\/44568"}],"wp:featuredmedia":[{"embeddable":true,"href":"https:\/\/historiografija.hr\/index.php?rest_route=\/wp\/v2\/media\/44567"}],"wp:attachment":[{"href":"https:\/\/historiografija.hr\/index.php?rest_route=%2Fwp%2Fv2%2Fmedia&parent=44566"}],"wp:term":[{"taxonomy":"category","embeddable":true,"href":"https:\/\/historiografija.hr\/index.php?rest_route=%2Fwp%2Fv2%2Fcategories&post=44566"},{"taxonomy":"post_tag","embeddable":true,"href":"https:\/\/historiografija.hr\/index.php?rest_route=%2Fwp%2Fv2%2Ftags&post=44566"}],"curies":[{"name":"wp","href":"https:\/\/api.w.org\/{rel}","templated":true}]}}