{"id":44556,"date":"2025-01-27T13:35:05","date_gmt":"2025-01-27T13:35:05","guid":{"rendered":"https:\/\/historiografija.hr\/?p=44556"},"modified":"2025-01-27T13:35:05","modified_gmt":"2025-01-27T13:35:05","slug":"online-predavanje-xaviera-bougarela-well-intended-but-powerless-states-and-international-organizations-in-the-yugoslav-wars-1991-1999","status":"publish","type":"post","link":"https:\/\/historiografija.hr\/?p=44556","title":{"rendered":"Online predavanje Xaviera Bougarela \u201eWell-Intended but Powerless? States and International Organizations in the Yugoslav Wars, 1991-1999\u201c"},"content":{"rendered":"\n<p>U srijedu, 29. sije\u010dnja 2025. u 16 sati povjesni\u010dar\u00a0Xavier Bougarel (Centre d\u2019\u00c9tudes Turques, Ottomanes, Balkaniques et Centrasiatiques, Pariz) odr\u017eat \u0107e online predavanje \u201eWell-Intended but Powerless? States and International Organizations in the Yugoslav Wars, 1991-1999\u201c o djelovanju \u201eme\u0111unarodne zajednice\u201c u jugoslavenskim ratovima 1991-1999. godine.<\/p>\n\n\n\n<hr class=\"wp-block-separator has-alpha-channel-opacity\"\/>\n\n\n\n<p>Op\u0161irnije:<\/p>\n\n\n\n<p><a href=\"https:\/\/historiografija.ba\/historija-u-javnosti\/dogadjaji\/drzave-i-medjunarodne-organizacije-u-jugoslovenskim-ratovima-1991-1999\">https:\/\/historiografija.ba\/historija-u-javnosti\/dogadjaji\/drzave-i-medjunarodne-organizacije-u-jugoslovenskim-ratovima-1991-1999<\/a><\/p>\n\n\n\n<p><a href=\"https:\/\/www.ifz-muenchen.de\/veranstaltungen\/veranstaltungen\/termin\/well-intended-but-powerless\">https:\/\/www.ifz-muenchen.de\/veranstaltungen\/veranstaltungen\/termin\/well-intended-but-powerless<\/a><\/p>\n\n\n\n<hr class=\"wp-block-separator has-alpha-channel-opacity\"\/>\n","protected":false},"excerpt":{"rendered":"","protected":false},"author":2,"featured_media":44557,"comment_status":"open","ping_status":"open","sticky":false,"template":"","format":"standard","meta":{"_acf_changed":false,"jetpack_post_was_ever_published":false,"_jetpack_newsletter_access":"","_jetpack_dont_email_post_to_subs":false,"_jetpack_newsletter_tier_id":0,"_jetpack_memberships_contains_paywalled_content":false,"_jetpack_memberships_contains_paid_content":false,"footnotes":"","jetpack_publicize_message":"","jetpack_publicize_feature_enabled":true,"jetpack_social_post_already_shared":true,"jetpack_social_options":{"image_generator_settings":{"template":"highway","default_image_id":0,"font":"","enabled":false},"version":2}},"categories":[3],"tags":[],"class_list":["post-44556","post","type-post","status-publish","format-standard","has-post-thumbnail","hentry","category-novosti"],"acf":{"facebook_opis":""},"jetpack_publicize_connections":[],"jetpack_featured_media_url":"https:\/\/i0.wp.com\/historiografija.hr\/wp-content\/uploads\/2025\/01\/Bundeswehrsoldaten-der-SFOR-Friedenstruppe-in-der-Innenstadt-von-Sarajevo.jpg?fit=300%2C225&ssl=1","jetpack_sharing_enabled":true,"jetpack-related-posts":[],"_links":{"self":[{"href":"https:\/\/historiografija.hr\/index.php?rest_route=\/wp\/v2\/posts\/44556","targetHints":{"allow":["GET"]}}],"collection":[{"href":"https:\/\/historiografija.hr\/index.php?rest_route=\/wp\/v2\/posts"}],"about":[{"href":"https:\/\/historiografija.hr\/index.php?rest_route=\/wp\/v2\/types\/post"}],"author":[{"embeddable":true,"href":"https:\/\/historiografija.hr\/index.php?rest_route=\/wp\/v2\/users\/2"}],"replies":[{"embeddable":true,"href":"https:\/\/historiografija.hr\/index.php?rest_route=%2Fwp%2Fv2%2Fcomments&post=44556"}],"version-history":[{"count":1,"href":"https:\/\/historiografija.hr\/index.php?rest_route=\/wp\/v2\/posts\/44556\/revisions"}],"predecessor-version":[{"id":44558,"href":"https:\/\/historiografija.hr\/index.php?rest_route=\/wp\/v2\/posts\/44556\/revisions\/44558"}],"wp:featuredmedia":[{"embeddable":true,"href":"https:\/\/historiografija.hr\/index.php?rest_route=\/wp\/v2\/media\/44557"}],"wp:attachment":[{"href":"https:\/\/historiografija.hr\/index.php?rest_route=%2Fwp%2Fv2%2Fmedia&parent=44556"}],"wp:term":[{"taxonomy":"category","embeddable":true,"href":"https:\/\/historiografija.hr\/index.php?rest_route=%2Fwp%2Fv2%2Fcategories&post=44556"},{"taxonomy":"post_tag","embeddable":true,"href":"https:\/\/historiografija.hr\/index.php?rest_route=%2Fwp%2Fv2%2Ftags&post=44556"}],"curies":[{"name":"wp","href":"https:\/\/api.w.org\/{rel}","templated":true}]}}