{"id":44553,"date":"2025-01-27T13:23:35","date_gmt":"2025-01-27T13:23:35","guid":{"rendered":"https:\/\/historiografija.hr\/?p=44553"},"modified":"2025-01-27T13:23:35","modified_gmt":"2025-01-27T13:23:35","slug":"unseen-dokukino-podsjetnici-za-buducnost-jugoslavija-i-oslobodilacki-pokreti","status":"publish","type":"post","link":"https:\/\/historiografija.hr\/?p=44553","title":{"rendered":"Unseen &amp; Dokukino: Podsjetnici za budu\u0107nost \u2013 Jugoslavija i oslobodila\u010dki pokreti"},"content":{"rendered":"\n<p>Novim kinodoga\u0111ajem, izvla\u010de\u0107i iz filmskih arhiva dva filma proizvedena sedamdesetih i osamdesetih godina, <strong><em>Unseen<\/em><\/strong>\u017eeli podsjetiti i ponovno razgovarati o podr\u0161ci i solidarnosti koju su njegovali narodi Jugoslavije s narodom Palestine i ostalim narodima koji su se borili protiv kolonijalizma i imperijalizma.&nbsp;Na koji na\u010din mo\u017eemo imaginirati ponovna povezivanja u suvremenom trenutku? I kakve veze kultura ima s tim?<\/p>\n\n\n\n<p>Kontekstualizacija i uvodno izlaganje: <strong>Ivana Peri\u0107<\/strong><\/p>\n\n\n\n<p>Kroz crtice o kulturnoj povezanosti i proizvodnji Jugoslavije u kontekstu Pokreta nesvrstanih, prizmu o Nesvrstanima malo \u0107emo pomaknuti od uobi\u010dajenog fokusa na visoko diplomatske odnose i op\u0107e konstatacije o suradnji Jugoslavije s tzv. zemljama tre\u0107eg svijeta. Materijalu Nesvrstanih u tom smislu ne pristupamo kao \u201catraktivnoj\u201d arhivisti\u010dkoj temi, nego alatu u razumijevanju metoda, konteksta i politika kulturnog rada, kako nekada\u0161njeg tako i sada\u0161njeg. Medijske, knji\u017eevne, glazbene, filmske i sportske crtice o Jugoslaviji i Nesvrstanima povest \u0107e nas u mali, entuzijasti\u010dni i amaterski \u0111ir od 60-ih do 80-ih godina pro\u0161log stolje\u0107a u Libanonu, Egiptu, Al\u017eiru, Libiji, Ugandi itd.<\/p>\n\n\n\n<p><strong>Krv i suze<\/strong>, 1972., Bo\u0161ko Mratinkovic, Stevan Labudovi\u0107, Mirko Aksentijevi\u0107, 12 min<\/p>\n\n\n\n<p><em>Filmske Novosti<\/em>&nbsp;su 1972. godine producirale dokumentarni film<strong>&nbsp;<em>Krv i suze<\/em><\/strong>, snimljen radi informiranja doma\u0107e javnosti o doga\u0111anjima na palestinskom teritoriju, ali i kao \u010din drugarstva i politi\u010dke podr\u0161ke Palestinskoj oslobodila\u010dkoj organizaciji. Film se prvi put projicirao u trenutku kada je Savezna konferencija Socijalisti\u010dkog saveza radnog naroda Jugoslavije bila doma\u0107in delegacije Palestinske oslobodila\u010dke organizacije.<\/p>\n\n\n\n<p><strong>Jugoslavija i oslobodila\u010dki pokreti<\/strong>, 1984., Lidija Veljanova, 30 min<br>Film koji daje kratki pregled drugarstva naroda Jugoslavije s narodima u borbi za oslobo\u0111enje od imperijalizma i kolonijalizma.<\/p>\n\n\n\n<p>Kinodoga\u0111aj donosimo u sklopu programske linije <em>Mikrosusreti \u2013 Unseen &amp; Dokukino KIC<\/em>&nbsp;u suradnji s <a href=\"https:\/\/cdu.home.blog\/\">Centrom za dramsku umjetnost<\/a> i inicijativom <a href=\"https:\/\/www.kinounseen.org\/\">Unseen<\/a> koja adresira potrebu za kinom kao va\u017enim elementom u javnom prostoru koje pripada svima.<\/p>\n\n\n\n<p>Ulaz je slobodan.<\/p>\n\n\n\n<hr class=\"wp-block-separator has-alpha-channel-opacity\"\/>\n\n\n\n<p>Datum: 30.1.2025.<\/p>\n\n\n\n<p>Vrijeme: 18:30 &#8211; 20:00&nbsp;&nbsp;<\/p>\n\n\n\n<p>Posebni doga\u0111aji: Uvodna rije\u010d<\/p>\n\n\n\n<p><strong>Dokukino KIC<\/strong>, Preradovi\u0107eva 5, Zagreb<\/p>\n\n\n\n<hr class=\"wp-block-separator has-alpha-channel-opacity\"\/>\n\n\n\n<p>Izvor:<\/p>\n\n\n\n<figure class=\"wp-block-embed is-type-wp-embed is-provider-dokukino-kic-kino-sa-stavom wp-block-embed-dokukino-kic-kino-sa-stavom\"><div class=\"wp-block-embed__wrapper\">\n<blockquote class=\"wp-embedded-content\" data-secret=\"sSJHcT603Y\"><a href=\"https:\/\/dokukino.net\/film\/unseen-dokukino-podsjetnici-za-buducnost-jugoslavija-i-pokreti-oslobodenja\/\">Unseen &#038; Dokukino: Podsjetnici za budu\u0107nost \u2013 Jugoslavija i oslobodila\u010dki pokreti<\/a><\/blockquote><iframe loading=\"lazy\" class=\"wp-embedded-content\" sandbox=\"allow-scripts\" security=\"restricted\" style=\"position: absolute; visibility: hidden;\" title=\"&#8220;Unseen &#038; Dokukino: Podsjetnici za budu\u0107nost \u2013 Jugoslavija i oslobodila\u010dki pokreti&#8221; &#8212; Dokukino KIC - Kino sa stavom\" src=\"https:\/\/dokukino.net\/film\/unseen-dokukino-podsjetnici-za-buducnost-jugoslavija-i-pokreti-oslobodenja\/embed\/#?secret=r3WznSzdjx#?secret=sSJHcT603Y\" data-secret=\"sSJHcT603Y\" width=\"600\" height=\"338\" frameborder=\"0\" marginwidth=\"0\" marginheight=\"0\" scrolling=\"no\"><\/iframe>\n<\/div><\/figure>\n\n\n\n<hr class=\"wp-block-separator has-alpha-channel-opacity\"\/>\n","protected":false},"excerpt":{"rendered":"","protected":false},"author":2,"featured_media":44554,"comment_status":"open","ping_status":"open","sticky":false,"template":"","format":"standard","meta":{"_acf_changed":false,"jetpack_post_was_ever_published":false,"_jetpack_newsletter_access":"","_jetpack_dont_email_post_to_subs":false,"_jetpack_newsletter_tier_id":0,"_jetpack_memberships_contains_paywalled_content":false,"_jetpack_memberships_contains_paid_content":false,"footnotes":"","jetpack_publicize_message":"","jetpack_publicize_feature_enabled":true,"jetpack_social_post_already_shared":true,"jetpack_social_options":{"image_generator_settings":{"template":"highway","default_image_id":0,"font":"","enabled":false},"version":2}},"categories":[13,3],"tags":[],"class_list":["post-44553","post","type-post","status-publish","format-standard","has-post-thumbnail","hentry","category-filmovi-i-serije","category-novosti"],"acf":{"facebook_opis":""},"jetpack_publicize_connections":[],"jetpack_featured_media_url":"https:\/\/i0.wp.com\/historiografija.hr\/wp-content\/uploads\/2025\/01\/YU-i-pokreti-plakat.png?fit=300%2C450&ssl=1","jetpack_sharing_enabled":true,"jetpack-related-posts":[],"_links":{"self":[{"href":"https:\/\/historiografija.hr\/index.php?rest_route=\/wp\/v2\/posts\/44553","targetHints":{"allow":["GET"]}}],"collection":[{"href":"https:\/\/historiografija.hr\/index.php?rest_route=\/wp\/v2\/posts"}],"about":[{"href":"https:\/\/historiografija.hr\/index.php?rest_route=\/wp\/v2\/types\/post"}],"author":[{"embeddable":true,"href":"https:\/\/historiografija.hr\/index.php?rest_route=\/wp\/v2\/users\/2"}],"replies":[{"embeddable":true,"href":"https:\/\/historiografija.hr\/index.php?rest_route=%2Fwp%2Fv2%2Fcomments&post=44553"}],"version-history":[{"count":1,"href":"https:\/\/historiografija.hr\/index.php?rest_route=\/wp\/v2\/posts\/44553\/revisions"}],"predecessor-version":[{"id":44555,"href":"https:\/\/historiografija.hr\/index.php?rest_route=\/wp\/v2\/posts\/44553\/revisions\/44555"}],"wp:featuredmedia":[{"embeddable":true,"href":"https:\/\/historiografija.hr\/index.php?rest_route=\/wp\/v2\/media\/44554"}],"wp:attachment":[{"href":"https:\/\/historiografija.hr\/index.php?rest_route=%2Fwp%2Fv2%2Fmedia&parent=44553"}],"wp:term":[{"taxonomy":"category","embeddable":true,"href":"https:\/\/historiografija.hr\/index.php?rest_route=%2Fwp%2Fv2%2Fcategories&post=44553"},{"taxonomy":"post_tag","embeddable":true,"href":"https:\/\/historiografija.hr\/index.php?rest_route=%2Fwp%2Fv2%2Ftags&post=44553"}],"curies":[{"name":"wp","href":"https:\/\/api.w.org\/{rel}","templated":true}]}}