{"id":44547,"date":"2025-01-27T12:49:16","date_gmt":"2025-01-27T12:49:16","guid":{"rendered":"https:\/\/historiografija.hr\/?p=44547"},"modified":"2025-01-27T12:49:16","modified_gmt":"2025-01-27T12:49:16","slug":"predstavljanje-knjige-hrvoja-mandica-rat-nakon-rata-1945-1951-kazneni-progoni-jataka-protukomunisticke-gerile-u-hercegovini-u-zagrebu","status":"publish","type":"post","link":"https:\/\/historiografija.hr\/?p=44547","title":{"rendered":"Predstavljanje knjige Hrvoja Mandi\u0107a \u201eRat nakon rata 1945.-1951. Kazneni progoni jataka protukomunisti\u010dke gerile u Hercegovini\u201c u Zagrebu"},"content":{"rendered":"\n<p>Predstavljanje knjige Hrvoja Mandi\u0107a \u201eRat nakon rata 1945.-1951. Kazneni progoni jataka protukomunisti\u010dke gerile u Hercegovini\u201c odr\u017eat \u0107e se u srijedu, 29. sije\u010dnja 2025. u 18 sati u Knji\u017enici i \u010ditaonici Bogdana Ogrizovi\u0107a u Zagrebu. O knjizi \u0107e, uz autora, govoriti Zvonimir Despot, nakladnik, i Mario Jareb, recenzent.<\/p>\n\n\n\n<hr class=\"wp-block-separator has-alpha-channel-opacity\"\/>\n\n\n\n<p>Izvori i dodatne obavijesti:<\/p>\n\n\n\n<p><a href=\"https:\/\/www.kgz.hr\/hr\/knjiznice\/knjiznica-i-citaonica-bogdana-ogrizovica\/72\">https:\/\/www.kgz.hr\/hr\/knjiznice\/knjiznica-i-citaonica-bogdana-ogrizovica\/72<\/a><\/p>\n\n\n\n<p><a href=\"https:\/\/www.kgz.hr\/hr\/dogadjanja\/rat-nakon-rata-1945-1951\/68957\">https:\/\/www.kgz.hr\/hr\/dogadjanja\/rat-nakon-rata-1945-1951\/68957<\/a><\/p>\n\n\n\n<figure class=\"wp-block-embed is-type-wp-embed is-provider-despot-infinitus-web-knji-ara wp-block-embed-despot-infinitus-web-knji-ara\"><div class=\"wp-block-embed__wrapper\">\n<blockquote class=\"wp-embedded-content\" data-secret=\"NM4PBTDOj6\"><a href=\"https:\/\/despot-infinitus.com\/proizvod\/rat-nakon-rata-1945-1951-kazneni-progoni-jataka-protukomunisticke-gerile-u-hercegovini\/\">RAT NAKON RATA 1945.-1951. &#8211; Kazneni progoni jataka protukomunisti\u010dke gerile u Hercegovini<\/a><\/blockquote><iframe loading=\"lazy\" class=\"wp-embedded-content\" sandbox=\"allow-scripts\" security=\"restricted\" style=\"position: absolute; visibility: hidden;\" title=\"&#8220;RAT NAKON RATA 1945.-1951. &#8211; Kazneni progoni jataka protukomunisti\u010dke gerile u Hercegovini&#8221; &#8212; Despot Infinitus - Web Knji\u017eara\" src=\"https:\/\/despot-infinitus.com\/proizvod\/rat-nakon-rata-1945-1951-kazneni-progoni-jataka-protukomunisticke-gerile-u-hercegovini\/embed\/#?secret=IPbplMyiBo#?secret=NM4PBTDOj6\" data-secret=\"NM4PBTDOj6\" width=\"600\" height=\"338\" frameborder=\"0\" marginwidth=\"0\" marginheight=\"0\" scrolling=\"no\"><\/iframe>\n<\/div><\/figure>\n\n\n\n<p><a href=\"https:\/\/historiografija.ba\/knjige\/jugoistocna-evropa\/progoni-jataka-protukomunisticke-gerile-u-hercegovini-poslije-drugog-svjetskog-rata\">https:\/\/historiografija.ba\/knjige\/jugoistocna-evropa\/progoni-jataka-protukomunisticke-gerile-u-hercegovini-poslije-drugog-svjetskog-rata<\/a><\/p>\n\n\n\n<hr class=\"wp-block-separator has-alpha-channel-opacity\"\/>\n","protected":false},"excerpt":{"rendered":"","protected":false},"author":2,"featured_media":44548,"comment_status":"open","ping_status":"open","sticky":false,"template":"","format":"standard","meta":{"_acf_changed":false,"jetpack_post_was_ever_published":false,"_jetpack_newsletter_access":"","_jetpack_dont_email_post_to_subs":false,"_jetpack_newsletter_tier_id":0,"_jetpack_memberships_contains_paywalled_content":false,"_jetpack_memberships_contains_paid_content":false,"footnotes":"","jetpack_publicize_message":"","jetpack_publicize_feature_enabled":true,"jetpack_social_post_already_shared":true,"jetpack_social_options":{"image_generator_settings":{"template":"highway","default_image_id":0,"font":"","enabled":false},"version":2}},"categories":[3],"tags":[],"class_list":["post-44547","post","type-post","status-publish","format-standard","has-post-thumbnail","hentry","category-novosti"],"acf":{"facebook_opis":""},"jetpack_publicize_connections":[],"jetpack_featured_media_url":"https:\/\/i0.wp.com\/historiografija.hr\/wp-content\/uploads\/2025\/01\/Rat-nakon-rata.png?fit=450%2C444&ssl=1","jetpack_sharing_enabled":true,"jetpack-related-posts":[],"_links":{"self":[{"href":"https:\/\/historiografija.hr\/index.php?rest_route=\/wp\/v2\/posts\/44547","targetHints":{"allow":["GET"]}}],"collection":[{"href":"https:\/\/historiografija.hr\/index.php?rest_route=\/wp\/v2\/posts"}],"about":[{"href":"https:\/\/historiografija.hr\/index.php?rest_route=\/wp\/v2\/types\/post"}],"author":[{"embeddable":true,"href":"https:\/\/historiografija.hr\/index.php?rest_route=\/wp\/v2\/users\/2"}],"replies":[{"embeddable":true,"href":"https:\/\/historiografija.hr\/index.php?rest_route=%2Fwp%2Fv2%2Fcomments&post=44547"}],"version-history":[{"count":1,"href":"https:\/\/historiografija.hr\/index.php?rest_route=\/wp\/v2\/posts\/44547\/revisions"}],"predecessor-version":[{"id":44549,"href":"https:\/\/historiografija.hr\/index.php?rest_route=\/wp\/v2\/posts\/44547\/revisions\/44549"}],"wp:featuredmedia":[{"embeddable":true,"href":"https:\/\/historiografija.hr\/index.php?rest_route=\/wp\/v2\/media\/44548"}],"wp:attachment":[{"href":"https:\/\/historiografija.hr\/index.php?rest_route=%2Fwp%2Fv2%2Fmedia&parent=44547"}],"wp:term":[{"taxonomy":"category","embeddable":true,"href":"https:\/\/historiografija.hr\/index.php?rest_route=%2Fwp%2Fv2%2Fcategories&post=44547"},{"taxonomy":"post_tag","embeddable":true,"href":"https:\/\/historiografija.hr\/index.php?rest_route=%2Fwp%2Fv2%2Ftags&post=44547"}],"curies":[{"name":"wp","href":"https:\/\/api.w.org\/{rel}","templated":true}]}}