{"id":44541,"date":"2025-01-27T12:22:40","date_gmt":"2025-01-27T12:22:40","guid":{"rendered":"https:\/\/historiografija.hr\/?p=44541"},"modified":"2025-01-27T12:22:40","modified_gmt":"2025-01-27T12:22:40","slug":"manifestacija-holokaust-naslede-fasizma-7-kultura-i-ili-industrija-secanja-shoahlab","status":"publish","type":"post","link":"https:\/\/historiografija.hr\/?p=44541","title":{"rendered":"[Manifestacija] Holokaust: nasle\u0111e fa\u0161izma 7. Kultura i\/ili industrija se\u0107anja (ShoahLab)"},"content":{"rendered":"\n<p><em>Holokaust: nasle\u0111e fa\u0161izma<\/em> je godi\u0161nji skup na sredokra\u0107i izme\u0111u nau\u010dne konferencije i muzejsko-edukativne manifestacije. Tema ovog januara bi\u0107e \u201cKultura i\/ili industrija se\u0107anja\u201d. Problematizova\u0107emo odnos doga\u0111aja Holokausta i njegove memorijalizacije; napetost izme\u0111u neophodnosti njegovog uvek iznova predstavljanja i obele\u017eavanja i moralne uputnosti sredstava kojima se to posti\u017ee. \u201cIndustrija Holokausta\u201d je termin koji se ustalio za te savremene institucionalne ritalizacije i iskrivljenja Holokausta: za muzejski, nau\u010dni, medijski, pa i turisti\u010dki pogon koji trivijalizuje ili falsifikuje se\u0107anje na njega. Program obuhvata tri bloka: sadr\u017eaj prvog je (pod)se\u0107anje, a namera prevencija Holokausta i genocida, prevashodno imaju\u0107i u vidu njegov aktuelni i potencijalni status u obrazovanju. Sredi\u0161nji blok sa\u010dinjavaju \u010detiri predavanja, koja kompetentno i odgovorno reaguju na temu skupa iz svojih perspektiva. Zavr\u0161etak programa predstavlja slobodnije organizovan razgovor u\u010desnika izme\u0111u sebe i sa publikom, podstaknut odgovaraju\u0107im uvodni\u010darima i moderatorom.<\/p>\n\n\n\n<hr class=\"wp-block-separator has-alpha-channel-opacity\"\/>\n\n\n\n<p>Datum: Sreda, 29. Januar 2025<\/p>\n\n\n\n<p>Vreme: 10:00<\/p>\n\n\n\n<p>Lokacija: Muzej \u201e21. oktobar\u201c, Kragujevac<\/p>\n\n\n\n<hr class=\"wp-block-separator has-alpha-channel-opacity\"\/>\n\n\n\n<p>Izvori i dodatne obavijesti:<\/p>\n\n\n\n<figure class=\"wp-block-embed is-type-wp-embed is-provider-institut-za-filozofiju-i-dru-tvenu-teoriju wp-block-embed-institut-za-filozofiju-i-dru-tvenu-teoriju\"><div class=\"wp-block-embed__wrapper\">\n<blockquote class=\"wp-embedded-content\" data-secret=\"khsE4N9DtL\"><a href=\"https:\/\/ifdt.bg.ac.rs\/events\/manifestacija-holokaust-naslede-fasizma-7-kultura-i-ili-industrija-secanja-shoahlab\/\">[Manifestacija] Holokaust: nasle\u0111e fa\u0161izma 7. Kultura i\/ili industrija se\u0107anja (ShoahLab)<\/a><\/blockquote><iframe loading=\"lazy\" class=\"wp-embedded-content\" sandbox=\"allow-scripts\" security=\"restricted\" style=\"position: absolute; visibility: hidden;\" title=\"&#132;[Manifestacija] Holokaust: nasle\u0111e fa\u0161izma 7. Kultura i\/ili industrija se\u0107anja (ShoahLab)&#147; &#8212; INSTITUT ZA FILOZOFIJU I DRU\u0160TVENU TEORIJU\" src=\"https:\/\/ifdt.bg.ac.rs\/events\/manifestacija-holokaust-naslede-fasizma-7-kultura-i-ili-industrija-secanja-shoahlab\/embed\/#?secret=kkm3KhRTVe#?secret=khsE4N9DtL\" data-secret=\"khsE4N9DtL\" width=\"600\" height=\"338\" frameborder=\"0\" marginwidth=\"0\" marginheight=\"0\" scrolling=\"no\"><\/iframe>\n<\/div><\/figure>\n\n\n\n<figure class=\"wp-block-embed is-type-wp-embed\"><div class=\"wp-block-embed__wrapper\">\n<blockquote class=\"wp-embedded-content\" data-secret=\"Y8jocUaed7\"><a href=\"https:\/\/www.spomenpark.rs\/holokaust-nasledje-fasizma-7-kultura-i-ili-industrija-secanja\/\">&#8220;\u0425\u043e\u043b\u043e\u043a\u0430\u0443\u0441\u0442: \u043d\u0430\u0441\u043b\u0435\u0452\u0435 \u0444\u0430\u0448\u0438\u0437\u043c\u0430 7 &#8211; \u041a\u0443\u043b\u0442\u0443\u0440\u0430 \u0438\/\u0438\u043b\u0438 \u0438\u043d\u0434\u0443\u0441\u0442\u0440\u0438\u0458\u0430 \u0441\u0435\u045b\u0430\u045a\u0430\u201d<\/a><\/blockquote><iframe loading=\"lazy\" class=\"wp-embedded-content\" sandbox=\"allow-scripts\" security=\"restricted\" style=\"position: absolute; visibility: hidden;\" title=\"&#132;&#8220;\u0425\u043e\u043b\u043e\u043a\u0430\u0443\u0441\u0442: \u043d\u0430\u0441\u043b\u0435\u0452\u0435 \u0444\u0430\u0448\u0438\u0437\u043c\u0430 7 &#8211; \u041a\u0443\u043b\u0442\u0443\u0440\u0430 \u0438\/\u0438\u043b\u0438 \u0438\u043d\u0434\u0443\u0441\u0442\u0440\u0438\u0458\u0430 \u0441\u0435\u045b\u0430\u045a\u0430\u201d&#147; &#8212; \u0421\u043f\u043e\u043c\u0435\u043d \u043f\u0430\u0440\u043a \u041a\u0440\u0430\u0433\u0443\u0458\u0435\u0432\u0430\u0447\u043a\u0438 \u043e\u043a\u0442\u043e\u0431\u0430\u0440\" src=\"https:\/\/www.spomenpark.rs\/holokaust-nasledje-fasizma-7-kultura-i-ili-industrija-secanja\/embed\/#?secret=4LgXyhibIP#?secret=Y8jocUaed7\" data-secret=\"Y8jocUaed7\" width=\"600\" height=\"338\" frameborder=\"0\" marginwidth=\"0\" marginheight=\"0\" scrolling=\"no\"><\/iframe>\n<\/div><\/figure>\n\n\n\n<hr class=\"wp-block-separator has-alpha-channel-opacity\"\/>\n","protected":false},"excerpt":{"rendered":"","protected":false},"author":2,"featured_media":44542,"comment_status":"open","ping_status":"open","sticky":false,"template":"","format":"standard","meta":{"_acf_changed":false,"jetpack_post_was_ever_published":false,"_jetpack_newsletter_access":"","_jetpack_dont_email_post_to_subs":false,"_jetpack_newsletter_tier_id":0,"_jetpack_memberships_contains_paywalled_content":false,"_jetpack_memberships_contains_paid_content":false,"footnotes":"","jetpack_publicize_message":"","jetpack_publicize_feature_enabled":true,"jetpack_social_post_already_shared":true,"jetpack_social_options":{"image_generator_settings":{"template":"highway","default_image_id":0,"font":"","enabled":false},"version":2}},"categories":[3],"tags":[],"class_list":["post-44541","post","type-post","status-publish","format-standard","has-post-thumbnail","hentry","category-novosti"],"acf":{"facebook_opis":""},"jetpack_publicize_connections":[],"jetpack_featured_media_url":"https:\/\/i0.wp.com\/historiografija.hr\/wp-content\/uploads\/2025\/01\/Manifestacija.jpg?fit=2560%2C1707&ssl=1","jetpack_sharing_enabled":true,"jetpack-related-posts":[],"_links":{"self":[{"href":"https:\/\/historiografija.hr\/index.php?rest_route=\/wp\/v2\/posts\/44541","targetHints":{"allow":["GET"]}}],"collection":[{"href":"https:\/\/historiografija.hr\/index.php?rest_route=\/wp\/v2\/posts"}],"about":[{"href":"https:\/\/historiografija.hr\/index.php?rest_route=\/wp\/v2\/types\/post"}],"author":[{"embeddable":true,"href":"https:\/\/historiografija.hr\/index.php?rest_route=\/wp\/v2\/users\/2"}],"replies":[{"embeddable":true,"href":"https:\/\/historiografija.hr\/index.php?rest_route=%2Fwp%2Fv2%2Fcomments&post=44541"}],"version-history":[{"count":1,"href":"https:\/\/historiografija.hr\/index.php?rest_route=\/wp\/v2\/posts\/44541\/revisions"}],"predecessor-version":[{"id":44543,"href":"https:\/\/historiografija.hr\/index.php?rest_route=\/wp\/v2\/posts\/44541\/revisions\/44543"}],"wp:featuredmedia":[{"embeddable":true,"href":"https:\/\/historiografija.hr\/index.php?rest_route=\/wp\/v2\/media\/44542"}],"wp:attachment":[{"href":"https:\/\/historiografija.hr\/index.php?rest_route=%2Fwp%2Fv2%2Fmedia&parent=44541"}],"wp:term":[{"taxonomy":"category","embeddable":true,"href":"https:\/\/historiografija.hr\/index.php?rest_route=%2Fwp%2Fv2%2Fcategories&post=44541"},{"taxonomy":"post_tag","embeddable":true,"href":"https:\/\/historiografija.hr\/index.php?rest_route=%2Fwp%2Fv2%2Ftags&post=44541"}],"curies":[{"name":"wp","href":"https:\/\/api.w.org\/{rel}","templated":true}]}}