{"id":44538,"date":"2025-01-27T12:13:43","date_gmt":"2025-01-27T12:13:43","guid":{"rendered":"https:\/\/historiografija.hr\/?p=44538"},"modified":"2025-01-28T16:40:50","modified_gmt":"2025-01-28T16:40:50","slug":"documenta-spomen-setnja-i-programi-povodom-medunarodnog-dana-sjecanja-na-zrtve-holokausta","status":"publish","type":"post","link":"https:\/\/historiografija.hr\/?p=44538","title":{"rendered":"&#8220;Documenta&#8221;: Spomen-\u0161etnja i programi povodom Me\u0111unarodnog dana sje\u0107anja na \u017ertve holokausta"},"content":{"rendered":"\n<p>Pozivamo vas na spomen \u0161etnju u povodu Me\u0111unarodnog dana sje\u0107anja na \u017ertve holokausta koju u ponedjeljak 27.1.2025. organiziraju Antifa\u0161isti\u010dka liga Republike Hrvatske, Srpsko narodno vije\u0107e i Documenta \u2013 Centar za suo\u010davanje s pro\u0161lo\u0161\u0107u.<\/p>\n\n\n\n<p>Okupljamo se u 11:00 u Pra\u0161koj ulici u Zagrebu kod spomen plo\u010de na mjestu sru\u0161ene Sinagoge, gdje \u0107e govoriti predstavnici organizatora. Nastavljamo pje\u0161ke preko Zrinjevca do Spomenika \u017ertvama holokausta i usta\u0161kog re\u017eima. Pred spomenikom \u0107e se okupljenima kratko obratiti predsjednik Antifa\u0161isti\u010dke lige RH Zoran Pusi\u0107, glumac Vili Matula i Luka Korlaet zamjenik gradona\u010delnika Zagreba.<\/p>\n\n\n\n<p>Pridru\u017eite nam se u obilje\u017eavanju 80. godi\u0161njice oslobo\u0111enja nacisti\u010dkog logora smrti Auschwitz od strane Crvene armije.<\/p>\n\n\n\n<p>Tako\u0111er, najavljujemo i druge programe:<\/p>\n\n\n\n<p>\u25aa\ufe0fDelegacija u organizaciji Documente sutra \u0107e nazo\u010diti komemoraciji u O\u015bwi\u0119cimu u organizaciji Muzeja i spomenika Auschwitz-Birkenau. U posjetu i raspravama vezanim uz suprotstavljanje iskrivljavanju \u010dinjenica o Holokaustu i drugim genocidima sudjeluju kolege i kolegice iz Hrvatske, Italije, Rumunjske, Slovenije i \u0160panjolske.<\/p>\n\n\n\n<p>\u25aa\ufe0fU Brodu Moravice otvara se izlo\u017eba fotografija iz spomen podru\u010dja Auschwitz-Birkenau i Jasenovca pod naslovom \u201eTragom sje\u0107anja&#8221;, koju organiziramo u suradnji sa Savezom antifa\u0161isti\u010dkih boraca i antifa\u0161ista i Etno udrugom Turanj. Autorice fotografija su Kristina Dilica i Martina Bare\u0161i\u0107. Izlo\u017eba ostaje otvorena do No\u0107i muzeja 31. sije\u010dnja 2025.<\/p>\n\n\n\n<p>\u25aa\ufe0fU Glini, srednjo\u0161kolci i srednjo\u0161kolke postavljaju izlo\u017ebu \u201eKoga smo zaboravili? &#8211; \u017didovska povijest u Vukovaru i kultura sje\u0107anja danas&#8221; koju su pripremili u\u010denici Gimnazije Vukovar, u suradnji s Europskim domom Vukovar (Europski dom Vukovar), Documentom i Gradskim muzejom Vukovar (Gradski muzej Vukovar \/ Vukovar Municipal Museum).<\/p>\n\n\n\n<hr class=\"wp-block-separator has-alpha-channel-opacity\"\/>\n\n\n\n<p>Izvori i dodatne obavijesti:<\/p>\n\n\n\n<p>Documenta &#8211; Centar za suo\u010davanje s pro\u0161lo\u0161\u0107u<\/p>\n\n\n\n<figure class=\"wp-block-embed is-type-wp-embed is-provider-documenta wp-block-embed-documenta\"><div class=\"wp-block-embed__wrapper\">\n<blockquote class=\"wp-embedded-content\" data-secret=\"SIpwaw18kp\"><a href=\"https:\/\/documenta.hr\/novosti\/odrzana-spomen-setnja-u-povodu-medunarodnog-dana-sjecanja-na-zrtve-holokausta-2\/\">Odr\u017eana spomen \u0161etnja u povodu Me\u0111unarodnog dana sje\u0107anja na \u017ertve holokausta<\/a><\/blockquote><iframe loading=\"lazy\" class=\"wp-embedded-content\" sandbox=\"allow-scripts\" security=\"restricted\" style=\"position: absolute; visibility: hidden;\" title=\"&#8220;Odr\u017eana spomen \u0161etnja u povodu Me\u0111unarodnog dana sje\u0107anja na \u017ertve holokausta&#8221; &#8212; Documenta\" src=\"https:\/\/documenta.hr\/novosti\/odrzana-spomen-setnja-u-povodu-medunarodnog-dana-sjecanja-na-zrtve-holokausta-2\/embed\/#?secret=SIpwaw18kp\" data-secret=\"SIpwaw18kp\" width=\"600\" height=\"338\" frameborder=\"0\" marginwidth=\"0\" marginheight=\"0\" scrolling=\"no\"><\/iframe>\n<\/div><\/figure>\n\n\n\n<p><a href=\"https:\/\/www.facebook.com\/DocumentaZagreb\">https:\/\/www.facebook.com\/DocumentaZagreb<\/a><\/p>\n\n\n\n<hr class=\"wp-block-separator has-alpha-channel-opacity\"\/>\n\n\n\n<p><\/p>\n","protected":false},"excerpt":{"rendered":"","protected":false},"author":2,"featured_media":34261,"comment_status":"open","ping_status":"open","sticky":false,"template":"","format":"standard","meta":{"_acf_changed":false,"jetpack_post_was_ever_published":false,"_jetpack_newsletter_access":"","_jetpack_dont_email_post_to_subs":false,"_jetpack_newsletter_tier_id":0,"_jetpack_memberships_contains_paywalled_content":false,"_jetpack_memberships_contains_paid_content":false,"footnotes":"","jetpack_publicize_message":"","jetpack_publicize_feature_enabled":true,"jetpack_social_post_already_shared":true,"jetpack_social_options":{"image_generator_settings":{"template":"highway","default_image_id":0,"font":"","enabled":false},"version":2}},"categories":[3],"tags":[],"class_list":["post-44538","post","type-post","status-publish","format-standard","has-post-thumbnail","hentry","category-novosti"],"acf":{"facebook_opis":""},"jetpack_publicize_connections":[],"jetpack_featured_media_url":"https:\/\/i0.wp.com\/historiografija.hr\/wp-content\/uploads\/2023\/01\/Documenta.jpg?fit=937%2C701&ssl=1","jetpack_sharing_enabled":true,"jetpack-related-posts":[],"_links":{"self":[{"href":"https:\/\/historiografija.hr\/index.php?rest_route=\/wp\/v2\/posts\/44538","targetHints":{"allow":["GET"]}}],"collection":[{"href":"https:\/\/historiografija.hr\/index.php?rest_route=\/wp\/v2\/posts"}],"about":[{"href":"https:\/\/historiografija.hr\/index.php?rest_route=\/wp\/v2\/types\/post"}],"author":[{"embeddable":true,"href":"https:\/\/historiografija.hr\/index.php?rest_route=\/wp\/v2\/users\/2"}],"replies":[{"embeddable":true,"href":"https:\/\/historiografija.hr\/index.php?rest_route=%2Fwp%2Fv2%2Fcomments&post=44538"}],"version-history":[{"count":3,"href":"https:\/\/historiografija.hr\/index.php?rest_route=\/wp\/v2\/posts\/44538\/revisions"}],"predecessor-version":[{"id":44565,"href":"https:\/\/historiografija.hr\/index.php?rest_route=\/wp\/v2\/posts\/44538\/revisions\/44565"}],"wp:featuredmedia":[{"embeddable":true,"href":"https:\/\/historiografija.hr\/index.php?rest_route=\/wp\/v2\/media\/34261"}],"wp:attachment":[{"href":"https:\/\/historiografija.hr\/index.php?rest_route=%2Fwp%2Fv2%2Fmedia&parent=44538"}],"wp:term":[{"taxonomy":"category","embeddable":true,"href":"https:\/\/historiografija.hr\/index.php?rest_route=%2Fwp%2Fv2%2Fcategories&post=44538"},{"taxonomy":"post_tag","embeddable":true,"href":"https:\/\/historiografija.hr\/index.php?rest_route=%2Fwp%2Fv2%2Ftags&post=44538"}],"curies":[{"name":"wp","href":"https:\/\/api.w.org\/{rel}","templated":true}]}}