{"id":44531,"date":"2025-01-24T22:46:33","date_gmt":"2025-01-24T22:46:33","guid":{"rendered":"https:\/\/historiografija.hr\/?p=44531"},"modified":"2025-01-24T22:46:54","modified_gmt":"2025-01-24T22:46:54","slug":"citalacki-kruzok-nur-masalha-palestine-a-four-thousand-year-history","status":"publish","type":"post","link":"https:\/\/historiografija.hr\/?p=44531","title":{"rendered":"\u010citala\u010dki kru\u017eok: Nur Masalha, \u201ePalestine. A Four Thousand Year History\u201c"},"content":{"rendered":"\n<p>Inicijativa za slobodnu Palestinu otvara prijave za sudjelovanje u novom ciklusu \u010ditanja i razgovora o Palestini i vezanim pitanjima dekolonizacije i transnacionalnih solidarnosti. <strong>\u010citala\u010dko-razgovorni kru\u017eok<\/strong> \u0107e se odr\u017eavati <strong>svakog zadnjeg petka u mjesecu<\/strong> od <strong>sije\u010dnja do travnja<\/strong> 2025. godine u <strong>Multimedijalnom institutu MaMa u 18h<\/strong>.<\/p>\n\n\n\n<hr class=\"wp-block-separator has-alpha-channel-opacity\"\/>\n\n\n\n<p>Voditelji \u010ditala\u010dkih kru\u017eoka su <strong>Emina Bu\u017einki\u0107, Nina \u010colovi\u0107, Mihajlo \u0106uk, Goran Pe\u0107anac, Valerija Gligora i selma banich<\/strong>. <strong>Teme<\/strong> koje \u0107emo obra\u0111ivati tokom na\u0161a \u010detiri susreta su sljede\u0107e: \u2013 povijest Palestine i palestinskog pitanja, \u2013 antikolonijalnost, \u2013 politike i prakse solidarnosti, \u2013 politike \u017eivota i smrti, biopolitika i mo\u0107.<\/p>\n\n\n\n<p>Za <strong>prvi susret, <\/strong>u<strong> petak 31.1.2025<\/strong>., \u010ditamo knjigu <strong><em>Palestine. A Four Thousand Year History<\/em><\/strong> palestinskog povjesni\u010dara <strong>Nura Masalhae<\/strong>.<\/p>\n\n\n\n<hr class=\"wp-block-separator has-alpha-channel-opacity\"\/>\n\n\n\n<p>Op\u0161irnije:<\/p>\n\n\n\n<figure class=\"wp-block-embed is-type-wp-embed is-provider-klub-mama-multimedijalni-institut wp-block-embed-klub-mama-multimedijalni-institut\"><div class=\"wp-block-embed__wrapper\">\n<blockquote class=\"wp-embedded-content\" data-secret=\"Klvr4fAaCm\"><a href=\"https:\/\/mi2.hr\/2025\/01\/zivotom-ces-se-smrti-da-osvetis-citanje-palestine-i-antikolonijalne-prakse\/\">&#8220;\u017divotom \u0107e\u0161 se Smrti da osveti\u0161&#8221; : \u010ditanje Palestine i antikolonijalne prakse<\/a><\/blockquote><iframe loading=\"lazy\" class=\"wp-embedded-content\" sandbox=\"allow-scripts\" security=\"restricted\" style=\"position: absolute; visibility: hidden;\" title=\"&#8220;&#8220;\u017divotom \u0107e\u0161 se Smrti da osveti\u0161&#8221; : \u010ditanje Palestine i antikolonijalne prakse&#8221; &#8212; Klub Mama \/ Multimedijalni Institut\" src=\"https:\/\/mi2.hr\/2025\/01\/zivotom-ces-se-smrti-da-osvetis-citanje-palestine-i-antikolonijalne-prakse\/embed\/#?secret=GGyONGfYTz#?secret=Klvr4fAaCm\" data-secret=\"Klvr4fAaCm\" width=\"600\" height=\"338\" frameborder=\"0\" marginwidth=\"0\" marginheight=\"0\" scrolling=\"no\"><\/iframe>\n<\/div><\/figure>\n\n\n\n<hr class=\"wp-block-separator has-alpha-channel-opacity\"\/>\n","protected":false},"excerpt":{"rendered":"","protected":false},"author":2,"featured_media":44532,"comment_status":"open","ping_status":"open","sticky":false,"template":"","format":"standard","meta":{"_acf_changed":false,"jetpack_post_was_ever_published":false,"_jetpack_newsletter_access":"","_jetpack_dont_email_post_to_subs":false,"_jetpack_newsletter_tier_id":0,"_jetpack_memberships_contains_paywalled_content":false,"_jetpack_memberships_contains_paid_content":false,"footnotes":"","jetpack_publicize_message":"","jetpack_publicize_feature_enabled":true,"jetpack_social_post_already_shared":true,"jetpack_social_options":{"image_generator_settings":{"template":"highway","default_image_id":0,"font":"","enabled":false},"version":2}},"categories":[3],"tags":[],"class_list":["post-44531","post","type-post","status-publish","format-standard","has-post-thumbnail","hentry","category-novosti"],"acf":{"facebook_opis":""},"jetpack_publicize_connections":[],"jetpack_featured_media_url":"https:\/\/i0.wp.com\/historiografija.hr\/wp-content\/uploads\/2025\/01\/Masalha.jpg?fit=360%2C540&ssl=1","jetpack_sharing_enabled":true,"jetpack-related-posts":[],"_links":{"self":[{"href":"https:\/\/historiografija.hr\/index.php?rest_route=\/wp\/v2\/posts\/44531","targetHints":{"allow":["GET"]}}],"collection":[{"href":"https:\/\/historiografija.hr\/index.php?rest_route=\/wp\/v2\/posts"}],"about":[{"href":"https:\/\/historiografija.hr\/index.php?rest_route=\/wp\/v2\/types\/post"}],"author":[{"embeddable":true,"href":"https:\/\/historiografija.hr\/index.php?rest_route=\/wp\/v2\/users\/2"}],"replies":[{"embeddable":true,"href":"https:\/\/historiografija.hr\/index.php?rest_route=%2Fwp%2Fv2%2Fcomments&post=44531"}],"version-history":[{"count":2,"href":"https:\/\/historiografija.hr\/index.php?rest_route=\/wp\/v2\/posts\/44531\/revisions"}],"predecessor-version":[{"id":44534,"href":"https:\/\/historiografija.hr\/index.php?rest_route=\/wp\/v2\/posts\/44531\/revisions\/44534"}],"wp:featuredmedia":[{"embeddable":true,"href":"https:\/\/historiografija.hr\/index.php?rest_route=\/wp\/v2\/media\/44532"}],"wp:attachment":[{"href":"https:\/\/historiografija.hr\/index.php?rest_route=%2Fwp%2Fv2%2Fmedia&parent=44531"}],"wp:term":[{"taxonomy":"category","embeddable":true,"href":"https:\/\/historiografija.hr\/index.php?rest_route=%2Fwp%2Fv2%2Fcategories&post=44531"},{"taxonomy":"post_tag","embeddable":true,"href":"https:\/\/historiografija.hr\/index.php?rest_route=%2Fwp%2Fv2%2Ftags&post=44531"}],"curies":[{"name":"wp","href":"https:\/\/api.w.org\/{rel}","templated":true}]}}