{"id":44528,"date":"2025-01-24T22:24:23","date_gmt":"2025-01-24T22:24:23","guid":{"rendered":"https:\/\/historiografija.hr\/?p=44528"},"modified":"2025-01-24T22:24:23","modified_gmt":"2025-01-24T22:24:23","slug":"aladin-husic-sarajevski-jevreji-od-dolaska-u-bosnu-do-1878-godine","status":"publish","type":"post","link":"https:\/\/historiografija.hr\/?p=44528","title":{"rendered":"Aladin Husi\u0107, \u201eSarajevski Jevreji od dolaska u Bosnu do 1878. godine\u201c"},"content":{"rendered":"\n<p>Akademija nauka i umjetnosti Bosne i Hercegovine je objavila knjigu Aladina Husi\u0107a <em>Sarajevski Jevreji od dolaska u Bosnu do 1878. godine<\/em>.<\/p>\n\n\n\n<p>U knjizi se razmatra pitanje nastanka i razvitka jevrejske zajednice u Sarajevu od prvih vijesti o njihovom prisustvu do kraja osmanske vladavine i njihove integracije u ekonomske i dru\u0161tvene tokove u jednoj za njih novoj destinaciji nakon progona iz \u0160panije krajem 15. stolje\u0107a.<\/p>\n\n\n\n<p>Prisustvo Jevreja u Sarajevu iz izvora je vidljivo sredinom 16. stolje\u0107a, a definitivno je potvr\u0111eno 1557. godine. Bili su to pojedina\u010dni slu\u010dajevi koji se mogu ocijeniti tek kao \u201cizvi\u0111a\u010dki\u201d pohodi i ispitivanje pogodnosti terena za brojnije naseljavanje. U tom duhu se dinamika njihovog prisustva odvijala do kraja toga stolje\u0107a. I pored razlika o vremenu naseljavanja, izvori su saglasni da su se u prvim desetlje\u0107ima njihovog boravka uglavnom nastanjivali u kolektivnim smje\u0161tajima \u2013 hanovima. To se vidi iz vi\u0161e izvora. Doseljavanje ve\u0107eg broja porodica \u010desto se vezalo za sredinu 16. stolje\u0107a. Pa\u017eljivija analiza podataka ipak upu\u0107uje da se tek 1620. godine oni doseljavaju u grupama od dvadesetak do trideset porodica.<\/p>\n\n\n\n<p>U ovoj knjizi je napravljena detaljna analiza razvija jevrejske zajednice u Sarajevu, njihovog institucionanog organiziranja i privredne aktivnosti do kraja osmanske vladavine.<\/p>\n\n\n\n<p>Knjiga je va\u017ena jer na temelju osmanskih izvora rasvjetljava jednu va\u017enu temu iz historije Bosne i Hercegovine. Istodobno, knjiga je svjedo\u010danstvo ne samo o razvoju jevrejske zajednice nego pru\u017ea i \u0161iru sliku o razvoju multikulturnog i multivjerskog dru\u0161tva u Bosni i Hercegovini.<\/p>\n\n\n\n<p><strong>Aladin Husi\u0107<\/strong>, histori\u010dar, osmanista, radno iskustvo stjecao je kao prosvjetni radnik, muzeolog a od 2003. godine uposlenik je Orijentalnog istituta. Pro\u0161ao je zvanja od stru\u010dnog saradnika do nau\u010dnog savjetnika, gdje i danas radi na Univerzitetu u Sarajevu \u2013 Orijentanom institutu. U\u017ea oblast interesovanja je Historija jugoisto\u010dne Evrope u vrijeme osmanske vladavine, posebno historija Bosne pod osmanskom vla\u0161\u0107u.<\/p>\n\n\n\n<p>Autor je vi\u0161e knjiga, od kojih isti\u010demo: <em>Had\u017e iz Bosne u vrijeme osmanske vladavine<\/em>, <em>Crna Gora u defteru Duka\u0111inskog snad\u017eaka iz 1570. godine<\/em>, <em>Kadiluk Te\u0161anj u drugoj polovini 18. stolje\u0107a<\/em> (Te\u0161anj, Maglaj i \u017dep\u010de u svjetlu akata te\u0161anjskog suda), zatim <em>Dev\u0161irma u Bosni<\/em> (o regrutaciji Bosanaca u janji\u010dare). Knjigom <em>Sarajevski Jevreji od dolaska u Bosnu do 1878. godine<\/em>, za sada, zaokru\u017euje taj&nbsp;niz. Osim toga prire\u0111iva\u010d je vrlo zna\u010dajnog izdanja <em>Sid\u017eil Te\u0161anjskog kadiluka iz druge polovine XVIII vijeka (1165-1204\/1752-1790).<\/em><\/p>\n\n\n\n<hr class=\"wp-block-separator has-alpha-channel-opacity\"\/>\n\n\n\n<p>Izvor:<\/p>\n\n\n\n<p><a href=\"https:\/\/historiografija.ba\/knjige\/bosna-i-hercegovina\/sarajevski-jevreji\">https:\/\/historiografija.ba\/knjige\/bosna-i-hercegovina\/sarajevski-jevreji<\/a><\/p>\n\n\n\n<hr class=\"wp-block-separator has-alpha-channel-opacity\"\/>\n","protected":false},"excerpt":{"rendered":"","protected":false},"author":2,"featured_media":44529,"comment_status":"open","ping_status":"open","sticky":false,"template":"","format":"standard","meta":{"_acf_changed":false,"jetpack_post_was_ever_published":false,"_jetpack_newsletter_access":"","_jetpack_dont_email_post_to_subs":false,"_jetpack_newsletter_tier_id":0,"_jetpack_memberships_contains_paywalled_content":false,"_jetpack_memberships_contains_paid_content":false,"footnotes":"","jetpack_publicize_message":"","jetpack_publicize_feature_enabled":true,"jetpack_social_post_already_shared":true,"jetpack_social_options":{"image_generator_settings":{"template":"highway","default_image_id":0,"font":"","enabled":false},"version":2}},"categories":[8,3],"tags":[],"class_list":["post-44528","post","type-post","status-publish","format-standard","has-post-thumbnail","hentry","category-knjige","category-novosti"],"acf":{"facebook_opis":""},"jetpack_publicize_connections":[],"jetpack_featured_media_url":"https:\/\/i0.wp.com\/historiografija.hr\/wp-content\/uploads\/2025\/01\/Husic.jpg?fit=257%2C376&ssl=1","jetpack_sharing_enabled":true,"jetpack-related-posts":[],"_links":{"self":[{"href":"https:\/\/historiografija.hr\/index.php?rest_route=\/wp\/v2\/posts\/44528","targetHints":{"allow":["GET"]}}],"collection":[{"href":"https:\/\/historiografija.hr\/index.php?rest_route=\/wp\/v2\/posts"}],"about":[{"href":"https:\/\/historiografija.hr\/index.php?rest_route=\/wp\/v2\/types\/post"}],"author":[{"embeddable":true,"href":"https:\/\/historiografija.hr\/index.php?rest_route=\/wp\/v2\/users\/2"}],"replies":[{"embeddable":true,"href":"https:\/\/historiografija.hr\/index.php?rest_route=%2Fwp%2Fv2%2Fcomments&post=44528"}],"version-history":[{"count":1,"href":"https:\/\/historiografija.hr\/index.php?rest_route=\/wp\/v2\/posts\/44528\/revisions"}],"predecessor-version":[{"id":44530,"href":"https:\/\/historiografija.hr\/index.php?rest_route=\/wp\/v2\/posts\/44528\/revisions\/44530"}],"wp:featuredmedia":[{"embeddable":true,"href":"https:\/\/historiografija.hr\/index.php?rest_route=\/wp\/v2\/media\/44529"}],"wp:attachment":[{"href":"https:\/\/historiografija.hr\/index.php?rest_route=%2Fwp%2Fv2%2Fmedia&parent=44528"}],"wp:term":[{"taxonomy":"category","embeddable":true,"href":"https:\/\/historiografija.hr\/index.php?rest_route=%2Fwp%2Fv2%2Fcategories&post=44528"},{"taxonomy":"post_tag","embeddable":true,"href":"https:\/\/historiografija.hr\/index.php?rest_route=%2Fwp%2Fv2%2Ftags&post=44528"}],"curies":[{"name":"wp","href":"https:\/\/api.w.org\/{rel}","templated":true}]}}