{"id":44525,"date":"2025-01-24T22:15:19","date_gmt":"2025-01-24T22:15:19","guid":{"rendered":"https:\/\/historiografija.hr\/?p=44525"},"modified":"2025-01-24T22:15:19","modified_gmt":"2025-01-24T22:15:19","slug":"promocija-drugog-izdanja-knjige-ive-goldsteina-jasenovac","status":"publish","type":"post","link":"https:\/\/historiografija.hr\/?p=44525","title":{"rendered":"Promocija drugog izdanja knjige Ive Goldsteina \u201eJasenovac\u201c"},"content":{"rendered":"\n<p>Promocija novog, pro\u0161irenog i promijenjenog izdanja monografije Ive Goldsteina &#8220;Jasenovac&#8221; koje ne smijete propustiti!<\/p>\n\n\n\n<p>Logor Jasenovac ostaje jedno od najva\u017enijih i najkontroverznijih pitanja povijesti 20. stolje\u0107a.<\/p>\n\n\n\n<p>Drugo izdanje monografije &#8220;Jasenovac&#8221; donosi najtemeljitiju analizu do sada, uz dodatno osvjetljavanje povijesnih \u010dinjenica kroz pogovor Gorana Hutinca i arhivske fotografije savezni\u010dkih zrakoplova.<br><br>Bez ideolo\u0161kih predrasuda, ali s jasnim stavom, ova monografija predstavlja nezaobilazan doprinos razumijevanju najte\u017eih poglavlja na\u0161e povijesti.<\/p>\n\n\n\n<p>Na promociji govore: Ivo Goldstein, Goran Hutinec i Seid Serdarevi\u0107.<br><br>Pridru\u017ei nam se u utorak, 28. 1. 2025. u 19 sati u Knji\u017eari Fraktura (Ulica kneza Mislava 17, Zagreb).<\/p>\n\n\n\n<p>Vi\u0161e o knjizi: <a href=\"https:\/\/fraktura.hr\/jasenovac-drugo-izdanje.html?fbclid=IwZXh0bgNhZW0CMTAAAR3u4DxThQBHE8ws-Vit0FCS2nTWQsip5ziwMdUyowTAwACdvlmy2ld5xsQ_aem_ICwEuBzQsxGk3_DhhVa-RQ\" target=\"_blank\" rel=\"noreferrer noopener\">https:\/\/fraktura.hr\/jasenovac-drugo-izdanje.html<\/a><br><br>Sunakladnik: \u017didovska zajednica Bet Israel u Hrvatskoj<\/p>\n\n\n\n<hr class=\"wp-block-separator has-alpha-channel-opacity\"\/>\n\n\n\n<p>Izvor:<\/p>\n\n\n\n<p><a href=\"https:\/\/www.facebook.com\/events\/1138833904488136\">https:\/\/www.facebook.com\/events\/1138833904488136<\/a><\/p>\n\n\n\n<hr class=\"wp-block-separator has-alpha-channel-opacity\"\/>\n","protected":false},"excerpt":{"rendered":"","protected":false},"author":2,"featured_media":44526,"comment_status":"open","ping_status":"open","sticky":false,"template":"","format":"standard","meta":{"_acf_changed":false,"jetpack_post_was_ever_published":false,"_jetpack_newsletter_access":"","_jetpack_dont_email_post_to_subs":false,"_jetpack_newsletter_tier_id":0,"_jetpack_memberships_contains_paywalled_content":false,"_jetpack_memberships_contains_paid_content":false,"footnotes":"","jetpack_publicize_message":"","jetpack_publicize_feature_enabled":true,"jetpack_social_post_already_shared":true,"jetpack_social_options":{"image_generator_settings":{"template":"highway","default_image_id":0,"font":"","enabled":false},"version":2}},"categories":[3],"tags":[],"class_list":["post-44525","post","type-post","status-publish","format-standard","has-post-thumbnail","hentry","category-novosti"],"acf":{"facebook_opis":""},"jetpack_publicize_connections":[],"jetpack_featured_media_url":"https:\/\/i0.wp.com\/historiografija.hr\/wp-content\/uploads\/2025\/01\/Jasenovac_promocija.jpg?fit=1600%2C800&ssl=1","jetpack_sharing_enabled":true,"jetpack-related-posts":[],"_links":{"self":[{"href":"https:\/\/historiografija.hr\/index.php?rest_route=\/wp\/v2\/posts\/44525","targetHints":{"allow":["GET"]}}],"collection":[{"href":"https:\/\/historiografija.hr\/index.php?rest_route=\/wp\/v2\/posts"}],"about":[{"href":"https:\/\/historiografija.hr\/index.php?rest_route=\/wp\/v2\/types\/post"}],"author":[{"embeddable":true,"href":"https:\/\/historiografija.hr\/index.php?rest_route=\/wp\/v2\/users\/2"}],"replies":[{"embeddable":true,"href":"https:\/\/historiografija.hr\/index.php?rest_route=%2Fwp%2Fv2%2Fcomments&post=44525"}],"version-history":[{"count":1,"href":"https:\/\/historiografija.hr\/index.php?rest_route=\/wp\/v2\/posts\/44525\/revisions"}],"predecessor-version":[{"id":44527,"href":"https:\/\/historiografija.hr\/index.php?rest_route=\/wp\/v2\/posts\/44525\/revisions\/44527"}],"wp:featuredmedia":[{"embeddable":true,"href":"https:\/\/historiografija.hr\/index.php?rest_route=\/wp\/v2\/media\/44526"}],"wp:attachment":[{"href":"https:\/\/historiografija.hr\/index.php?rest_route=%2Fwp%2Fv2%2Fmedia&parent=44525"}],"wp:term":[{"taxonomy":"category","embeddable":true,"href":"https:\/\/historiografija.hr\/index.php?rest_route=%2Fwp%2Fv2%2Fcategories&post=44525"},{"taxonomy":"post_tag","embeddable":true,"href":"https:\/\/historiografija.hr\/index.php?rest_route=%2Fwp%2Fv2%2Ftags&post=44525"}],"curies":[{"name":"wp","href":"https:\/\/api.w.org\/{rel}","templated":true}]}}