{"id":44518,"date":"2025-01-24T22:02:45","date_gmt":"2025-01-24T22:02:45","guid":{"rendered":"https:\/\/historiografija.hr\/?p=44518"},"modified":"2025-04-07T11:01:00","modified_gmt":"2025-04-07T11:01:00","slug":"predstavljanje-hrvatske-revije-4-2024-posvecene-1100-obljetnici-hrvatskoga-kraljevstva","status":"publish","type":"post","link":"https:\/\/historiografija.hr\/?p=44518","title":{"rendered":"Predstavljanje \u201eHrvatske revije\u201c (4\/2024) posve\u0107ene 1100. obljetnici Hrvatskoga Kraljevstva"},"content":{"rendered":"\n<p>\u010cetvrtak, 30. sije\u010dnja 2025. u 12:00 sati, Knji\u017eara Matice hrvatske, Ulica Matice hrvatske 2, Zagreb<\/p>\n\n\n\n<p>Matica hrvatska ima \u010dast pozvati Vas na predstavljanje<\/p>\n\n\n\n<p><strong><em>Hrvatske revije <\/em><\/strong><strong>4\/2024.<\/strong><\/p>\n\n\n\n<p><strong>Sudjeluju<\/strong><\/p>\n\n\n\n<p>Mirjana Matijevi\u0107 Sokol<br>Tomislav Galovi\u0107<br>Dino Milinovi\u0107<br>Mario Jareb<br>Mirjana Poli\u0107 Bobi\u0107<\/p>\n\n\n\n<p>\u010detvrtak, 30. sije\u010dnja 2025. u 12 sati<\/p>\n\n\n\n<p>Knji\u017eara Matice hrvatske (Ulica Matice hrvatske 2)<\/p>\n\n\n\n<p>U povodu 1100. obljetnice Hrvatskog Kraljevstva \u010detvrti je broj <em>Hrvatske revije<\/em> u cijelosti posve\u0107en povijesnoj li\u010dnosti kralja Tomislava i njegovom vremenu, povijesti prou\u010davanja te problematike, povijesnom pam\u0107enju i mitu o kralju Tomislavu u Hrvata, te prikazivanju Tomislavova lika i vremena u likovnim umjetnostima.<\/p>\n\n\n\n<hr class=\"wp-block-separator has-alpha-channel-opacity\"\/>\n\n\n\n<p>Izvor i dodatne obavijesti:<\/p>\n\n\n\n<p><a href=\"https:\/\/www.matica.hr\/zbivanja\/predstavljanje-hrvatske-revije-42024-posvecene-1100-obljetnici-hrvatskoga-kraljevstva-4588\">https:\/\/www.matica.hr\/zbivanja\/predstavljanje-hrvatske-revije-42024-posvecene-1100-obljetnici-hrvatskoga-kraljevstva-4588<\/a><\/p>\n\n\n\n<p><a href=\"https:\/\/www.matica.hr\/vijenac\/805\/hrvatska-revija-o-velikom-jubileju-37341\">https:\/\/www.matica.hr\/vijenac\/805\/hrvatska-revija-o-velikom-jubileju-37341<\/a><\/p>\n\n\n\n<p><a href=\"https:\/\/www.matica.hr\/vijenac\/807\/hrvatsko-kraljevstvo-nije-nastalo-ni-iz-cega-37453\">https:\/\/www.matica.hr\/vijenac\/807\/hrvatsko-kraljevstvo-nije-nastalo-ni-iz-cega-37453<\/a><\/p>\n\n\n\n<p><a href=\"https:\/\/magazin.hrt.hr\/price-iz-hrvatske\/kralj-tomislav-i-1100-obljetnica-hrvatskoga-kraljevstva-11989086\">https:\/\/magazin.hrt.hr\/price-iz-hrvatske\/kralj-tomislav-i-1100-obljetnica-hrvatskoga-kraljevstva-11989086<\/a><\/p>\n\n\n\n<p><a href=\"https:\/\/www.hkv.hr\/izdvojeno\/vai-prilozi\/c-h\/curac-marko\/45041-tematski-broj-maticine-hrvatske-revije-prvi-prinos-obljetnickoj-godini-hrvatskoga-kraljevstva.html\">https:\/\/www.hkv.hr\/izdvojeno\/vai-prilozi\/c-h\/curac-marko\/45041-tematski-broj-maticine-hrvatske-revije-prvi-prinos-obljetnickoj-godini-hrvatskoga-kraljevstva.html<\/a><\/p>\n\n\n\n<hr class=\"wp-block-separator has-alpha-channel-opacity\"\/>\n","protected":false},"excerpt":{"rendered":"","protected":false},"author":2,"featured_media":44519,"comment_status":"open","ping_status":"open","sticky":false,"template":"","format":"standard","meta":{"_acf_changed":false,"jetpack_post_was_ever_published":false,"_jetpack_newsletter_access":"","_jetpack_dont_email_post_to_subs":false,"_jetpack_newsletter_tier_id":0,"_jetpack_memberships_contains_paywalled_content":false,"_jetpack_memberships_contains_paid_content":false,"footnotes":"","jetpack_publicize_message":"","jetpack_publicize_feature_enabled":true,"jetpack_social_post_already_shared":true,"jetpack_social_options":{"image_generator_settings":{"template":"highway","default_image_id":0,"font":"","enabled":false},"version":2}},"categories":[3],"tags":[],"class_list":["post-44518","post","type-post","status-publish","format-standard","has-post-thumbnail","hentry","category-novosti"],"acf":{"facebook_opis":""},"jetpack_publicize_connections":[],"jetpack_featured_media_url":"https:\/\/i0.wp.com\/historiografija.hr\/wp-content\/uploads\/2025\/01\/pozivnica-hr-04-2024.jpg?fit=680%2C321&ssl=1","jetpack_sharing_enabled":true,"jetpack-related-posts":[],"_links":{"self":[{"href":"https:\/\/historiografija.hr\/index.php?rest_route=\/wp\/v2\/posts\/44518","targetHints":{"allow":["GET"]}}],"collection":[{"href":"https:\/\/historiografija.hr\/index.php?rest_route=\/wp\/v2\/posts"}],"about":[{"href":"https:\/\/historiografija.hr\/index.php?rest_route=\/wp\/v2\/types\/post"}],"author":[{"embeddable":true,"href":"https:\/\/historiografija.hr\/index.php?rest_route=\/wp\/v2\/users\/2"}],"replies":[{"embeddable":true,"href":"https:\/\/historiografija.hr\/index.php?rest_route=%2Fwp%2Fv2%2Fcomments&post=44518"}],"version-history":[{"count":5,"href":"https:\/\/historiografija.hr\/index.php?rest_route=\/wp\/v2\/posts\/44518\/revisions"}],"predecessor-version":[{"id":45728,"href":"https:\/\/historiografija.hr\/index.php?rest_route=\/wp\/v2\/posts\/44518\/revisions\/45728"}],"wp:featuredmedia":[{"embeddable":true,"href":"https:\/\/historiografija.hr\/index.php?rest_route=\/wp\/v2\/media\/44519"}],"wp:attachment":[{"href":"https:\/\/historiografija.hr\/index.php?rest_route=%2Fwp%2Fv2%2Fmedia&parent=44518"}],"wp:term":[{"taxonomy":"category","embeddable":true,"href":"https:\/\/historiografija.hr\/index.php?rest_route=%2Fwp%2Fv2%2Fcategories&post=44518"},{"taxonomy":"post_tag","embeddable":true,"href":"https:\/\/historiografija.hr\/index.php?rest_route=%2Fwp%2Fv2%2Ftags&post=44518"}],"curies":[{"name":"wp","href":"https:\/\/api.w.org\/{rel}","templated":true}]}}