{"id":44515,"date":"2025-01-23T22:15:10","date_gmt":"2025-01-23T22:15:10","guid":{"rendered":"https:\/\/historiografija.hr\/?p=44515"},"modified":"2025-01-23T22:15:10","modified_gmt":"2025-01-23T22:15:10","slug":"bojkot-trgovina-u-povijesnoj-perspektivi","status":"publish","type":"post","link":"https:\/\/historiografija.hr\/?p=44515","title":{"rendered":"Bojkot trgovina u povijesnoj perspektivi"},"content":{"rendered":"\n<p>Najavljeni sutra\u0161nji masovni bojkot trgovina u Hrvatskoj zbog jedne od najvi\u0161ih stopa inflacije u EU izazvao je veliki <a href=\"https:\/\/vijesti.hrt.hr\/hrvatska\/sever-bojkot-trgovina-jedini-pravi-lijek-u-borbi-protiv-visokih-cijena-11975028\">medijski <\/a>interes. Fenomen bojkota ima dakako sna\u017enu povijesnu pozadinu, u rasponu od samog <a href=\"https:\/\/www.enciklopedija.hr\/clanak\/bojkot\">naziva<\/a> do povijesti njegova prakticiranja. O njemu su na osnovu raznih povijesnih slu\u010daja pisali brojni povjesni\u010dari. Spomenut \u0107emo ovdje tek da je E. P. Thompson svoj koncept \u201emoralne ekonomije\u201c (iz perspektive povijesnih aktera) razvio upravo na socijalnim reakcijama na rast cijena hrane (posebno kruha) u 18. stolje\u0107u u radu \u201eThe Moral Economy of the English Crowd in the Eighteenth Century\u201c iz <a href=\"https:\/\/academic.oup.com\/past\/article-abstract\/50\/1\/76\/1458023\">1971.<\/a> godine. Prethodno smo spominjali njema\u010dku <a href=\"https:\/\/historiografija.hr\/?p=39604\">izlo\u017ebu<\/a> o inflaciji kao poticaj za povijesno i muzeolo\u0161ko bavljenje aktualnim dru\u0161tvenim temama. Tijekom 2025. bit \u0107e u Hrvatskoj obilje\u017eavano vi\u0161e obljetnica povijesnih doga\u0111aja. No ne treba zaboraviti ni na one struje u me\u0111unarodnoj historiografiji po\u010dev\u0161i od 20. stolje\u0107a do danas koje polaze od toga da se povjesni\u010dari itekako mogu i trebaju baviti i suvremenim politi\u010dkim, socio-ekonomskim i kulturnim temama stavljaju\u0107i ih u povijesnu perspektivu.<\/p>\n\n\n\n<hr class=\"wp-block-separator has-alpha-channel-opacity\"\/>\n","protected":false},"excerpt":{"rendered":"","protected":false},"author":2,"featured_media":44516,"comment_status":"open","ping_status":"open","sticky":false,"template":"","format":"standard","meta":{"_acf_changed":false,"jetpack_post_was_ever_published":false,"_jetpack_newsletter_access":"","_jetpack_dont_email_post_to_subs":false,"_jetpack_newsletter_tier_id":0,"_jetpack_memberships_contains_paywalled_content":false,"_jetpack_memberships_contains_paid_content":false,"footnotes":"","jetpack_publicize_message":"","jetpack_publicize_feature_enabled":true,"jetpack_social_post_already_shared":true,"jetpack_social_options":{"image_generator_settings":{"template":"highway","default_image_id":0,"font":"","enabled":false},"version":2}},"categories":[3],"tags":[],"class_list":["post-44515","post","type-post","status-publish","format-standard","has-post-thumbnail","hentry","category-novosti"],"acf":{"facebook_opis":""},"jetpack_publicize_connections":[],"jetpack_featured_media_url":"https:\/\/i0.wp.com\/historiografija.hr\/wp-content\/uploads\/2025\/01\/trgovina-bojkot.webp?fit=600%2C397&ssl=1","jetpack_sharing_enabled":true,"jetpack-related-posts":[],"_links":{"self":[{"href":"https:\/\/historiografija.hr\/index.php?rest_route=\/wp\/v2\/posts\/44515","targetHints":{"allow":["GET"]}}],"collection":[{"href":"https:\/\/historiografija.hr\/index.php?rest_route=\/wp\/v2\/posts"}],"about":[{"href":"https:\/\/historiografija.hr\/index.php?rest_route=\/wp\/v2\/types\/post"}],"author":[{"embeddable":true,"href":"https:\/\/historiografija.hr\/index.php?rest_route=\/wp\/v2\/users\/2"}],"replies":[{"embeddable":true,"href":"https:\/\/historiografija.hr\/index.php?rest_route=%2Fwp%2Fv2%2Fcomments&post=44515"}],"version-history":[{"count":1,"href":"https:\/\/historiografija.hr\/index.php?rest_route=\/wp\/v2\/posts\/44515\/revisions"}],"predecessor-version":[{"id":44517,"href":"https:\/\/historiografija.hr\/index.php?rest_route=\/wp\/v2\/posts\/44515\/revisions\/44517"}],"wp:featuredmedia":[{"embeddable":true,"href":"https:\/\/historiografija.hr\/index.php?rest_route=\/wp\/v2\/media\/44516"}],"wp:attachment":[{"href":"https:\/\/historiografija.hr\/index.php?rest_route=%2Fwp%2Fv2%2Fmedia&parent=44515"}],"wp:term":[{"taxonomy":"category","embeddable":true,"href":"https:\/\/historiografija.hr\/index.php?rest_route=%2Fwp%2Fv2%2Fcategories&post=44515"},{"taxonomy":"post_tag","embeddable":true,"href":"https:\/\/historiografija.hr\/index.php?rest_route=%2Fwp%2Fv2%2Ftags&post=44515"}],"curies":[{"name":"wp","href":"https:\/\/api.w.org\/{rel}","templated":true}]}}