{"id":44512,"date":"2025-01-23T21:34:11","date_gmt":"2025-01-23T21:34:11","guid":{"rendered":"https:\/\/historiografija.hr\/?p=44512"},"modified":"2025-01-23T21:34:11","modified_gmt":"2025-01-23T21:34:11","slug":"poziv-na-sudjelovanje-10-nacionalni-socioloski-kongres-procesi-fundamentalnih-drustvenih-transformacija-zdravlje-starenje-useljavanje","status":"publish","type":"post","link":"https:\/\/historiografija.hr\/?p=44512","title":{"rendered":"Poziv na sudjelovanje \u2013 10. Nacionalni sociolo\u0161ki kongres: Procesi fundamentalnih dru\u0161tvenih transformacija: zdravlje, starenje, useljavanje"},"content":{"rendered":"\n<p>Hrvatsko sociolo\u0161ko dru\u0161tvo poziva Vas na sudjelovanje na <strong>10. Nacionalnom sociolo\u0161kom kongresu<\/strong>, koji \u0107e se odr\u017eati od 16. do 18. svibnja 2025. u prostorijama <strong>\u0160kole narodnog zdravlja \u201eAndrija \u0160tampar\u201c Medicinskog fakulteta Sveu\u010dili\u0161ta u Zagrebu<\/strong>, Rockefellerova 4, Zagreb. &nbsp;<\/p>\n\n\n\n<p>Pozivamo vas stoga da se prijedlozima prezentacija i panela uklju\u010dite u rad ovogodi\u0161njeg Nacionalnog kongresa Hrvatskog sociolo\u0161kog dru\u0161tva i pridonesete raspravama koje se odnose na procese dru\u0161tvenih transformacija u Hrvatskoj vezanih za <strong>zdravlje, starenje i useljavanje <\/strong>te s njima povezanih dru\u0161tvenih pojava.<\/p>\n\n\n\n<p>Kongres je otvoren i interdisciplinarnim promi\u0161ljanjima te primjerima iz regije i drugih zemalja. Naravno, uz priloge iz razli\u010ditih posebnih sociologija, dobrodo\u0161la su i izlaganja koja se temelje na transnacionalnim perspektivama.<\/p>\n\n\n\n<p><strong>TEMA KONGRESA<\/strong><\/p>\n\n\n\n<p>Dru\u0161tveni procesi obuhva\u0107aju kontinuirano djelovanje i pona\u0161anje ljudi u okviru kojih nastaju dru\u0161tvene pojave koje mijenjaju dru\u0161tva i zajednice. Jedan od klju\u010dnih zadataka sociologije je analiza ishoda tih procesa i transformacija dru\u0161tva. U na\u0161oj je sociologiji posljednjih desetlje\u0107a bio izrazito prisutan istra\u017eiva\u010dki interes za analizu procesa tranzicije, kojeg je Kalanj (1998) definirao skra\u0107enim komprimiranim procesom integracije u kapitalisti\u010dku modernost. Rekonstruiranje kapitalizma, u na\u0161em postsocijalisti\u010dkom i ratnim posljedicama optere\u0107enom dru\u0161tvu, obilje\u017eeno je radikalnim strukturalnim i sociokulturnim promjenama. Istovremeno, moderna dru\u0161tva i njihov ekonomski i politi\u010dki krajobraz su radikalizirani, a virtualna sfera me\u0111uljudskih odnosa ima sve ve\u0107i zna\u010daj. Usprkos silnom tehnolo\u0161kom napretku, velik dio \u010dovje\u010danstva \u017eivi u siroma\u0161tvu, pa i u potpunoj bijedi. Ve\u0107ina stanovnika suvremenog svijeta mo\u017ee, na\u017ealost, samo \u017eudjeti \u010dak i za najbanalnijim blagodatima civilizacije poput pitke vode ili kori\u0161tenja interneta. Suvremeni kapitalizam, uspostaviv\u0161i globalno tr\u017ei\u0161te, uspostavio je i globalni poredak i novi oblik suverenosti, a u njemu su nacionalne granice izgubile svoje zna\u010denje. Globalne nejednakosti generiraju izrazite razlike u dostupnosti klju\u010dnih resursa za blagostanje i prosperitet, poput zaposlenja ili zdravstvene skrbi, ne samo pojedincima nego i cijelim dru\u0161tvenim skupinama, lokalnim zajednicama, regijama i dru\u0161tvima. Tri klju\u010dna fundamentalna dru\u0161tvena procesa \u2013 zdravlje, starenje i useljavanje \u2013prepoznata su kao izrazito relevantna i zato odabrana kao tema sociolo\u0161ke rasprave. Zdravlje i sustavi koji ga podr\u017eavaju reflektiraju dinamiku dru\u0161tvenih odnosa, kulturnih vrijednosti i ekonomskih prioriteta, \u010dine\u0107i ga klju\u010dnim za razumijevanje modernih dru\u0161tava. Starenje stanovni\u0161tva, kao zajedni\u010dko obilje\u017eje europskih dru\u0161tava, donosi izazove poput smanjenja broja radno sposobnih pojedinaca, pritiska na zdravstveni sustav i redefinicije me\u0111ugeneracijskih odnosa. Useljavanje, posebno priljev radnika iz azijskih zemalja, otvara pitanja dru\u0161tvene integracije, radnih prava i kulturne raznolikosti, ali i potencijalno stvara nove oblike dru\u0161tvenih nejednakosti i isklju\u010denosti. Ovi procesi imaju duboke posljedice na strukturu i funkcioniranje dru\u0161tva, \u010dine\u0107i ih nezaobilaznom temom sociolo\u0161kih istra\u017eivanja. Istaknuti fenomeni zahtijevaju analizu i raspravu u okviru sociolo\u0161ke zajednice. Pritom su legitimni i dobrodo\u0161li razli\u010diti teorijski i metodolo\u0161ki pristupi ovoj problematici, koja je po prvi put klju\u010dna tema odr\u017eavanja Nacionalnog kongresa Hrvatskog sociolo\u0161kog dru\u0161tva.<\/p>\n\n\n\n<p><strong>Teme relevantne za Kongres:<\/strong><\/p>\n\n\n\n<ul class=\"wp-block-list\">\n<li>Zdravlje<\/li>\n\n\n\n<li>Starenje<\/li>\n\n\n\n<li>Useljavanje<\/li>\n\n\n\n<li>Izbjegli\u0161tvo<\/li>\n\n\n\n<li>Azil<\/li>\n\n\n\n<li>Rad i zapo\u0161ljavanje<\/li>\n\n\n\n<li>Nezaposlenost<\/li>\n\n\n\n<li>Kapitalizam<\/li>\n\n\n\n<li>Socijalna politika i socijalna skrb<\/li>\n\n\n\n<li>Politika<\/li>\n\n\n\n<li>Dru\u0161tveno sudjelovanje<\/li>\n\n\n\n<li>Rasizam<\/li>\n\n\n\n<li>Nacionalizam<\/li>\n\n\n\n<li>Populizam<\/li>\n\n\n\n<li>Feminizam i istra\u017eivanje roda<\/li>\n\n\n\n<li>Urbanizam<\/li>\n\n\n\n<li>Dru\u0161tveni pokreti<\/li>\n\n\n\n<li>Subkulture<\/li>\n\n\n\n<li>Simboli\u010dke granice<\/li>\n\n\n\n<li>Dru\u0161tveni konflikti<\/li>\n\n\n\n<li>Rizik i neizvjesnost<\/li>\n\n\n\n<li>Djeca i mladi<\/li>\n\n\n\n<li>Aktivizam<\/li>\n\n\n\n<li>Religija<\/li>\n\n\n\n<li>Konzumerizam<\/li>\n\n\n\n<li>Obrazovanje<\/li>\n\n\n\n<li>Ekologija i okoli\u0161<\/li>\n\n\n\n<li>Obitelj<\/li>\n\n\n\n<li>Masovno komuniciranje i mediji<\/li>\n\n\n\n<li>Seksualnost<\/li>\n\n\n\n<li>Sport<\/li>\n\n\n\n<li>Generacijski odnosi<\/li>\n\n\n\n<li>Transformacija gradova i sela<\/li>\n\n\n\n<li>Turizam<\/li>\n\n\n\n<li>Ostalo<\/li>\n<\/ul>\n\n\n\n<p><strong>PROGRAMSKI ODBOR<\/strong><br>Predsjednik<br>prof. dr.sc. Dragan Bagi\u0107, Filozofski fakultet Sveu\u010dili\u0161ta u Zagrebu<\/p>\n\n\n\n<p><strong>\u010clanovi\/ice<\/strong><br>izv. prof. dr.sc. Valerija Barada, Sveu\u010dili\u0161te u Zadru<br>izv. prof. dr.sc. Sun\u010dica Bartoluci, Kineziolo\u0161ki fakultet Sveu\u010dili\u0161ta u Zagrebu<br>dr.sc. Vanesa Benkovi\u0107, znanstvena suradnica, \u0160kola narodnog zdravlja \u201eAndrija \u0160tampar\u201c, Medicinski fakultet Sveu\u010dili\u0161ta u Zagrebu; Novo nordisk Hrvatska<br>prof. dr.sc. Sa\u0161a Bo\u017ei\u0107, Sveu\u010dili\u0161te u Zadru<br>dr.sc. Anja Gvozdanovi\u0107, vi\u0161a znanstvena suradnica, Institut za dru\u0161tvena istra\u017eivanja u Zagrebu<br>dr.sc. Ra\u0161eljka Krni\u0107, vi\u0161a znanstvena suradnica, Institut dru\u0161tvenih znanosti Ivo Pilar<br>dr.sc. Simona Kuti, vi\u0161a znanstvena suradnica, Institut za istra\u017eivanje migracija<br>izv. prof. dr.sc. Marija Lon\u010dar, Filozofski fakultet Sveu\u010dili\u0161ta u Splitu<br>izv. prof. dr.sc. Marko Mrakov\u010di\u0107, Pravni fakultet Sveu\u010dili\u0161ta u Rijeci<br>dr.sc. Marko Mustapi\u0107, znanstveni savjetnik, Institut dru\u0161tvenih znanosti Ivo Pilar<br>prof. dr.sc. \u017deljko Pavi\u0107, Filozofski fakultet Sveu\u010dili\u0161ta u Osijeku<br>dr.sc. Nikola Petrovi\u0107, vi\u0161i znanstveni suradnik, Institut za dru\u0161tvena istra\u017eivanja u Zagrebu<br>izv. prof. dr.sc. Tea Vuku\u0161i\u0107 Rukavina, \u0160kola narodnog zdravlja \u201eAndrija \u0160tampar\u201c, Medicinski fakultet Sveu\u010dili\u0161ta u Zagrebu<br>prof. dr.sc. Sini\u0161a Zrin\u0161\u010dak, Pravni fakultet Sveu\u010dili\u0161ta u Zagrebu<br>izv. prof. dr.sc. Drago \u017dupari\u0107-Ilji\u0107, Filozofski fakultet Sveu\u010dili\u0161ta u Zagrebu<\/p>\n\n\n\n<p><strong>ORGANIZACIJSKI ODBOR<\/strong><br>Predsjednik<br>dr.sc. Marko Mareli\u0107, vi\u0161i asistent, \u0160kola narodnog zdravlja \u201eAndrija \u0160tampar\u201c, Medicinski fakultet Sveu\u010dili\u0161ta u Zagrebu<\/p>\n\n\n\n<p><strong>\u010clanovi\/ice<\/strong><br>Sara Biuk, bacc. soc., MSc studentica, The London School of Economics and Political Science LSE<br>dr.sc. Vanja Dergi\u0107, vi\u0161a asistentica, Institut dru\u0161tvenih znanosti Ivo Pilar<br>Marita Grubi\u0161i\u0107-\u010cabo, mag.anthrop. et soc., asistentica, Institut za dru\u0161tvena istra\u017eivanja u Zagrebu<br>dr.sc. Andrej Ivan Nuredinovi\u0107, asistent, Institut dru\u0161tvenih znanosti Ivo Pilar<br>Jelena Ostoji\u0107, mag.soc., asistentica, Filozofski fakultet Sveu\u010dili\u0161ta u Zagrebu<br>dr.sc. Lovela Machala Popla\u0161en, voditeljica knji\u017enice, \u0160kola narodnog zdravlja \u201eAndrija \u0160tampar\u201c Medicinskog fakulteta Sveu\u010dili\u0161ta u Zagrebu<br>doc.dr.sc. Toni Popovi\u0107, Filozofski fakultet Sveu\u010dili\u0161ta u Splitu<br>Ivan Ro\u0161ko, mag.hist. et soc., asistent, Filozofski fakultet Sveu\u010dili\u0161ta u Zagrebu<\/p>\n\n\n\n<p><strong>Kotizacija<\/strong>: 150 \u20ac za \u010dlanove\/ice HSD-a;<br>60 \u20ac za umirovljenike\/ce;<br>60 \u20ac za studente\/ice preddiplomskih i diplomskih studija;<br>225 \u20ac za osobe koji nisu \u010dlanovi\/ce HSD-a<br>75 \u20ac za sudionike\/ce bez autorskog doprinosa<\/p>\n\n\n\n<p>Kotizacija uklju\u010duje materijale za kongres, hranu i pi\u0107e za sudionike i sudionice kongresa. U okviru Fonda budu\u0107nosti Hrvatskog sociolo\u0161kog dru\u0161tva \u0107e biti subvencionirane kotizacije za sudjelovanje do \u0161est studenata diplomskog studija sociologije, pri \u010demu \u0107e onima koji dolaze izvan Zagreba biti osiguran smje\u0161taj u dormitoriju \u0160NZ Andrija \u0160tampar. U dormitoriju je mogu\u0107e rezervirati smje\u0161taj za sudionike kongresa koji dolaze izvan Zagreba. Detaljnije o smje\u0161taju i cijenama u dormitoriju mo\u017eete prona\u0107i <strong><a href=\"https:\/\/www.snz.unizg.hr\/ustroj\/dormitorij\/\">ovdje<\/a><\/strong>.<\/p>\n\n\n\n<p>HRVATSKO SOCIOLO\u0160KO DRU\u0160TVO \u2013 CROATIAN SOCIOLOGICAL ASSOCIATION<br>Amru\u0161eva 11\/II, 10000 Zagreb, tel: 01\/4810264, fax: 01\/4810 263,<br>e-mail: info@hsd.hr web: http:\/\/www.hsd.hr\/<br>\u017eiro-ra\u010dun: 2390001-1100315979 OIB: 0167834204<br>Rok za slanje sa\u017eetaka: 1. o\u017eujka 2025. godi<\/p>\n\n\n\n<p><strong>Pozivamo Vas da po\u0161aljete svoju prijavu na adresu e-po\u0161te konferencije, nazna\u010denu u nastavku teksta. Prijava treba sadr\u017eavati:<\/strong><\/p>\n\n\n\n<ul class=\"wp-block-list\">\n<li>naslov, sa\u017eetak do najvi\u0161e 250 rije\u010di te do pet klju\u010dnih rije\u010di<\/li>\n\n\n\n<li>imena i prezimena, institucionalnu povezanost i e-mail adrese svih autora\/ica<br>Jedan autor\/ica mo\u017ee prijaviti najvi\u0161e dva sa\u017eetka kao prvi\/a autor\/ica.<br>Prijedlog panel sesije treba uklju\u010divati sa\u017eetak panela do 150 rije\u010di, uz obavezno<br>prilo\u017eenih 3-4 sa\u017eetka prezentacija koje \u0107e \u010diniti sastavni dio panela, a koji trebaju biti<br>u skladu s prethodno navedenim uputama.<br>Sa\u017eetci i prijedlozi panela u word ili pdf formatu primaju se do 1. o\u017eujka 2025. na e-<br>adresu info@hsd.hr.<\/li>\n<\/ul>\n\n\n\n<p>E-adresa za slanje sa\u017eetaka: <a href=\"mailto:info@hsd.hr\"><strong>info@hsd.hr<\/strong><\/a><br>Kontakt: dr.sc. Marko Mareli\u0107; <strong><a href=\"mailto:marko.marelic@snz.hr\">marko.marelic@snz.hr<\/a><\/strong><\/p>\n\n\n\n<hr class=\"wp-block-separator has-alpha-channel-opacity\"\/>\n\n\n\n<p>Izvori i dodatne obavijesti:<\/p>\n\n\n\n<figure class=\"wp-block-embed is-type-wp-embed is-provider-hrvatsko-sociolo-ko-dru-tvo wp-block-embed-hrvatsko-sociolo-ko-dru-tvo\"><div class=\"wp-block-embed__wrapper\">\n<blockquote class=\"wp-embedded-content\" data-secret=\"wayhjwtZlb\"><a href=\"https:\/\/hsd.hr\/2025\/01\/02\/poziv-na-sudjelovanje-na-10-nacionalnom-socioloskom-kongresu-hrvatskog-socioloskog-drustva-od-16-do-18-svibnja-2025\/\">Poziv na sudjelovanje \u2013 10. Nacionalni sociolo\u0161ki kongres Hrvatskog sociolo\u0161kog dru\u0161tva od 16. do 18. svibnja 2025.<\/a><\/blockquote><iframe loading=\"lazy\" class=\"wp-embedded-content\" sandbox=\"allow-scripts\" security=\"restricted\" style=\"position: absolute; visibility: hidden;\" title=\"&#8220;Poziv na sudjelovanje \u2013 10. Nacionalni sociolo\u0161ki kongres Hrvatskog sociolo\u0161kog dru\u0161tva od 16. do 18. svibnja 2025.&#8221; &#8212; Hrvatsko sociolo\u0161ko dru\u0161tvo\" src=\"https:\/\/hsd.hr\/2025\/01\/02\/poziv-na-sudjelovanje-na-10-nacionalnom-socioloskom-kongresu-hrvatskog-socioloskog-drustva-od-16-do-18-svibnja-2025\/embed\/#?secret=qNCfFZNCcU#?secret=wayhjwtZlb\" data-secret=\"wayhjwtZlb\" width=\"600\" height=\"338\" frameborder=\"0\" marginwidth=\"0\" marginheight=\"0\" scrolling=\"no\"><\/iframe>\n<\/div><\/figure>\n\n\n\n<figure class=\"wp-block-embed is-type-wp-embed is-provider-hrvatsko-sociolo-ko-dru-tvo wp-block-embed-hrvatsko-sociolo-ko-dru-tvo\"><div class=\"wp-block-embed__wrapper\">\n<blockquote class=\"wp-embedded-content\" data-secret=\"EK0ksXp1vM\"><a href=\"https:\/\/hsd.hr\/2025\/01\/20\/krenule-su-prijave-za-10-nacionalni-socioloski-kongres\/\">Krenule su prijave za 10. Nacionalni sociolo\u0161ki kongres!<\/a><\/blockquote><iframe loading=\"lazy\" class=\"wp-embedded-content\" sandbox=\"allow-scripts\" security=\"restricted\" style=\"position: absolute; visibility: hidden;\" title=\"&#8220;Krenule su prijave za 10. Nacionalni sociolo\u0161ki kongres!&#8221; &#8212; Hrvatsko sociolo\u0161ko dru\u0161tvo\" src=\"https:\/\/hsd.hr\/2025\/01\/20\/krenule-su-prijave-za-10-nacionalni-socioloski-kongres\/embed\/#?secret=sCCIsDuyeo#?secret=EK0ksXp1vM\" data-secret=\"EK0ksXp1vM\" width=\"600\" height=\"338\" frameborder=\"0\" marginwidth=\"0\" marginheight=\"0\" scrolling=\"no\"><\/iframe>\n<\/div><\/figure>\n\n\n\n<hr class=\"wp-block-separator has-alpha-channel-opacity\"\/>\n","protected":false},"excerpt":{"rendered":"","protected":false},"author":2,"featured_media":44513,"comment_status":"open","ping_status":"open","sticky":false,"template":"","format":"standard","meta":{"_acf_changed":false,"jetpack_post_was_ever_published":false,"_jetpack_newsletter_access":"","_jetpack_dont_email_post_to_subs":false,"_jetpack_newsletter_tier_id":0,"_jetpack_memberships_contains_paywalled_content":false,"_jetpack_memberships_contains_paid_content":false,"footnotes":"","jetpack_publicize_message":"","jetpack_publicize_feature_enabled":true,"jetpack_social_post_already_shared":true,"jetpack_social_options":{"image_generator_settings":{"template":"highway","default_image_id":0,"font":"","enabled":false},"version":2}},"categories":[3,9],"tags":[],"class_list":["post-44512","post","type-post","status-publish","format-standard","has-post-thumbnail","hentry","category-novosti","category-skupovi"],"acf":{"facebook_opis":""},"jetpack_publicize_connections":[],"jetpack_featured_media_url":"https:\/\/i0.wp.com\/historiografija.hr\/wp-content\/uploads\/2025\/01\/Poziv_kongres.png?fit=2048%2C1193&ssl=1","jetpack_sharing_enabled":true,"jetpack-related-posts":[],"_links":{"self":[{"href":"https:\/\/historiografija.hr\/index.php?rest_route=\/wp\/v2\/posts\/44512","targetHints":{"allow":["GET"]}}],"collection":[{"href":"https:\/\/historiografija.hr\/index.php?rest_route=\/wp\/v2\/posts"}],"about":[{"href":"https:\/\/historiografija.hr\/index.php?rest_route=\/wp\/v2\/types\/post"}],"author":[{"embeddable":true,"href":"https:\/\/historiografija.hr\/index.php?rest_route=\/wp\/v2\/users\/2"}],"replies":[{"embeddable":true,"href":"https:\/\/historiografija.hr\/index.php?rest_route=%2Fwp%2Fv2%2Fcomments&post=44512"}],"version-history":[{"count":1,"href":"https:\/\/historiografija.hr\/index.php?rest_route=\/wp\/v2\/posts\/44512\/revisions"}],"predecessor-version":[{"id":44514,"href":"https:\/\/historiografija.hr\/index.php?rest_route=\/wp\/v2\/posts\/44512\/revisions\/44514"}],"wp:featuredmedia":[{"embeddable":true,"href":"https:\/\/historiografija.hr\/index.php?rest_route=\/wp\/v2\/media\/44513"}],"wp:attachment":[{"href":"https:\/\/historiografija.hr\/index.php?rest_route=%2Fwp%2Fv2%2Fmedia&parent=44512"}],"wp:term":[{"taxonomy":"category","embeddable":true,"href":"https:\/\/historiografija.hr\/index.php?rest_route=%2Fwp%2Fv2%2Fcategories&post=44512"},{"taxonomy":"post_tag","embeddable":true,"href":"https:\/\/historiografija.hr\/index.php?rest_route=%2Fwp%2Fv2%2Ftags&post=44512"}],"curies":[{"name":"wp","href":"https:\/\/api.w.org\/{rel}","templated":true}]}}