{"id":44503,"date":"2025-01-23T21:08:20","date_gmt":"2025-01-23T21:08:20","guid":{"rendered":"https:\/\/historiografija.hr\/?p=44503"},"modified":"2025-01-23T21:08:20","modified_gmt":"2025-01-23T21:08:20","slug":"veleposlanstvo-sad-a-u-rh-poklanja-hda-zbirku-fotografija","status":"publish","type":"post","link":"https:\/\/historiografija.hr\/?p=44503","title":{"rendered":"Veleposlanstvo SAD-a u RH poklanja HDA zbirku fotografija"},"content":{"rendered":"\n<p>Hrvatski dr\u017eavni arhiv u \u010detvrtak, 16. sije\u010dnja 2025., imao je \u010dast ugostiti predstavnike Veleposlanstva Sjedinjenih Ameri\u010dkih Dr\u017eava u RH koji su krovnoj arhivskoj ustanovi u Hrvatskoj odlu\u010dili donirati bogatu zbirku od vi\u0161e od 6,5 tisu\u0107a fotografija iz vremena prvog ameri\u010dkog veleposlanika u Hrvatskoj Petera Galbraitha (1993. &#8211; 1998.).<\/p>\n\n\n\n<p>Fotografije prate tada\u0161njeg veleposlanika Sjedinjenih Ameri\u010dkih Dr\u017eava u RH na raznim doga\u0111anjima, od kojih su neka od velike va\u017enosti za suvremenu hrvatsku povijest, a jednako tako na velikom su broju snimaka zabilje\u017eene i brojne istaknute osobe iz onodobnoga javnog i politi\u010dkog \u017eivota Republike Hrvatske, europskih zemalja te SAD-a.<\/p>\n\n\n\n<p>Na sve\u010danoj primopredaji bili su prisutni Peter Galbraith, trenutna ameri\u010dka veleposlanica Nathalie Reyes, ministrica kulture i medija RH Nina Obuljen Kor\u017einek, Neven Pelicari\u0107, izaslanik predsjednika RH, Zlatko Mate\u0161a, biv\u0161i predsjednik Vlade, Mate Grani\u0107, biv\u0161i ministar vanjskih poslova te ostali uglednici.<\/p>\n\n\n\n<p>Ravnatelj Hrvatskoga dr\u017eavnog arhiva Dinko \u010cutura istaknuo je va\u017enost preuzetog gradiva jer se radi o prvoj donaciji ameri\u010dkog veleposlanstva koja \u0107e upotpuniti na\u0161e zbirke, posebno fond predsjednika Tu\u0111mana. Ameri\u010dka veleposlanica na odlasku naglasila je da su fotografije dar vezan uz zajedni\u010dku pro\u0161lost SAD-a i Hrvatske, a simboliziraju zajedni\u010dke ciljeve i jedinstvo dviju zemalja.<\/p>\n\n\n\n<hr class=\"wp-block-separator has-alpha-channel-opacity\"\/>\n\n\n\n<p>Izvor:<\/p>\n\n\n\n<p><a href=\"http:\/\/www.arhiv.hr\/hr-hr\/Kulturno-prosvjetne-aktivnosti\/ArticleId\/1856\/oamid\/1633\">http:\/\/www.arhiv.hr\/hr-hr\/Kulturno-prosvjetne-aktivnosti\/ArticleId\/1856\/oamid\/1633<\/a><\/p>\n\n\n\n<hr class=\"wp-block-separator has-alpha-channel-opacity\"\/>\n","protected":false},"excerpt":{"rendered":"","protected":false},"author":2,"featured_media":44504,"comment_status":"open","ping_status":"open","sticky":false,"template":"","format":"standard","meta":{"_acf_changed":false,"jetpack_post_was_ever_published":false,"_jetpack_newsletter_access":"","_jetpack_dont_email_post_to_subs":false,"_jetpack_newsletter_tier_id":0,"_jetpack_memberships_contains_paywalled_content":false,"_jetpack_memberships_contains_paid_content":false,"footnotes":"","jetpack_publicize_message":"","jetpack_publicize_feature_enabled":true,"jetpack_social_post_already_shared":true,"jetpack_social_options":{"image_generator_settings":{"template":"highway","default_image_id":0,"font":"","enabled":false},"version":2}},"categories":[3],"tags":[],"class_list":["post-44503","post","type-post","status-publish","format-standard","has-post-thumbnail","hentry","category-novosti"],"acf":{"facebook_opis":""},"jetpack_publicize_connections":[],"jetpack_featured_media_url":"https:\/\/i0.wp.com\/historiografija.hr\/wp-content\/uploads\/2025\/01\/HDA.jpg?fit=2048%2C1365&ssl=1","jetpack_sharing_enabled":true,"jetpack-related-posts":[],"_links":{"self":[{"href":"https:\/\/historiografija.hr\/index.php?rest_route=\/wp\/v2\/posts\/44503","targetHints":{"allow":["GET"]}}],"collection":[{"href":"https:\/\/historiografija.hr\/index.php?rest_route=\/wp\/v2\/posts"}],"about":[{"href":"https:\/\/historiografija.hr\/index.php?rest_route=\/wp\/v2\/types\/post"}],"author":[{"embeddable":true,"href":"https:\/\/historiografija.hr\/index.php?rest_route=\/wp\/v2\/users\/2"}],"replies":[{"embeddable":true,"href":"https:\/\/historiografija.hr\/index.php?rest_route=%2Fwp%2Fv2%2Fcomments&post=44503"}],"version-history":[{"count":1,"href":"https:\/\/historiografija.hr\/index.php?rest_route=\/wp\/v2\/posts\/44503\/revisions"}],"predecessor-version":[{"id":44505,"href":"https:\/\/historiografija.hr\/index.php?rest_route=\/wp\/v2\/posts\/44503\/revisions\/44505"}],"wp:featuredmedia":[{"embeddable":true,"href":"https:\/\/historiografija.hr\/index.php?rest_route=\/wp\/v2\/media\/44504"}],"wp:attachment":[{"href":"https:\/\/historiografija.hr\/index.php?rest_route=%2Fwp%2Fv2%2Fmedia&parent=44503"}],"wp:term":[{"taxonomy":"category","embeddable":true,"href":"https:\/\/historiografija.hr\/index.php?rest_route=%2Fwp%2Fv2%2Fcategories&post=44503"},{"taxonomy":"post_tag","embeddable":true,"href":"https:\/\/historiografija.hr\/index.php?rest_route=%2Fwp%2Fv2%2Ftags&post=44503"}],"curies":[{"name":"wp","href":"https:\/\/api.w.org\/{rel}","templated":true}]}}