{"id":44497,"date":"2025-01-22T19:43:02","date_gmt":"2025-01-22T19:43:02","guid":{"rendered":"https:\/\/historiografija.hr\/?p=44497"},"modified":"2025-01-22T19:43:02","modified_gmt":"2025-01-22T19:43:02","slug":"moja-zemlja-sto-mladi-misle-o-patriotizmu-gostovanje-reflektor-teatra-iz-beograda","status":"publish","type":"post","link":"https:\/\/historiografija.hr\/?p=44497","title":{"rendered":"\u201eMOJA ZEMLJA \u2013 \u0161to mladi misle o patriotizmu\u201c: Gostovanje Reflektor teatra iz Beograda"},"content":{"rendered":"\n<p><strong>Zagreba\u010dko kazali\u0161te mladih<\/strong><\/p>\n\n\n\n<p>\u010cET, 23\/01\/2025, 20:00<\/p>\n\n\n\n<p>Milena Bogavac<\/p>\n\n\n\n<p>MOJA ZEMLJA \u2013 \u0161to mladi misle o patriotizmu<\/p>\n\n\n\n<p>Gostovanje Reflektor teatra iz Beograda u ZKM-u<\/p>\n\n\n\n<hr class=\"wp-block-separator has-alpha-channel-opacity\"\/>\n\n\n\n<p><strong>MOJA ZEMLJA<\/strong><\/p>\n\n\n\n<p>\u0160ta mladi misle o patriotizmu!<\/p>\n\n\n\n<p>Autorka:<br><strong>Milena BOGAVAC<\/strong><\/p>\n\n\n\n<p>Rediteljka:&nbsp;<br><strong>Jelena BOGAVAC<\/strong><\/p>\n\n\n\n<p><strong>\u0160ta mladi misle o patriotizmu<\/strong><\/p>\n\n\n\n<p>MOJA ZEMLJA je predstava o tome kako smo je pravili.<\/p>\n\n\n\n<p>U\u010dili smo istoriju, koje nema u ud\u017ebenicima. Odlazili smo na mesta se\u0107anja, koja nisu obele\u017eena. Razgovarali smo sa svojim porodicama, otvaraju\u0107i ba\u0161 one teme koje se nikada ne slu\u017ee, uz porodi\u010dni ru\u010dak, jer kvare apetit, a jo\u0161 vi\u0161e atmosferu. Propitivali smo univerzitetske profesore i nau\u010dne autoritete, da bismo od istih pitanja za\u0161titili svoje bake i dede.<\/p>\n\n\n\n<p>Sa istom pa\u017enjom, \u010ditali smo lepe knjige i ru\u017ene natpise na fasadama. Analizirali smo medije i tra\u017eili skrivene poruke u javno izgovorenim re\u010dima. Organizovali smo pozori\u0161ni festival, da bismo se upoznali i dru\u017eili sa vr\u0161njacima iz regiona. Uporedili smo svoje stavove i iskustva, pa se ispostavilo da su ona veoma sli\u010dna. Jer, ni mi \u2013 kao ni na\u0161i vr\u0161njaci i vr\u0161njakinje iz susednih dr\u017eava, nemamo li\u010dna i neposredna se\u0107anja, na ratove koji su obele\u017eili mladost na\u0161ih roditelja.<\/p>\n\n\n\n<p>MOJA ZEMLJA je pou\u010dna predstava \u2013 jer smo je pravili dok smo u\u010dili.<br>MOJA ZEMLJA je predstava o odrastanju \u2013 jer smo odrastali dok smo je pravili.<\/p>\n\n\n\n<p>MOJA ZEMLJA je predstava o nama, posve\u0107ena na\u0161oj generaciji.<br>MOJA ZEMLJA je predstava o miru i o pravdi. Jer, nema mira bez pravde. A bez mira, nema ni mladosti.<\/p>\n\n\n\n<hr class=\"wp-block-separator has-alpha-channel-opacity\"\/>\n\n\n\n<p>Izvori i dodatne obavijesti:<\/p>\n\n\n\n<figure class=\"wp-block-embed is-type-wp-embed is-provider-zkm wp-block-embed-zkm\"><div class=\"wp-block-embed__wrapper\">\n<blockquote class=\"wp-embedded-content\" data-secret=\"Gwh95U1Uyy\"><a href=\"https:\/\/www.zekaem.hr\/raspored\/\">Raspored<\/a><\/blockquote><iframe loading=\"lazy\" class=\"wp-embedded-content\" sandbox=\"allow-scripts\" security=\"restricted\" style=\"position: absolute; visibility: hidden;\" title=\"&#8220;Raspored&#8221; &#8212; ZKM\" src=\"https:\/\/www.zekaem.hr\/raspored\/embed\/#?secret=PqOHzMZuXk#?secret=Gwh95U1Uyy\" data-secret=\"Gwh95U1Uyy\" width=\"600\" height=\"338\" frameborder=\"0\" marginwidth=\"0\" marginheight=\"0\" scrolling=\"no\"><\/iframe>\n<\/div><\/figure>\n\n\n\n<figure class=\"wp-block-embed is-type-wp-embed is-provider-reflektor-teatar wp-block-embed-reflektor-teatar\"><div class=\"wp-block-embed__wrapper\">\n<blockquote class=\"wp-embedded-content\" data-secret=\"Sp0GIg4G9E\"><a href=\"https:\/\/reflektorteatar.rs\/moja-zemlja\/\">MOJA ZEMLJA<\/a><\/blockquote><iframe loading=\"lazy\" class=\"wp-embedded-content\" sandbox=\"allow-scripts\" security=\"restricted\" style=\"position: absolute; visibility: hidden;\" title=\"&#8220;MOJA ZEMLJA&#8221; &#8212; Reflektor Teatar\" src=\"https:\/\/reflektorteatar.rs\/moja-zemlja\/embed\/#?secret=TMpA55en3S#?secret=Sp0GIg4G9E\" data-secret=\"Sp0GIg4G9E\" width=\"600\" height=\"338\" frameborder=\"0\" marginwidth=\"0\" marginheight=\"0\" scrolling=\"no\"><\/iframe>\n<\/div><\/figure>\n\n\n\n<hr class=\"wp-block-separator has-alpha-channel-opacity\"\/>\n","protected":false},"excerpt":{"rendered":"","protected":false},"author":2,"featured_media":44498,"comment_status":"open","ping_status":"open","sticky":false,"template":"","format":"standard","meta":{"_acf_changed":false,"jetpack_post_was_ever_published":false,"_jetpack_newsletter_access":"","_jetpack_dont_email_post_to_subs":false,"_jetpack_newsletter_tier_id":0,"_jetpack_memberships_contains_paywalled_content":false,"_jetpack_memberships_contains_paid_content":false,"footnotes":"","jetpack_publicize_message":"","jetpack_publicize_feature_enabled":true,"jetpack_social_post_already_shared":true,"jetpack_social_options":{"image_generator_settings":{"template":"highway","default_image_id":0,"font":"","enabled":false},"version":2}},"categories":[22,3],"tags":[],"class_list":["post-44497","post","type-post","status-publish","format-standard","has-post-thumbnail","hentry","category-kazalisne-predstave","category-novosti"],"acf":{"facebook_opis":""},"jetpack_publicize_connections":[],"jetpack_featured_media_url":"https:\/\/i0.wp.com\/historiografija.hr\/wp-content\/uploads\/2025\/01\/Moja_zemlja.png?fit=1600%2C900&ssl=1","jetpack_sharing_enabled":true,"jetpack-related-posts":[],"_links":{"self":[{"href":"https:\/\/historiografija.hr\/index.php?rest_route=\/wp\/v2\/posts\/44497","targetHints":{"allow":["GET"]}}],"collection":[{"href":"https:\/\/historiografija.hr\/index.php?rest_route=\/wp\/v2\/posts"}],"about":[{"href":"https:\/\/historiografija.hr\/index.php?rest_route=\/wp\/v2\/types\/post"}],"author":[{"embeddable":true,"href":"https:\/\/historiografija.hr\/index.php?rest_route=\/wp\/v2\/users\/2"}],"replies":[{"embeddable":true,"href":"https:\/\/historiografija.hr\/index.php?rest_route=%2Fwp%2Fv2%2Fcomments&post=44497"}],"version-history":[{"count":1,"href":"https:\/\/historiografija.hr\/index.php?rest_route=\/wp\/v2\/posts\/44497\/revisions"}],"predecessor-version":[{"id":44499,"href":"https:\/\/historiografija.hr\/index.php?rest_route=\/wp\/v2\/posts\/44497\/revisions\/44499"}],"wp:featuredmedia":[{"embeddable":true,"href":"https:\/\/historiografija.hr\/index.php?rest_route=\/wp\/v2\/media\/44498"}],"wp:attachment":[{"href":"https:\/\/historiografija.hr\/index.php?rest_route=%2Fwp%2Fv2%2Fmedia&parent=44497"}],"wp:term":[{"taxonomy":"category","embeddable":true,"href":"https:\/\/historiografija.hr\/index.php?rest_route=%2Fwp%2Fv2%2Fcategories&post=44497"},{"taxonomy":"post_tag","embeddable":true,"href":"https:\/\/historiografija.hr\/index.php?rest_route=%2Fwp%2Fv2%2Ftags&post=44497"}],"curies":[{"name":"wp","href":"https:\/\/api.w.org\/{rel}","templated":true}]}}