{"id":44492,"date":"2025-01-22T19:31:19","date_gmt":"2025-01-22T19:31:19","guid":{"rendered":"https:\/\/historiografija.hr\/?p=44492"},"modified":"2025-01-22T19:31:51","modified_gmt":"2025-01-22T19:31:51","slug":"dokukino-eter-plenumovi","status":"publish","type":"post","link":"https:\/\/historiografija.hr\/?p=44492","title":{"rendered":"Dokukino Eter: Plenumovi"},"content":{"rendered":"\n<p>Dokukino KIC, Preradovi\u0107eva 5\/1. kat, Zagreb<\/p>\n\n\n\n<p>Datum: 24.1.2025.<\/p>\n\n\n\n<p>Vrijeme: 19:00 &#8211; 21:00<\/p>\n\n\n\n<hr class=\"wp-block-separator has-alpha-channel-opacity\"\/>\n\n\n\n<p>U prvom ovogodi\u0161njem izdanju programa <em><strong>Dokukino Eter<\/strong><\/em>, produkta suradnje Dokukina KIC, Radio Studenta i Kluba studenata Fakulteta politi\u010dkih znanosti, prikazat \u0107e se dokumentarni film <em><strong>Plenumovi <\/strong><\/em>(2015.) redateljica Marte Batini\u0107, Ane Jur\u010di\u0107 i Sanje Kapid\u017ei\u0107.<\/p>\n\n\n\n<p>Film isti\u010de problem komercijalizacije visoko\u0161kolskog obrazovanja s refleksijom na blokadu nastave Filozofskog fakulteta u Rijeci 2009. Isprepli\u0107u\u0107i arhivske snimke i razmi\u0161ljanja protagonista s odmakom od pet godina, film prati sudionike koji se prisje\u0107aju blokade i daju potpuniju sliku o tada\u0161njim zbivanjima, kreiraju\u0107i dijalog kroz vrijeme.<\/p>\n\n\n\n<p>Nastavno na situaciju u susjednoj Srbiji gdje su se studentice i studenti hrabro udru\u017eili i blokirali 60 od 81 fakulteta u dr\u017eavi odlu\u010dile smo se prisjetiti kako je izgledala blokada na Filozofskom fakultetu u Rijeci i Filozofskom fakultetu u Zagrebu te u razgovor uvesti i situaciju u Srbiji, ali i onu koja se kod nas zbiva danas.<\/p>\n\n\n\n<p>Nakon filma uslijedit \u0107e <strong>razgovor<\/strong> s redateljicom filma <strong>Anom Jur\u010di\u0107<\/strong>, <strong>Evom Marijom Jure\u0161i\u0107<\/strong> iz <strong>Studentica za Palestinu<\/strong> koja \u0107e nam pri\u010dati o prosvjednim akcijama na\u0161ih studentica i <strong>Irinom Masnikosa<\/strong> koja \u0107e govoriti o slavnoj studentskoj blokadi Filozofskog fakulteta u Zagrebu. Razgovor \u0107e moderirati <strong>Tereza Kelam<\/strong> s Radio Studenta i <strong>Sara Panjkota<\/strong> s Radio Studenta i iz Kluba studenata Fakulteta politi\u010dkih znanosti.<\/p>\n\n\n\n<p>Dokukino Eter je filmsko-diskurzivni program koji je Dokukino pokrenulo u suradnji s Klubom Studenata FPZG i Radio Studentom. Kroz zajedni\u010dki program Dokukino Eter \u017eelimo otvoriti prostor kina studentima i mladima, potaknuti ih na otvoreno kriti\u010dko promi\u0161ljanje i diskusiju, te promovirati dru\u0161tveno anga\u017eirane i umjetni\u010dki relevantne dokumentarce. U sklopu programa studenti samostalno biraju filmove, razgovaraju s gostima, te osmi\u0161ljaju i organiziraju doga\u0111anje, a u planu je i niz drugih aktivnosti poput radionice za stvaranje kratkih tematskih videa <em>Lokalne filmske pri\u010de<\/em>.<\/p>\n\n\n\n<p>Autorica vizuala za Dokukino Eter je Tereza Kelam.<\/p>\n\n\n\n<hr class=\"wp-block-separator has-alpha-channel-opacity\"\/>\n\n\n\n<p>Izvor:<\/p>\n\n\n\n<figure class=\"wp-block-embed is-type-wp-embed is-provider-dokukino-kic-kino-sa-stavom wp-block-embed-dokukino-kic-kino-sa-stavom\"><div class=\"wp-block-embed__wrapper\">\n<blockquote class=\"wp-embedded-content\" data-secret=\"C32wY6oq3z\"><a href=\"https:\/\/dokukino.net\/film\/dokukino-eter-plenumovi\/\">Dokukino Eter: Plenumovi<\/a><\/blockquote><iframe loading=\"lazy\" class=\"wp-embedded-content\" sandbox=\"allow-scripts\" security=\"restricted\" style=\"position: absolute; visibility: hidden;\" title=\"&#8220;Dokukino Eter: Plenumovi&#8221; &#8212; Dokukino KIC - Kino sa stavom\" src=\"https:\/\/dokukino.net\/film\/dokukino-eter-plenumovi\/embed\/#?secret=vp64qXfwup#?secret=C32wY6oq3z\" data-secret=\"C32wY6oq3z\" width=\"600\" height=\"338\" frameborder=\"0\" marginwidth=\"0\" marginheight=\"0\" scrolling=\"no\"><\/iframe>\n<\/div><\/figure>\n\n\n\n<hr class=\"wp-block-separator has-alpha-channel-opacity\"\/>\n","protected":false},"excerpt":{"rendered":"","protected":false},"author":2,"featured_media":44493,"comment_status":"open","ping_status":"open","sticky":false,"template":"","format":"standard","meta":{"_acf_changed":false,"jetpack_post_was_ever_published":false,"_jetpack_newsletter_access":"","_jetpack_dont_email_post_to_subs":false,"_jetpack_newsletter_tier_id":0,"_jetpack_memberships_contains_paywalled_content":false,"_jetpack_memberships_contains_paid_content":false,"footnotes":"","jetpack_publicize_message":"","jetpack_publicize_feature_enabled":true,"jetpack_social_post_already_shared":true,"jetpack_social_options":{"image_generator_settings":{"template":"highway","default_image_id":0,"font":"","enabled":false},"version":2}},"categories":[13,3],"tags":[],"class_list":["post-44492","post","type-post","status-publish","format-standard","has-post-thumbnail","hentry","category-filmovi-i-serije","category-novosti"],"acf":{"facebook_opis":""},"jetpack_publicize_connections":[],"jetpack_featured_media_url":"https:\/\/i0.wp.com\/historiografija.hr\/wp-content\/uploads\/2025\/01\/Plenumovi-4.jpg?fit=710%2C400&ssl=1","jetpack_sharing_enabled":true,"jetpack-related-posts":[],"_links":{"self":[{"href":"https:\/\/historiografija.hr\/index.php?rest_route=\/wp\/v2\/posts\/44492","targetHints":{"allow":["GET"]}}],"collection":[{"href":"https:\/\/historiografija.hr\/index.php?rest_route=\/wp\/v2\/posts"}],"about":[{"href":"https:\/\/historiografija.hr\/index.php?rest_route=\/wp\/v2\/types\/post"}],"author":[{"embeddable":true,"href":"https:\/\/historiografija.hr\/index.php?rest_route=\/wp\/v2\/users\/2"}],"replies":[{"embeddable":true,"href":"https:\/\/historiografija.hr\/index.php?rest_route=%2Fwp%2Fv2%2Fcomments&post=44492"}],"version-history":[{"count":2,"href":"https:\/\/historiografija.hr\/index.php?rest_route=\/wp\/v2\/posts\/44492\/revisions"}],"predecessor-version":[{"id":44495,"href":"https:\/\/historiografija.hr\/index.php?rest_route=\/wp\/v2\/posts\/44492\/revisions\/44495"}],"wp:featuredmedia":[{"embeddable":true,"href":"https:\/\/historiografija.hr\/index.php?rest_route=\/wp\/v2\/media\/44493"}],"wp:attachment":[{"href":"https:\/\/historiografija.hr\/index.php?rest_route=%2Fwp%2Fv2%2Fmedia&parent=44492"}],"wp:term":[{"taxonomy":"category","embeddable":true,"href":"https:\/\/historiografija.hr\/index.php?rest_route=%2Fwp%2Fv2%2Fcategories&post=44492"},{"taxonomy":"post_tag","embeddable":true,"href":"https:\/\/historiografija.hr\/index.php?rest_route=%2Fwp%2Fv2%2Ftags&post=44492"}],"curies":[{"name":"wp","href":"https:\/\/api.w.org\/{rel}","templated":true}]}}