{"id":44484,"date":"2025-01-22T18:14:30","date_gmt":"2025-01-22T18:14:30","guid":{"rendered":"https:\/\/historiografija.hr\/?p=44484"},"modified":"2025-01-22T18:14:30","modified_gmt":"2025-01-22T18:14:30","slug":"program-manifestacije-upoznajte-frankopane-u-institutu-liszt-madarskom-kulturnom-centru-u-zagrebu","status":"publish","type":"post","link":"https:\/\/historiografija.hr\/?p=44484","title":{"rendered":"Program manifestacije \u201cUpoznajte Frankopane\u201d u Institutu Liszt \u2013 Ma\u0111arskom kulturnom centru u Zagrebu"},"content":{"rendered":"\n<p>Manifestacija \u201cUpoznajte Frankopane\u201d otvara vrata bogatom kulturnom naslje\u0111u jedne od najva\u017enijih plemi\u0107kih obitelji u hrvatskoj povijesti. Rije\u010d je o seriji doga\u0111anja koja ujedinjuju kulturnu, gastronomsku i turisti\u010dku ponudu Primorsko-goranske \u017eupanije, vezanu uz povijesnu ostav\u0161tinu velika\u0161ke obitelji Frankopan.<br>Kroz ovu manifestaciju posjetitelji \u0107e imati priliku upoznati bogatu povijest i kulturno naslje\u0111e jedne od najutjecajnijih hrvatskih plemi\u0107kih obitelji \u2013 Frankopana. Bogati program uklju\u010duje izlo\u017ebu, predavanja, predstave, predstavljanja, radionice, kvizove i igre za djecu i odrasle.<br>Manifestacija donosi pri\u010de o \u0161est Interpretacijskih centara u sklopu Kulturno-turisti\u010dke rute \u201ePutovima Frankopana\u201c na podru\u010dju Primorsko-goranske \u017eupanije: Kraljevici, Bakru, Grobniku, Bribiru, Brodu na Kupi i \u010cabru. Svaki centar predstavlja specifi\u010dan segment frankopanske ba\u0161tine \u2013 od njihovih utvrda i dvoraca, preko kulturnih i gospodarskih postignu\u0107a i o\u017eivljava pri\u010de o plemi\u0107ima Frankopanima i njihovim vezama s ugarskim (ma\u0111arskim) velika\u0161ima kroz stolje\u0107a zajedni\u010dke povijesti.<br>Manifestacija \u201cUpoznajte Frankopane\u201d otkriva povezanost Hrvatske i Ma\u0111arske u vremenu kada su Frankopani i Zrinski oblikovali politi\u010dku, kulturnu i dru\u0161tvenu scenu obiju zemalja. Posjetitelji \u0107e za vrijeme trajanja manifestacije imati priliku upoznati ne samo povijesne doga\u0111aje ve\u0107 i svakodnevni \u017eivot, umjetnost, gastronomiju i obi\u010daje toga doba. Ovo je manifestacija Kulturno-turisti\u010dke rute Putovima Frankopana koja pribli\u017eava povijest, promi\u010de kulturnu suradnju i povezuje tradiciju s modernim na\u010dinima interpretacije ba\u0161tine.<br>Odr\u017eava se od 17. sije\u010dnja do 17. velja\u010de 2025., a zajedni\u010dki je predstavljaju Institut Liszt \u2013 Ma\u0111arski kulturni centar u Zagrebu, Primorsko-goranska \u017eupanija, Pomorski i povijesni muzej Hrvatskog primorja Rijeka.<\/p>\n\n\n\n<p>Ulaz je slobodan na sva doga\u0111anja.<\/p>\n\n\n\n<p><strong>Srijeda, 22.1.2025. \u2013 predstavljanje Interpretacijskog centra KRALJEVICA<\/strong><\/p>\n\n\n\n<p>17:30 sati \u201eSVOJEGLAVI \u0160TAPI\u0106\u201c \u2013 lutkarska predstava za djecu<br>udruga RECi\u0160OU<br>Predstava je namijenjena djeci starijoj od 3 godine.<\/p>\n\n\n\n<p>18:00 sati \u201eKraljevska luka \u2013 destinacija koju trebate otkriti\u201c \u2013 prezentacija<br>TZ grada Kraljevice, Jelena Mate\u0161evac Sko\u010dili\u0107, direktorica<\/p>\n\n\n\n<p>18:30 sati \u201eUrota zrinsko-frankopanska ili Wessel\u00e9nyijeva urota?\u201c \u2013 predavanje dr. sc. Hrvoje Petri\u0107, red. prof. \u2013 povjesni\u010dar<br>\u2003<\/p>\n\n\n\n<p><strong>\u010cetvrtak, 23.1.2025.<\/strong><\/p>\n\n\n\n<p>18:00 JELENA ZRINSKI\/ILONA ZRINYI \u2013 NAJHRABRIJA \u017dENA EUROPE,<\/p>\n\n\n\n<p>predavanje<br>mr. sc. Velid \u0110eki\u0107, profesor knji\u017eevnosti, publicist i novinar<\/p>\n\n\n\n<p>19:00 FRANKOPANSKI PUB KVIZ<br>s kviz-majstorom Kre\u0161imirom Su\u010devi\u0107em Me\u0111eralom<\/p>\n\n\n\n<p><strong>Petak, 24.1.2025. \u2013 predstavljanje Interpretacijskog centra BAKAR<\/strong><\/p>\n\n\n\n<p>17:00 sati \u201eKa\u0161teli Bakar i Hreljin\u201c \u2013 prezentacija<br>\u201eFrankopanska avantura\u201c \u2013 prezentacija igrifikacije<br>Turisti\u010dka zajednica Grada Bakra, Sonja Jelu\u0161i\u0107 Mari\u0107, direktorica<\/p>\n\n\n\n<p>17:30 sati \u201eKoji sam ja Frankopan?\u201c \u2013 zabavno-edukativni kviz osobnosti,<br>Iva Silla, autorica i kaziva\u010dica<\/p>\n\n\n\n<p>Bakarska vodica i bakarski ba\u0161kot \u2013 degustacija<br>uz sudjelovanje predstavnika Gradske stra\u017ee Bakar i Bakarske gospode i kapetana.<\/p>\n\n\n\n<p><strong>Srijeda, 29.1.2025. \u2013 predstavljanje Interpretacijskog centra GROBNIK<\/strong><\/p>\n\n\n\n<p>16:30 Pomorski i povijesni muzej Hrvatskog primorja Rijeka \u2013 interpretacijsko vodstvo putuju\u0107om izlo\u017ebom \u201eUpoznajte Frankopane\u201c \u2013 Sandra Poli\u0107 \u017divkovi\u0107 \u2013 vi\u0161a stru\u010dna suradnica za program Kulturno-turisti\u010dke rute \u201ePutovima Frankopana\u201c<\/p>\n\n\n\n<p>17:00 sati Ka\u0161tel Grobnik \u2013 prezentacija<br>Katedra \u010cakavskoga sabora Grobni\u0161\u0107ine, Marijan Zidari\u0107 \u2013 voditelj multimedijalnog centra<\/p>\n\n\n\n<p>17:30 sati Glagoljica popa Martinca \u2013 radionica<br>Katedra \u010cakavskoga sabora Grobni\u0161\u0107ine, Ivo Bogovi\u0107 \u2013 voditelj programskih djelatnosti<\/p>\n\n\n\n<p><strong>Petak, 31.1.2025.<\/strong><br>19:00 sati \u201eANA KATARINA\u201c \u2013 \u017dENA KOJA JE 1670 g. IZGUBILA SVE Udruga \u201eFun Da Mental\u201c; monodrama, nastupa Ana Vilenica<\/p>\n\n\n\n<p>binauralna izvedba \/ broj mjesta ograni\u010den brojem slu\u0161alica<\/p>\n\n\n\n<p><strong>Utorak, 4.2.2025. \u2013 predstavljanje Interpretacijskog centra \u010cABAR<\/strong><\/p>\n\n\n\n<p>17:30 sati Dvorac Zrinskih u \u010cabru \u2013 prezentacija<br>Antonio Dra\u017eovi\u0107, gradona\u010delnik Grada \u010cabra<\/p>\n\n\n\n<p>18:00 sati POTRAGA ZA FRANKOPANSKIM BLAGOM \u2013 predstava za djecu Kotar teatar i Zorin dom Karlovac<br>Predstava je namijenjena djeci starijoj od 3 godine.<\/p>\n\n\n\n<p><strong>Petak, 7.2.2025. \u2013 predstavljanje Interpretacijskog centra BRIBIR<\/strong><\/p>\n\n\n\n<p>18:00 sati \u201eVinodol frankopanskih posjeda i utjecaj pavlina na lokalno stanovni\u0161tvo\u201c \u2013 prezentacija<br>Turisti\u010dka zajednica Op\u0107ine Vinodolske op\u0107ine, Alenka Spoja, direktorica<\/p>\n\n\n\n<p>18:30 sati Bribirski prisnac \u2013 degustacija uz podr\u0161ku KUD-a Bribir<\/p>\n\n\n\n<p>18:45 sati \u201eMinijatura za odrasle\u201c \u2013 radionica<br>voditelj prof. BORISLAV BO\u017dI\u0106<\/p>\n\n\n\n<p><strong>\u010cetvrtak, 13.2.2025. \u2013 predstavljanje Interpretacijskog centra BROD NA KUPI<\/strong><\/p>\n\n\n\n<p>17:00 sati \u201eKa\u0161tel Zrinskih u Brodu na Kupi\u201c, \u2013 predstavljanje<br>Prirodoslovni muzej Rijeka, Klara Bukovac, vi\u0161a voditeljica marketinga<\/p>\n\n\n\n<p>17:30 sati \u201eDivljina s pogledom na more\u201c, stalni muzejski postav<br>Prirodoslovni muzej Rijeka, Klara Bukovac \u2013 vi\u0161a voditeljica marketinga<\/p>\n\n\n\n<p>18:00 sati Brojski buhtlj, lokalna pekarska slastica \u2013 degustacija<\/p>\n\n\n\n<p><strong>Subota, 15.2.2025. u 13:00 sati<\/strong><\/p>\n\n\n\n<p>\u201ePJESME IZ KRLETKE\u201c, Kako \u0107e\u0161 upoznati ne\u010diju du\u0161u, ako ne kroz poeziju? \u2013<br>radionica Margarete Per\u0161i\u0107<\/p>\n\n\n\n<p>14:30 Pomorski i povijesni muzej Hrvatskog primorja Rijeka \u2013 interpretacijsko vodstvo putuju\u0107om izlo\u017ebom \u201eUpoznajte Frankopane\u201c \u2013 Sandra Poli\u0107 \u017divkovi\u0107 \u2013 vi\u0161a stru\u010dna suradnica za program Kulturno-turisti\u010dke rute \u201ePutovima Frankopana\u201c<\/p>\n\n\n\n<hr class=\"wp-block-separator has-alpha-channel-opacity\"\/>\n\n\n\n<p>Izvori i dodatne obavijesti:<\/p>\n\n\n\n<p><a href=\"https:\/\/www.facebook.com\/events\/966469954886736\">https:\/\/www.facebook.com\/events\/966469954886736<\/a><\/p>\n\n\n\n<figure class=\"wp-block-embed is-type-wp-embed is-provider-putovima-frankopana wp-block-embed-putovima-frankopana\"><div class=\"wp-block-embed__wrapper\">\n<blockquote class=\"wp-embedded-content\" data-secret=\"yyasjMw99S\"><a href=\"https:\/\/frankopani.eu\/program-manifestacije-upoznajte-frankopane-institutu-liszt-madarskom-kulturnom-centru-zagrebu\/\">Program manifestacije &#8220;Upoznajte Frankopane&#8221; u Institutu Liszt &#8211; Ma\u0111arskom kulturnom centru u Zagrebu<\/a><\/blockquote><iframe loading=\"lazy\" class=\"wp-embedded-content\" sandbox=\"allow-scripts\" security=\"restricted\" style=\"position: absolute; visibility: hidden;\" title=\"&#8220;Program manifestacije &#8220;Upoznajte Frankopane&#8221; u Institutu Liszt &#8211; Ma\u0111arskom kulturnom centru u Zagrebu&#8221; &#8212; Putovima Frankopana\" src=\"https:\/\/frankopani.eu\/program-manifestacije-upoznajte-frankopane-institutu-liszt-madarskom-kulturnom-centru-zagrebu\/embed\/#?secret=yyasjMw99S\" data-secret=\"yyasjMw99S\" width=\"600\" height=\"338\" frameborder=\"0\" marginwidth=\"0\" marginheight=\"0\" scrolling=\"no\"><\/iframe>\n<\/div><\/figure>\n\n\n\n<hr class=\"wp-block-separator has-alpha-channel-opacity\"\/>\n","protected":false},"excerpt":{"rendered":"","protected":false},"author":2,"featured_media":44485,"comment_status":"open","ping_status":"open","sticky":false,"template":"","format":"standard","meta":{"_acf_changed":false,"jetpack_post_was_ever_published":false,"_jetpack_newsletter_access":"","_jetpack_dont_email_post_to_subs":false,"_jetpack_newsletter_tier_id":0,"_jetpack_memberships_contains_paywalled_content":false,"_jetpack_memberships_contains_paid_content":false,"footnotes":"","jetpack_publicize_message":"","jetpack_publicize_feature_enabled":true,"jetpack_social_post_already_shared":true,"jetpack_social_options":{"image_generator_settings":{"template":"highway","default_image_id":0,"font":"","enabled":false},"version":2}},"categories":[3],"tags":[],"class_list":["post-44484","post","type-post","status-publish","format-standard","has-post-thumbnail","hentry","category-novosti"],"acf":{"facebook_opis":""},"jetpack_publicize_connections":[],"jetpack_featured_media_url":"https:\/\/i0.wp.com\/historiografija.hr\/wp-content\/uploads\/2025\/01\/Zagreb-program-2025.png?fit=1200%2C800&ssl=1","jetpack_sharing_enabled":true,"jetpack-related-posts":[],"_links":{"self":[{"href":"https:\/\/historiografija.hr\/index.php?rest_route=\/wp\/v2\/posts\/44484","targetHints":{"allow":["GET"]}}],"collection":[{"href":"https:\/\/historiografija.hr\/index.php?rest_route=\/wp\/v2\/posts"}],"about":[{"href":"https:\/\/historiografija.hr\/index.php?rest_route=\/wp\/v2\/types\/post"}],"author":[{"embeddable":true,"href":"https:\/\/historiografija.hr\/index.php?rest_route=\/wp\/v2\/users\/2"}],"replies":[{"embeddable":true,"href":"https:\/\/historiografija.hr\/index.php?rest_route=%2Fwp%2Fv2%2Fcomments&post=44484"}],"version-history":[{"count":1,"href":"https:\/\/historiografija.hr\/index.php?rest_route=\/wp\/v2\/posts\/44484\/revisions"}],"predecessor-version":[{"id":44486,"href":"https:\/\/historiografija.hr\/index.php?rest_route=\/wp\/v2\/posts\/44484\/revisions\/44486"}],"wp:featuredmedia":[{"embeddable":true,"href":"https:\/\/historiografija.hr\/index.php?rest_route=\/wp\/v2\/media\/44485"}],"wp:attachment":[{"href":"https:\/\/historiografija.hr\/index.php?rest_route=%2Fwp%2Fv2%2Fmedia&parent=44484"}],"wp:term":[{"taxonomy":"category","embeddable":true,"href":"https:\/\/historiografija.hr\/index.php?rest_route=%2Fwp%2Fv2%2Fcategories&post=44484"},{"taxonomy":"post_tag","embeddable":true,"href":"https:\/\/historiografija.hr\/index.php?rest_route=%2Fwp%2Fv2%2Ftags&post=44484"}],"curies":[{"name":"wp","href":"https:\/\/api.w.org\/{rel}","templated":true}]}}