{"id":44454,"date":"2025-01-21T12:48:19","date_gmt":"2025-01-21T12:48:19","guid":{"rendered":"https:\/\/historiografija.hr\/?p=44454"},"modified":"2025-01-21T13:00:36","modified_gmt":"2025-01-21T13:00:36","slug":"poziv-za-predlaganje-kandidata-za-nagrade-na-podrucju-historiografije-za-2024-godinu","status":"publish","type":"post","link":"https:\/\/historiografija.hr\/?p=44454","title":{"rendered":"Poziv za predlaganje kandidata za nagrade na podru\u010dju historiografije za 2024. godinu"},"content":{"rendered":"\n<p>Hrvatski nacionalni odbor za povijesne znanosti i Dru\u0161tvo za hrvatsku povjesnicu, krovne udruge hrvatskih povjesni\u010dara i povjesni\u010darki, \u017eele\u0107i nagraditi rad istaknutih pojedinaca na podru\u010dju historiografije i povijesnih istra\u017eivanja dodjeljuju sljede\u0107e nagrade:<\/p>\n\n\n\n<p>1. <strong>Nagrada \u201eIvan Lu\u010di\u0107\u201c<\/strong> za \u017eivotno djelo<\/p>\n\n\n\n<ol class=\"wp-block-list\"><\/ol>\n\n\n\n<p>\u2013 dodjeljuje se za poseban doprinos pru\u017een razvoju povijesne znanosti tijekom dugogodi\u0161njeg znanstvenog i nastavnog rada<\/p>\n\n\n\n<p>2. <strong>Nagrada \u201eMirjana Gross\u201c<\/strong> za knjigu<\/p>\n\n\n\n<p>\u2013 dodjeljuje se za najbolju knjigu doma\u0107eg autora odnosno autorice objavljenu u prethodnoj godini<\/p>\n\n\n\n<p>3. <strong>Nagrada \u201eVjekoslav Klai\u0107\u201c<\/strong> za popularizaciju<\/p>\n\n\n\n<p>\u2013 dodjeljuje se za doprinos popularizaciji povijesne znanosti preko knjiga, u medijima, novinama, televiziji, radiju i\/ili internetskim portalima, za va\u017ene\u00a0prezentacije povijesnih tema u muzejima i dr.<\/p>\n\n\n\n<p>4. <strong>Nagrada \u201eFerdo \u0160i\u0161i\u0107\u201c<\/strong> za najbolji diplomski\/magistarski rad<\/p>\n\n\n\n<p>\u2013 dodjeljuje se diplomiranoj studentici\/studentu diplomskog studija povijesti za najbolji diplomski\/magistarski rad obranjen u prethodnoj godini<\/p>\n\n\n\n<p>5. <strong>Nagrada \u201eJaroslav \u0160idak\u201c<\/strong> inozemnom istra\u017eiva\u010du\/istra\u017eiva\u010dici<\/p>\n\n\n\n<p>\u2013 dodjeljuje se istra\u017eiva\u010dici\/istra\u017eiva\u010du iz inozemstva za autorsku knjigu ili zna\u010dajan doprinos istra\u017eivanjima i predavanjima o hrvatskoj povijesti u\u00a0inozemstvu<\/p>\n\n\n\n<p>6. <strong>Nagrada \u201eTadija Smi\u010diklas\u201c<\/strong> za objavljivanje arhivskog gradiva<\/p>\n\n\n\n<p>\u2013 dodjeljuje se za zna\u010dajan doprinos u objavljivanju arhivskog gradiva<\/p>\n\n\n\n<p>Prijave\/prijedloge za nagrade mogu poslati povijesni odsjeci\/odjeli, istra\u017eiva\u010dki centri HAZU, javni instituti i druge ustanove, udruge, nakladnici, kao i pojedinci.<\/p>\n\n\n\n<p><strong>Prijava\/prijedlog se podnosi u razdoblju od 21. sije\u010dnja do 28. velja\u010de 2025. te mora sadr\u017eavati:<\/strong><\/p>\n\n\n\n<ul class=\"wp-block-list\">\n<li>naziv nagrade za koju se nekoga predla\u017ee<\/li>\n\n\n\n<li>podatke o predlo\u017eeniku\/predlo\u017eenici (\u017eivotopis i podrobno obrazlo\u017eenje)<\/li>\n\n\n\n<li>jedan primjerak rada za koji se predla\u017ee dodjela nagrade (za nagrade pod br. 2, 4 i 6 obvezno, za ostale nagrade opcionalno; mo\u017ee se dostaviti i pdf rada odnosno link na web portal, film, emisiju i sl.)<\/li>\n\n\n\n<li>podatke o predlagatelju i potpis ovla\u0161tene osobe predlagatelja, odnosno potpis predlagatelja.<\/li>\n<\/ul>\n\n\n\n<p><strong>Prijava\/prijedlog se \u0161alje na adresu:<\/strong><\/p>\n\n\n\n<p>Odbor za dodjelu nagrada na podru\u010dju historiografije<\/p>\n\n\n\n<p>(prof. dr. \u017deljko Holjevac \/ izv. prof. dr. Tomislav Galovi\u0107)<\/p>\n\n\n\n<p>Institut dru\u0161tvenih znanosti Ivo Pilar, Trg Marka Maruli\u0107a 19, 10000 Zagreb<\/p>\n\n\n\n<p>i\/ili mailom: <a href=\"mailto:tgalovic@m.ffzg.hr\">tgalovic@m.ffzg.hr<\/a>; <a href=\"mailto:Zeljko.Holjevac@pilar.hr\">Zeljko.Holjevac@pilar.hr<\/a><\/p>\n\n\n\n<hr class=\"wp-block-separator has-alpha-channel-opacity\"\/>\n\n\n\n<p>izv. prof. dr. sc. Tomislav Galovi\u0107<\/p>\n\n\n\n<p>predsjednik Hrvatskog nacionalnog odbora za povijesne znanosti<\/p>\n\n\n\n<hr class=\"wp-block-separator has-alpha-channel-opacity\"\/>\n\n\n\n<p>prof. dr. sc. \u017deljko Holjevac<\/p>\n\n\n\n<p>predsjednik Dru\u0161tva za hrvatsku povjesnicu<\/p>\n\n\n\n<hr class=\"wp-block-separator has-alpha-channel-opacity\"\/>\n\n\n\n<div class=\"wp-block-file\"><a id=\"wp-block-file--media-8d95035c-c059-41eb-9563-368b20bdbc40\" href=\"https:\/\/historiografija.hr\/wp-content\/uploads\/2025\/01\/HNOPZ-i-DHP-nagrade-poziv-za-prijavu-2025-za-2024.-godinu.doc\">HNOPZ i DHP nagrade &#8211; poziv za prijavu 2025 &#8211; za 2024. godinu<\/a><a href=\"https:\/\/historiografija.hr\/wp-content\/uploads\/2025\/01\/HNOPZ-i-DHP-nagrade-poziv-za-prijavu-2025-za-2024.-godinu.doc\" class=\"wp-block-file__button wp-element-button\" download aria-describedby=\"wp-block-file--media-8d95035c-c059-41eb-9563-368b20bdbc40\">Preuzmi<\/a><\/div>\n\n\n\n<hr class=\"wp-block-separator has-alpha-channel-opacity\"\/>\n\n\n\n<div class=\"wp-block-file\"><a id=\"wp-block-file--media-5ec27ab8-557f-4298-badb-59980ade10d9\" href=\"https:\/\/historiografija.hr\/wp-content\/uploads\/2025\/01\/Pravilnik-o-nagradama-2025.doc\">Pravilnik o nagradama 2025<\/a><a href=\"https:\/\/historiografija.hr\/wp-content\/uploads\/2025\/01\/Pravilnik-o-nagradama-2025.doc\" class=\"wp-block-file__button wp-element-button\" download aria-describedby=\"wp-block-file--media-5ec27ab8-557f-4298-badb-59980ade10d9\">Preuzmi<\/a><\/div>\n\n\n\n<hr class=\"wp-block-separator has-alpha-channel-opacity\"\/>\n","protected":false},"excerpt":{"rendered":"","protected":false},"author":2,"featured_media":0,"comment_status":"open","ping_status":"open","sticky":false,"template":"","format":"standard","meta":{"_acf_changed":false,"jetpack_post_was_ever_published":false,"_jetpack_newsletter_access":"","_jetpack_dont_email_post_to_subs":false,"_jetpack_newsletter_tier_id":0,"_jetpack_memberships_contains_paywalled_content":false,"_jetpack_memberships_contains_paid_content":false,"footnotes":"","jetpack_publicize_message":"","jetpack_publicize_feature_enabled":true,"jetpack_social_post_already_shared":true,"jetpack_social_options":{"image_generator_settings":{"template":"highway","default_image_id":0,"font":"","enabled":false},"version":2}},"categories":[4],"tags":[],"class_list":["post-44454","post","type-post","status-publish","format-standard","hentry","category-osvrti"],"acf":{"facebook_opis":""},"jetpack_publicize_connections":[],"jetpack_featured_media_url":"","jetpack_sharing_enabled":true,"jetpack-related-posts":[],"_links":{"self":[{"href":"https:\/\/historiografija.hr\/index.php?rest_route=\/wp\/v2\/posts\/44454","targetHints":{"allow":["GET"]}}],"collection":[{"href":"https:\/\/historiografija.hr\/index.php?rest_route=\/wp\/v2\/posts"}],"about":[{"href":"https:\/\/historiografija.hr\/index.php?rest_route=\/wp\/v2\/types\/post"}],"author":[{"embeddable":true,"href":"https:\/\/historiografija.hr\/index.php?rest_route=\/wp\/v2\/users\/2"}],"replies":[{"embeddable":true,"href":"https:\/\/historiografija.hr\/index.php?rest_route=%2Fwp%2Fv2%2Fcomments&post=44454"}],"version-history":[{"count":9,"href":"https:\/\/historiografija.hr\/index.php?rest_route=\/wp\/v2\/posts\/44454\/revisions"}],"predecessor-version":[{"id":44466,"href":"https:\/\/historiografija.hr\/index.php?rest_route=\/wp\/v2\/posts\/44454\/revisions\/44466"}],"wp:attachment":[{"href":"https:\/\/historiografija.hr\/index.php?rest_route=%2Fwp%2Fv2%2Fmedia&parent=44454"}],"wp:term":[{"taxonomy":"category","embeddable":true,"href":"https:\/\/historiografija.hr\/index.php?rest_route=%2Fwp%2Fv2%2Fcategories&post=44454"},{"taxonomy":"post_tag","embeddable":true,"href":"https:\/\/historiografija.hr\/index.php?rest_route=%2Fwp%2Fv2%2Ftags&post=44454"}],"curies":[{"name":"wp","href":"https:\/\/api.w.org\/{rel}","templated":true}]}}