{"id":44445,"date":"2025-01-21T12:24:22","date_gmt":"2025-01-21T12:24:22","guid":{"rendered":"https:\/\/historiografija.hr\/?p=44445"},"modified":"2025-01-21T12:24:55","modified_gmt":"2025-01-21T12:24:55","slug":"filmski-cetvrtak-edo-murtic","status":"publish","type":"post","link":"https:\/\/historiografija.hr\/?p=44445","title":{"rendered":"Filmski \u010detvrtak: Edo Murti\u0107"},"content":{"rendered":"\n<p>Povodom 20. godi\u0161njice smrti <strong>Ede Murti\u0107a<\/strong> Filmski \u010detvrtak predstavlja vam program <strong>Edo Murti\u0107 \u2013 od figure do apstrakcije<\/strong>; <strong>23. sije\u010dnja u 18 h u Hrvatskom dr\u017eavnom arhivu (dvorana Katalozi, Maruli\u0107ev trg 21) <\/strong>prikazat \u0107e se niz filmskih zapisa o velikanu hrvatskog slikarstva.<\/p>\n\n\n\n<p><br>Na programu su:<\/p>\n\n\n\n<p><em><strong>Filmske novosti 49\/85<\/strong><\/em><strong>: <\/strong><em><strong>reporta\u017ea o Edi Murti\u0107u<\/strong><\/em> (1985, 2 min)<\/p>\n\n\n\n<p><em><strong>Edo Murti\u0107<\/strong><\/em><em><strong>\u2013 izlo\u017eba<\/strong><\/em> (dokumentarni, 11 min)<\/p>\n\n\n\n<p><em><strong>Stina<\/strong><\/em> (dokumentarni, Rajko Grli\u0107, 2002, 22 min)<\/p>\n\n\n\n<p>Kroz prizore Murti\u0107evih izlo\u017ebi, rada u ateljeu i njegovih umjetni\u010dkih djela svjedo\u010dit \u0107emo uzbudljivom suodnosu figurativnog i apstraktnog u Murti\u0107evom djelu. Od filmskih zapisa isti\u010de se dokumentarac Rajka Grli\u0107a, nastao tri godine prije slikareve smrti, a koji prati nastajanje Murti\u0107eve slike <em>Stina<\/em>.<\/p>\n\n\n\n<p>Nakon projekcije o Murti\u0107evom slikarstvu govorit \u0107e likovni kriti\u010dar i kustos <strong>Milan Be\u0161li\u0107<\/strong>. Filmove na programu priredio je vi\u0161i filmski arhivist <strong>Juraj Kuko\u010d<\/strong>. Ulaz je besplatan.<\/p>\n\n\n\n<hr class=\"wp-block-separator has-alpha-channel-opacity\"\/>\n\n\n\n<p>Izvor:<\/p>\n\n\n\n<p><a href=\"http:\/\/www.arhiv.hr\/hr-hr\/Kulturno-prosvjetne-aktivnosti\/ArticleId\/1858\/oamid\/1633\">http:\/\/www.arhiv.hr\/hr-hr\/Kulturno-prosvjetne-aktivnosti\/ArticleId\/1858\/oamid\/1633<\/a><\/p>\n\n\n\n<hr class=\"wp-block-separator has-alpha-channel-opacity\"\/>\n","protected":false},"excerpt":{"rendered":"","protected":false},"author":2,"featured_media":44446,"comment_status":"open","ping_status":"open","sticky":false,"template":"","format":"standard","meta":{"_acf_changed":false,"jetpack_post_was_ever_published":false,"_jetpack_newsletter_access":"","_jetpack_dont_email_post_to_subs":false,"_jetpack_newsletter_tier_id":0,"_jetpack_memberships_contains_paywalled_content":false,"_jetpack_memberships_contains_paid_content":false,"footnotes":"","jetpack_publicize_message":"","jetpack_publicize_feature_enabled":true,"jetpack_social_post_already_shared":true,"jetpack_social_options":{"image_generator_settings":{"template":"highway","default_image_id":0,"font":"","enabled":false},"version":2}},"categories":[13,3],"tags":[],"class_list":["post-44445","post","type-post","status-publish","format-standard","has-post-thumbnail","hentry","category-filmovi-i-serije","category-novosti"],"acf":{"facebook_opis":""},"jetpack_publicize_connections":[],"jetpack_featured_media_url":"https:\/\/i0.wp.com\/historiografija.hr\/wp-content\/uploads\/2025\/01\/murtic.png?fit=500%2C500&ssl=1","jetpack_sharing_enabled":true,"jetpack-related-posts":[],"_links":{"self":[{"href":"https:\/\/historiografija.hr\/index.php?rest_route=\/wp\/v2\/posts\/44445","targetHints":{"allow":["GET"]}}],"collection":[{"href":"https:\/\/historiografija.hr\/index.php?rest_route=\/wp\/v2\/posts"}],"about":[{"href":"https:\/\/historiografija.hr\/index.php?rest_route=\/wp\/v2\/types\/post"}],"author":[{"embeddable":true,"href":"https:\/\/historiografija.hr\/index.php?rest_route=\/wp\/v2\/users\/2"}],"replies":[{"embeddable":true,"href":"https:\/\/historiografija.hr\/index.php?rest_route=%2Fwp%2Fv2%2Fcomments&post=44445"}],"version-history":[{"count":2,"href":"https:\/\/historiografija.hr\/index.php?rest_route=\/wp\/v2\/posts\/44445\/revisions"}],"predecessor-version":[{"id":44448,"href":"https:\/\/historiografija.hr\/index.php?rest_route=\/wp\/v2\/posts\/44445\/revisions\/44448"}],"wp:featuredmedia":[{"embeddable":true,"href":"https:\/\/historiografija.hr\/index.php?rest_route=\/wp\/v2\/media\/44446"}],"wp:attachment":[{"href":"https:\/\/historiografija.hr\/index.php?rest_route=%2Fwp%2Fv2%2Fmedia&parent=44445"}],"wp:term":[{"taxonomy":"category","embeddable":true,"href":"https:\/\/historiografija.hr\/index.php?rest_route=%2Fwp%2Fv2%2Fcategories&post=44445"},{"taxonomy":"post_tag","embeddable":true,"href":"https:\/\/historiografija.hr\/index.php?rest_route=%2Fwp%2Fv2%2Ftags&post=44445"}],"curies":[{"name":"wp","href":"https:\/\/api.w.org\/{rel}","templated":true}]}}