{"id":44441,"date":"2025-01-21T12:06:31","date_gmt":"2025-01-21T12:06:31","guid":{"rendered":"https:\/\/historiografija.hr\/?p=44441"},"modified":"2025-01-29T14:43:43","modified_gmt":"2025-01-29T14:43:43","slug":"crofacta-je-li-hrvatski-sahirani-grb-s-pocetnim-bijelim-poljem-ustaski-simbol","status":"publish","type":"post","link":"https:\/\/historiografija.hr\/?p=44441","title":{"rendered":"CroFacta: \u201eJe li hrvatski \u0161ahirani grb s po\u010detnim bijelim poljem usta\u0161ki simbol?\u201c"},"content":{"rendered":"\n<p>Na digitalnoj platformi CroFacta objavljen je 20. 1. 2025. prilog Marija Jareba \u201eJe li hrvatski \u0161ahirani grb s po\u010detnim bijelim poljem usta\u0161ki simbol?\u201c.<\/p>\n\n\n\n<hr class=\"wp-block-separator has-alpha-channel-opacity\"\/>\n\n\n\n<p>Prilog je dostupan na sljede\u0107oj poveznici:<\/p>\n\n\n\n<p><a href=\"https:\/\/crofacta.hr\/objave\/je-li-hrvatski-sahirani-grb-s-pocetnim-bijelim-poljem-ustaski-simbol\">https:\/\/crofacta.hr\/objave\/je-li-hrvatski-sahirani-grb-s-pocetnim-bijelim-poljem-ustaski-simbol<\/a><\/p>\n\n\n\n<hr class=\"wp-block-separator has-alpha-channel-opacity\"\/>\n","protected":false},"excerpt":{"rendered":"","protected":false},"author":2,"featured_media":41033,"comment_status":"open","ping_status":"open","sticky":false,"template":"","format":"standard","meta":{"_acf_changed":false,"jetpack_post_was_ever_published":false,"_jetpack_newsletter_access":"","_jetpack_dont_email_post_to_subs":false,"_jetpack_newsletter_tier_id":0,"_jetpack_memberships_contains_paywalled_content":false,"_jetpack_memberships_contains_paid_content":false,"footnotes":"","jetpack_publicize_message":"","jetpack_publicize_feature_enabled":true,"jetpack_social_post_already_shared":true,"jetpack_social_options":{"image_generator_settings":{"template":"highway","default_image_id":0,"font":"","enabled":false},"version":2}},"categories":[3,17],"tags":[],"class_list":["post-44441","post","type-post","status-publish","format-standard","has-post-thumbnail","hentry","category-novosti","category-rasprave"],"acf":{"facebook_opis":""},"jetpack_publicize_connections":[],"jetpack_featured_media_url":"https:\/\/i0.wp.com\/historiografija.hr\/wp-content\/uploads\/2024\/05\/CroFacta-logo.jpg?fit=1024%2C512&ssl=1","jetpack_sharing_enabled":true,"jetpack-related-posts":[],"_links":{"self":[{"href":"https:\/\/historiografija.hr\/index.php?rest_route=\/wp\/v2\/posts\/44441","targetHints":{"allow":["GET"]}}],"collection":[{"href":"https:\/\/historiografija.hr\/index.php?rest_route=\/wp\/v2\/posts"}],"about":[{"href":"https:\/\/historiografija.hr\/index.php?rest_route=\/wp\/v2\/types\/post"}],"author":[{"embeddable":true,"href":"https:\/\/historiografija.hr\/index.php?rest_route=\/wp\/v2\/users\/2"}],"replies":[{"embeddable":true,"href":"https:\/\/historiografija.hr\/index.php?rest_route=%2Fwp%2Fv2%2Fcomments&post=44441"}],"version-history":[{"count":1,"href":"https:\/\/historiografija.hr\/index.php?rest_route=\/wp\/v2\/posts\/44441\/revisions"}],"predecessor-version":[{"id":44442,"href":"https:\/\/historiografija.hr\/index.php?rest_route=\/wp\/v2\/posts\/44441\/revisions\/44442"}],"wp:featuredmedia":[{"embeddable":true,"href":"https:\/\/historiografija.hr\/index.php?rest_route=\/wp\/v2\/media\/41033"}],"wp:attachment":[{"href":"https:\/\/historiografija.hr\/index.php?rest_route=%2Fwp%2Fv2%2Fmedia&parent=44441"}],"wp:term":[{"taxonomy":"category","embeddable":true,"href":"https:\/\/historiografija.hr\/index.php?rest_route=%2Fwp%2Fv2%2Fcategories&post=44441"},{"taxonomy":"post_tag","embeddable":true,"href":"https:\/\/historiografija.hr\/index.php?rest_route=%2Fwp%2Fv2%2Ftags&post=44441"}],"curies":[{"name":"wp","href":"https:\/\/api.w.org\/{rel}","templated":true}]}}