{"id":44436,"date":"2025-01-21T11:41:39","date_gmt":"2025-01-21T11:41:39","guid":{"rendered":"https:\/\/historiografija.hr\/?p=44436"},"modified":"2025-01-21T11:41:39","modified_gmt":"2025-01-21T11:41:39","slug":"obiljezavanje-75-godina-arhiva-jugoslavije-i-predstavljanje-novih-izdanja","status":"publish","type":"post","link":"https:\/\/historiografija.hr\/?p=44436","title":{"rendered":"Obilje\u017eavanje 75 godina Arhiva Jugoslavije i predstavljanje novih izdanja"},"content":{"rendered":"\n<p>Arhiv Jugoslavije u Beogradu povodom 75 godina rada organizira predstavljanje dva nova izdanja \u2013 zbornik radova dr \u017divka Avramovskog <em>Istorija Albanije i srpsko\/jugoslovenskih odnosa 1912-1944.<\/em> i zbornik dokumenata <em>Srpsko\/jugoslovensko-egipatski odnosi 1908-1990<\/em>.<\/p>\n\n\n\n<p>Predstavljanje \u0107e biti u utorak 21. januara 2025. u 13.00 sati u amfiteatru Arhiva Jugoslavije u Beogradu (Ul. Vase Pelagi\u0107a 33, ulaz sa Top\u010diderske zvijezde), dok \u0107e u izlo\u017ebenoj sali Arhiva gosti imati priliku pogledati izlo\u017ebu Memorijala Prvog svjetskog vrata u fondovima i zbirkama Arhive Jugoslavije.<\/p>\n\n\n\n<hr class=\"wp-block-separator has-alpha-channel-opacity\"\/>\n\n\n\n<p>Preneseno s portala <strong>Historiografija.ba<\/strong>:<\/p>\n\n\n\n<p><a href=\"https:\/\/historiografija.ba\/historija-u-javnosti\/dogadjaji\/obiljezavanje-75-godina-arhiva-jugoslavije\">https:\/\/historiografija.ba\/historija-u-javnosti\/dogadjaji\/obiljezavanje-75-godina-arhiva-jugoslavije<\/a><\/p>\n\n\n\n<hr class=\"wp-block-separator has-alpha-channel-opacity\"\/>\n","protected":false},"excerpt":{"rendered":"","protected":false},"author":2,"featured_media":44437,"comment_status":"open","ping_status":"open","sticky":false,"template":"","format":"standard","meta":{"_acf_changed":false,"jetpack_post_was_ever_published":false,"_jetpack_newsletter_access":"","_jetpack_dont_email_post_to_subs":false,"_jetpack_newsletter_tier_id":0,"_jetpack_memberships_contains_paywalled_content":false,"_jetpack_memberships_contains_paid_content":false,"footnotes":"","jetpack_publicize_message":"","jetpack_publicize_feature_enabled":true,"jetpack_social_post_already_shared":true,"jetpack_social_options":{"image_generator_settings":{"template":"highway","default_image_id":0,"font":"","enabled":false},"version":2}},"categories":[3],"tags":[],"class_list":["post-44436","post","type-post","status-publish","format-standard","has-post-thumbnail","hentry","category-novosti"],"acf":{"facebook_opis":""},"jetpack_publicize_connections":[],"jetpack_featured_media_url":"https:\/\/i0.wp.com\/historiografija.hr\/wp-content\/uploads\/2025\/01\/arhiv-jugoslavije-75-godina.jpg?fit=450%2C636&ssl=1","jetpack_sharing_enabled":true,"jetpack-related-posts":[],"_links":{"self":[{"href":"https:\/\/historiografija.hr\/index.php?rest_route=\/wp\/v2\/posts\/44436","targetHints":{"allow":["GET"]}}],"collection":[{"href":"https:\/\/historiografija.hr\/index.php?rest_route=\/wp\/v2\/posts"}],"about":[{"href":"https:\/\/historiografija.hr\/index.php?rest_route=\/wp\/v2\/types\/post"}],"author":[{"embeddable":true,"href":"https:\/\/historiografija.hr\/index.php?rest_route=\/wp\/v2\/users\/2"}],"replies":[{"embeddable":true,"href":"https:\/\/historiografija.hr\/index.php?rest_route=%2Fwp%2Fv2%2Fcomments&post=44436"}],"version-history":[{"count":1,"href":"https:\/\/historiografija.hr\/index.php?rest_route=\/wp\/v2\/posts\/44436\/revisions"}],"predecessor-version":[{"id":44438,"href":"https:\/\/historiografija.hr\/index.php?rest_route=\/wp\/v2\/posts\/44436\/revisions\/44438"}],"wp:featuredmedia":[{"embeddable":true,"href":"https:\/\/historiografija.hr\/index.php?rest_route=\/wp\/v2\/media\/44437"}],"wp:attachment":[{"href":"https:\/\/historiografija.hr\/index.php?rest_route=%2Fwp%2Fv2%2Fmedia&parent=44436"}],"wp:term":[{"taxonomy":"category","embeddable":true,"href":"https:\/\/historiografija.hr\/index.php?rest_route=%2Fwp%2Fv2%2Fcategories&post=44436"},{"taxonomy":"post_tag","embeddable":true,"href":"https:\/\/historiografija.hr\/index.php?rest_route=%2Fwp%2Fv2%2Ftags&post=44436"}],"curies":[{"name":"wp","href":"https:\/\/api.w.org\/{rel}","templated":true}]}}