{"id":44432,"date":"2025-01-21T11:34:28","date_gmt":"2025-01-21T11:34:28","guid":{"rendered":"https:\/\/historiografija.hr\/?p=44432"},"modified":"2025-01-21T11:34:56","modified_gmt":"2025-01-21T11:34:56","slug":"natasa-stefanec-military-border-of-slavonia-and-petrinja-1577-1678-slavonska-i-petrinjska-krajina-1577-1678-registri-vojske-kao-izvor-za-vojnu-i-demografsku-povijest-sred","status":"publish","type":"post","link":"https:\/\/historiografija.hr\/?p=44432","title":{"rendered":"Nata\u0161a \u0160tefanec, &#8220;Military Border of Slavonia and Petrinja (1577\u20131678) \/ Slavonska i petrinjska krajina (1577. \u2013 1678.). Registri vojske kao izvor za vojnu i demografsku povijest sredi\u0161nje Hrvatske&#8221;"},"content":{"rendered":"\n<p>Izdanje donosi pet cjelovito sa\u010duvanih registara vojske Slavonske (i petrinjske) krajine, nastalih 1577., 1630., 1644., 1651. i 1678. godine, koji se \u010duvaju u \u0160tajerskome zemaljskom arhivu u Grazu. Registri osiguravaju sistemati\u010dan i cjelovit uvid u strukturu i vojni ustroj pojedinoga kraji\u0161kog odsjeka; broj, funkciju, pla\u0107e i status svih pla\u0107enih vojnika i \u010dasnika te mjesto njihova slu\u017eenja. Uz to, registri donose ime i prezime svakoga pojedinog pla\u0107enog vojnika \u0161to omogu\u0107uje uvid u etni\u010dku strukturu vojske te u proces asimilacije doseljenika me\u0111u autohtono, kajkavsko stanovni\u0161tvo Slavonske i petrinjske krajine. Izdanje donosi i metodolo\u0161ke postupke za kori\u0161tenje gra\u0111e, primarnu analizu vojnih podataka te brojna terminolo\u0161ka rje\u0161enja, \u0161to mo\u017ee poslu\u017eiti kao dobro polazi\u0161te budu\u0107im istra\u017eiva\u010dima.<\/p>\n\n\n\n<hr class=\"wp-block-separator has-alpha-channel-opacity\"\/>\n\n\n\n<p>This volume brings forth five completely preserved muster rolls of the Military Border of Slavonia (and Petrinja) made in 1577, 1630, 1644, 1651 and 1678, and kept in the Steierm\u00e4rkisches Landesarchiv in Graz. Muster rolls ensure a systematic and complete insight into the structure and military organization of each border section; number, function, salaries, place of service, and status of all paid soldiers and officers. Names and surnames of each individual solider provide an insight into the ethnic structure of the military and into the assimilation of soldiers into the native, Kajkavian population of the region. The volume also provides basic methodology for the use of registers, primary analysis of data, and notes on terminology, which can serve as a good starting point for future researchers.<\/p>\n\n\n\n<hr class=\"wp-block-separator has-alpha-channel-opacity\"\/>\n\n\n\n<p>Izvori:<\/p>\n\n\n\n<figure class=\"wp-block-embed is-type-wp-embed is-provider-srednja-europa wp-block-embed-srednja-europa\"><div class=\"wp-block-embed__wrapper\">\n<blockquote class=\"wp-embedded-content\" data-secret=\"A0YUAM4b9B\"><a href=\"https:\/\/srednja-europa.hr\/proizvod\/slavonska-i-petrinjska-krajina-1577-1678\/\">Slavonska i petrinjska krajina (1577. \u2013 1678.)<\/a><\/blockquote><iframe loading=\"lazy\" class=\"wp-embedded-content\" sandbox=\"allow-scripts\" security=\"restricted\" style=\"position: absolute; visibility: hidden;\" title=\"&#8220;Slavonska i petrinjska krajina (1577. \u2013 1678.)&#8221; &#8212; Srednja Europa\" src=\"https:\/\/srednja-europa.hr\/proizvod\/slavonska-i-petrinjska-krajina-1577-1678\/embed\/#?secret=A0YUAM4b9B\" data-secret=\"A0YUAM4b9B\" width=\"600\" height=\"338\" frameborder=\"0\" marginwidth=\"0\" marginheight=\"0\" scrolling=\"no\"><\/iframe>\n<\/div><\/figure>\n\n\n\n<p><a href=\"https:\/\/historiografija.ba\/knjige\/jugoistocna-evropa\/slavonska-i-petrinjska-krajina\">https:\/\/historiografija.ba\/knjige\/jugoistocna-evropa\/slavonska-i-petrinjska-krajina<\/a><\/p>\n\n\n\n<hr class=\"wp-block-separator has-alpha-channel-opacity\"\/>\n","protected":false},"excerpt":{"rendered":"","protected":false},"author":2,"featured_media":44433,"comment_status":"open","ping_status":"open","sticky":false,"template":"","format":"standard","meta":{"_acf_changed":false,"jetpack_post_was_ever_published":false,"_jetpack_newsletter_access":"","_jetpack_dont_email_post_to_subs":false,"_jetpack_newsletter_tier_id":0,"_jetpack_memberships_contains_paywalled_content":false,"_jetpack_memberships_contains_paid_content":false,"footnotes":"","jetpack_publicize_message":"","jetpack_publicize_feature_enabled":true,"jetpack_social_post_already_shared":true,"jetpack_social_options":{"image_generator_settings":{"template":"highway","default_image_id":0,"font":"","enabled":false},"version":2}},"categories":[8,3],"tags":[],"class_list":["post-44432","post","type-post","status-publish","format-standard","has-post-thumbnail","hentry","category-knjige","category-novosti"],"acf":{"facebook_opis":""},"jetpack_publicize_connections":[],"jetpack_featured_media_url":"https:\/\/i0.wp.com\/historiografija.hr\/wp-content\/uploads\/2025\/01\/Stefanec.jpg?fit=526%2C526&ssl=1","jetpack_sharing_enabled":true,"jetpack-related-posts":[],"_links":{"self":[{"href":"https:\/\/historiografija.hr\/index.php?rest_route=\/wp\/v2\/posts\/44432","targetHints":{"allow":["GET"]}}],"collection":[{"href":"https:\/\/historiografija.hr\/index.php?rest_route=\/wp\/v2\/posts"}],"about":[{"href":"https:\/\/historiografija.hr\/index.php?rest_route=\/wp\/v2\/types\/post"}],"author":[{"embeddable":true,"href":"https:\/\/historiografija.hr\/index.php?rest_route=\/wp\/v2\/users\/2"}],"replies":[{"embeddable":true,"href":"https:\/\/historiografija.hr\/index.php?rest_route=%2Fwp%2Fv2%2Fcomments&post=44432"}],"version-history":[{"count":2,"href":"https:\/\/historiografija.hr\/index.php?rest_route=\/wp\/v2\/posts\/44432\/revisions"}],"predecessor-version":[{"id":44435,"href":"https:\/\/historiografija.hr\/index.php?rest_route=\/wp\/v2\/posts\/44432\/revisions\/44435"}],"wp:featuredmedia":[{"embeddable":true,"href":"https:\/\/historiografija.hr\/index.php?rest_route=\/wp\/v2\/media\/44433"}],"wp:attachment":[{"href":"https:\/\/historiografija.hr\/index.php?rest_route=%2Fwp%2Fv2%2Fmedia&parent=44432"}],"wp:term":[{"taxonomy":"category","embeddable":true,"href":"https:\/\/historiografija.hr\/index.php?rest_route=%2Fwp%2Fv2%2Fcategories&post=44432"},{"taxonomy":"post_tag","embeddable":true,"href":"https:\/\/historiografija.hr\/index.php?rest_route=%2Fwp%2Fv2%2Ftags&post=44432"}],"curies":[{"name":"wp","href":"https:\/\/api.w.org\/{rel}","templated":true}]}}