{"id":44425,"date":"2025-01-20T11:23:59","date_gmt":"2025-01-20T11:23:59","guid":{"rendered":"https:\/\/historiografija.hr\/?p=44425"},"modified":"2025-01-20T11:23:59","modified_gmt":"2025-01-20T11:23:59","slug":"otvoren-drugi-i-treci-ciklus-izlozbe-kultura-pamcenja-i-mjesta-sjecanja","status":"publish","type":"post","link":"https:\/\/historiografija.hr\/?p=44425","title":{"rendered":"Otvoren drugi i tre\u0107i ciklus izlo\u017ebe Kultura pam\u0107enja i mjesta sje\u0107anja"},"content":{"rendered":"\n<p>U Knji\u017enici Fakulteta hrvatskih studija otvoren je 18. prosinca 2024. drugi i tre\u0107i ciklus izlo\u017ebe <em>Kultura pam\u0107enja i mjesta sje\u0107anja<\/em>. Autorice i autori izlo\u017ebe su studentice i studenti koji su poha\u0111ali istoimeni izborni kolegij na Odsjeku za povijest u akademskim godinama 2022.\/2023. i 2023.\/2024. (prijediplomski studij). Izlo\u017eba je rezultat projektne nastave u kojoj studenti i studentice u grupnom radu predla\u017eu temu koji bi istra\u017eili, obradili i zatim na plakatu prezentirali kroz koncepte kulture pam\u0107enja i(ili) mjesta sje\u0107anja. Na taj na\u010din ispituju navedene pristupe te konceptualnim razmi\u0161ljanjem prezentiraju odabrane teme iz hrvatske povijesti u obliku plakata koji \u010dine zajedni\u010dku izlo\u017ebu.<\/p>\n\n\n\n<p>Samu izlo\u017ebu i na\u010din rada na ovom izbornom kolegiju predstavila je jedna od mentorica, dr. sc. Nikolina \u0160imetin \u0160egvi\u0107. Izlo\u017ebu su otvorili izv. prof. dr. sc. Vlatka Vukeli\u0107 kao mentorica i nositeljica kolegija te u ime pro\u010delnika Odsjeka za povijest i, na kraju, doc. dr. sc. Vlatko Smiljani\u0107, o. d. prodekana za poslovanje, u ime uprave Fakulteta hrvatskih studija.<\/p>\n\n\n\n<p>Organizatori izlo\u017ebe zahvalili su prof. Ru\u017eici Be\u0161li\u0107 Grbe\u0161i\u0107, voditeljici Knji\u017enice Fakulteta hrvatskih studija, na prihva\u0107aju ove izlo\u017ebe i stalnoj potpori u svakom ciklusu njezinog prikazivanja, kao i upravi Fakulteta hrvatskih studija na znanstvenoj, stru\u010dnoj i financijskoj podr\u0161ci u njezinoj realizaciji.&nbsp;&nbsp;&nbsp;<\/p>\n\n\n\n<p><strong>Izlo\u017eba je bila postavljena u Knji\u017enici FHS-a do 15. sije\u010dnja 2025.<\/strong><\/p>\n\n\n\n<hr class=\"wp-block-separator has-alpha-channel-opacity\"\/>\n\n\n\n<p>Izvor i fotografije:<\/p>\n\n\n\n<p><a href=\"https:\/\/www.fhs.unizg.hr\/obavijesti?@=21s5x#news_125014\">https:\/\/www.fhs.unizg.hr\/obavijesti?@=21s5x#news_125014<\/a><\/p>\n\n\n\n<hr class=\"wp-block-separator has-alpha-channel-opacity\"\/>\n","protected":false},"excerpt":{"rendered":"","protected":false},"author":2,"featured_media":44426,"comment_status":"open","ping_status":"open","sticky":false,"template":"","format":"standard","meta":{"_acf_changed":false,"jetpack_post_was_ever_published":false,"_jetpack_newsletter_access":"","_jetpack_dont_email_post_to_subs":false,"_jetpack_newsletter_tier_id":0,"_jetpack_memberships_contains_paywalled_content":false,"_jetpack_memberships_contains_paid_content":false,"footnotes":"","jetpack_publicize_message":"","jetpack_publicize_feature_enabled":true,"jetpack_social_post_already_shared":true,"jetpack_social_options":{"image_generator_settings":{"template":"highway","default_image_id":0,"font":"","enabled":false},"version":2}},"categories":[10,3],"tags":[],"class_list":["post-44425","post","type-post","status-publish","format-standard","has-post-thumbnail","hentry","category-izlozbe","category-novosti"],"acf":{"facebook_opis":""},"jetpack_publicize_connections":[],"jetpack_featured_media_url":"https:\/\/i0.wp.com\/historiografija.hr\/wp-content\/uploads\/2025\/01\/Kultura-sjecanja.jpg?fit=1000%2C667&ssl=1","jetpack_sharing_enabled":true,"jetpack-related-posts":[],"_links":{"self":[{"href":"https:\/\/historiografija.hr\/index.php?rest_route=\/wp\/v2\/posts\/44425","targetHints":{"allow":["GET"]}}],"collection":[{"href":"https:\/\/historiografija.hr\/index.php?rest_route=\/wp\/v2\/posts"}],"about":[{"href":"https:\/\/historiografija.hr\/index.php?rest_route=\/wp\/v2\/types\/post"}],"author":[{"embeddable":true,"href":"https:\/\/historiografija.hr\/index.php?rest_route=\/wp\/v2\/users\/2"}],"replies":[{"embeddable":true,"href":"https:\/\/historiografija.hr\/index.php?rest_route=%2Fwp%2Fv2%2Fcomments&post=44425"}],"version-history":[{"count":1,"href":"https:\/\/historiografija.hr\/index.php?rest_route=\/wp\/v2\/posts\/44425\/revisions"}],"predecessor-version":[{"id":44427,"href":"https:\/\/historiografija.hr\/index.php?rest_route=\/wp\/v2\/posts\/44425\/revisions\/44427"}],"wp:featuredmedia":[{"embeddable":true,"href":"https:\/\/historiografija.hr\/index.php?rest_route=\/wp\/v2\/media\/44426"}],"wp:attachment":[{"href":"https:\/\/historiografija.hr\/index.php?rest_route=%2Fwp%2Fv2%2Fmedia&parent=44425"}],"wp:term":[{"taxonomy":"category","embeddable":true,"href":"https:\/\/historiografija.hr\/index.php?rest_route=%2Fwp%2Fv2%2Fcategories&post=44425"},{"taxonomy":"post_tag","embeddable":true,"href":"https:\/\/historiografija.hr\/index.php?rest_route=%2Fwp%2Fv2%2Ftags&post=44425"}],"curies":[{"name":"wp","href":"https:\/\/api.w.org\/{rel}","templated":true}]}}