{"id":44409,"date":"2025-01-20T10:28:47","date_gmt":"2025-01-20T10:28:47","guid":{"rendered":"https:\/\/historiografija.hr\/?p=44409"},"modified":"2025-01-20T10:30:03","modified_gmt":"2025-01-20T10:30:03","slug":"predstavl%d1%98anje-knjige-aleksandra-r-miletica-stambeni-pakao-sistem-kontrolisane-stanarine-u-jugoistocnoj-i-istocnoj-srednjoj-evropi-1914-1930-u-beogradu","status":"publish","type":"post","link":"https:\/\/historiografija.hr\/?p=44409","title":{"rendered":"Predstavl\u0458anje knjige Aleksandra R. Mileti\u0107a &#8220;Stambeni pakao: sistem kontrolisane stanarine u Jugoisto\u010dnoj i Isto\u010dnoj Srednjoj Evropi, 1914\u20131930.&#8221; u Beogradu"},"content":{"rendered":"\n<p>Institut za noviju istoriju Srbije iz Beograda organizira u utorak, 21. 01. 2025. u 12 sati predstavl\u0458anje knjige Aleksandra R. Mileti\u0107a &#8220;Stambeni pakao: sistem kontrolisane stanarine u Jugoisto\u010dnoj i Isto\u010dnoj Srednjoj Evropi, 1914\u20131930.&#8221; (Beograd: INIS, 2024).<\/p>\n\n\n\n<p>Pored autora, govori\u0107e:<\/p>\n\n\n\n<p>Dr Zlata Vuksanovi\u0107-Macura, arhitekta urbanista, vi\u0161a nau\u010dna saradnica Geografskog instituta \u201dJovan Cviji\u0107\u201d SANU,<\/p>\n\n\n\n<p>MA Vuka\u0161in Zori\u0107, asistent na Filozofskom fakultetu Univerziteta u Beogradu i<\/p>\n\n\n\n<p>Dr Vesna Aleksi\u0107, nau\u010dna savjetnica Instituta za noviju istoriju Srbije.<\/p>\n\n\n\n<hr class=\"wp-block-separator has-alpha-channel-opacity\"\/>\n\n\n\n<p>Izvori:<\/p>\n\n\n\n<p><a href=\"https:\/\/www.facebook.com\/INISBGD\">https:\/\/www.facebook.com\/INISBGD<\/a><\/p>\n\n\n\n<p><a href=\"https:\/\/historiografija.ba\/historija-u-javnosti\/dogadjaji\/stambeni-pakao\">https:\/\/historiografija.ba\/historija-u-javnosti\/dogadjaji\/stambeni-pakao<\/a><\/p>\n\n\n\n<hr class=\"wp-block-separator has-alpha-channel-opacity\"\/>\n","protected":false},"excerpt":{"rendered":"","protected":false},"author":2,"featured_media":42512,"comment_status":"open","ping_status":"open","sticky":false,"template":"","format":"standard","meta":{"_acf_changed":false,"jetpack_post_was_ever_published":false,"_jetpack_newsletter_access":"","_jetpack_dont_email_post_to_subs":false,"_jetpack_newsletter_tier_id":0,"_jetpack_memberships_contains_paywalled_content":false,"_jetpack_memberships_contains_paid_content":false,"footnotes":"","jetpack_publicize_message":"","jetpack_publicize_feature_enabled":true,"jetpack_social_post_already_shared":true,"jetpack_social_options":{"image_generator_settings":{"template":"highway","default_image_id":0,"font":"","enabled":false},"version":2}},"categories":[3],"tags":[],"class_list":["post-44409","post","type-post","status-publish","format-standard","has-post-thumbnail","hentry","category-novosti"],"acf":{"facebook_opis":""},"jetpack_publicize_connections":[],"jetpack_featured_media_url":"https:\/\/i0.wp.com\/historiografija.hr\/wp-content\/uploads\/2024\/10\/Miletic.jpg?fit=261%2C389&ssl=1","jetpack_sharing_enabled":true,"jetpack-related-posts":[],"_links":{"self":[{"href":"https:\/\/historiografija.hr\/index.php?rest_route=\/wp\/v2\/posts\/44409","targetHints":{"allow":["GET"]}}],"collection":[{"href":"https:\/\/historiografija.hr\/index.php?rest_route=\/wp\/v2\/posts"}],"about":[{"href":"https:\/\/historiografija.hr\/index.php?rest_route=\/wp\/v2\/types\/post"}],"author":[{"embeddable":true,"href":"https:\/\/historiografija.hr\/index.php?rest_route=\/wp\/v2\/users\/2"}],"replies":[{"embeddable":true,"href":"https:\/\/historiografija.hr\/index.php?rest_route=%2Fwp%2Fv2%2Fcomments&post=44409"}],"version-history":[{"count":2,"href":"https:\/\/historiografija.hr\/index.php?rest_route=\/wp\/v2\/posts\/44409\/revisions"}],"predecessor-version":[{"id":44411,"href":"https:\/\/historiografija.hr\/index.php?rest_route=\/wp\/v2\/posts\/44409\/revisions\/44411"}],"wp:featuredmedia":[{"embeddable":true,"href":"https:\/\/historiografija.hr\/index.php?rest_route=\/wp\/v2\/media\/42512"}],"wp:attachment":[{"href":"https:\/\/historiografija.hr\/index.php?rest_route=%2Fwp%2Fv2%2Fmedia&parent=44409"}],"wp:term":[{"taxonomy":"category","embeddable":true,"href":"https:\/\/historiografija.hr\/index.php?rest_route=%2Fwp%2Fv2%2Fcategories&post=44409"},{"taxonomy":"post_tag","embeddable":true,"href":"https:\/\/historiografija.hr\/index.php?rest_route=%2Fwp%2Fv2%2Ftags&post=44409"}],"curies":[{"name":"wp","href":"https:\/\/api.w.org\/{rel}","templated":true}]}}