{"id":44406,"date":"2025-01-20T10:16:38","date_gmt":"2025-01-20T10:16:38","guid":{"rendered":"https:\/\/historiografija.hr\/?p=44406"},"modified":"2025-01-20T10:16:38","modified_gmt":"2025-01-20T10:16:38","slug":"poziv-za-prijavu-na-znanstveno-strucni-skup-siveric-nekad-i-danas-u-povodu-150-obljetnice-posjeta-cara-franje-josipa-i-rudniku-ugljena-siveric","status":"publish","type":"post","link":"https:\/\/historiografija.hr\/?p=44406","title":{"rendered":"Poziv za prijavu na znanstveno-stru\u010dni skup &#8220;Siveri\u0107 nekad i danas \u2013 u povodu 150. obljetnice posjeta cara Franje Josipa I. rudniku ugljena Siveri\u0107&#8221;"},"content":{"rendered":"\n<p>Sveu\u010dili\u0161te u Zadru, Institut Ru\u0111er Bo\u0161kovi\u0107, Fakultet agrobiotehni\u010dkih znanosti Osijek, Veleu\u010dili\u0161te u \u0160ibeniku, Pu\u010dko otvoreno u\u010dili\u0161te Drni\u0161, Turisti\u010dka zajednica grada Drni\u0161a, Mjesni odbor Siveri\u0107, Kulturna organizacija NIIT i Kulturno-dru\u0161tvena udruga RIBASO prire\u0111uju znanstveno-stru\u010dni skup &#8220;Siveri\u0107 nekad i danas &#8211; u povodu 150. obljetnice posjeta cara Franje Josipa I. rudniku ugljena Siveri\u0107&#8221; od 5. do 7. lipnja 2025. u Drni\u0161u.<\/p>\n\n\n\n<p>Razvoj Siveri\u0107a vezan je uz rudnik ugljena koji je otvoren po\u010detkom 19. stolje\u0107a. Sustavnu eksploataciju mrkog ugljena u Siveri\u0107u pokrenula je be\u010dka dioni\u010darska tvrtka Rothschild pa Siveri\u0107, uz istarski Labin, postaje najzna\u010dajniji jadranski rudnik ugljena u Austro-Ugarskoj Monarhiji i najrazvijenije industrijsko sredi\u0161te u Dalmaciji. O va\u017enosti siveri\u0107kog rudnika govori i posjet cara Franje Josipa I. koji je na putovanju po Dalmaciji u travnju 1875. godine obi\u0161ao upravo ugljenokop u Siveri\u0107u.<\/p>\n\n\n\n<p>Za potrebe rudnika izgra\u0111ena je prate\u0107a infrastruktura koja je modernizirala cijelo podru\u010dje: 70-ih godina 19. stolje\u0107a pu\u0161tena je u promet \u017eeljezni\u010dka pruga Siveri\u0107-Split i Siveri\u0107-\u0160ibenik, a 1909. godine gradnjom hidrocentrale u Ro\u0161kom slapu na rijeci Krki uvedena je elektrifikacija ugljenokopa. Sagra\u0111ene su poslovne zgrade, prate\u0107i radni prostori uz rudnik i stanovi za radnike &#8211; objekti koji danas predstavljaju vrijedan primjer industrijske arhitekture i kulturne ba\u0161tine. Godine 1875. otvorena je osnovna \u0161kola, najstarija na tom podru\u010dju.<\/p>\n\n\n\n<p>Nakon Drugog svjetskog rata Siveri\u0107 se ubrzano razvija i na gospodarskom i na dru\u0161tvenom planu. Na poslovima vezanim uz rudnik bilo je zaposleno vi\u0161e od dvije tisu\u0107e radnika, sagra\u0111en je dom kulture, hotel, nova \u0161kola i nogometno igrali\u0161te. Dru\u0161tveni \u017eivot bio je ispunjen bogatim sadr\u017eajima kao \u0161to su filmske projekcije, gostovanja kazali\u0161nih grupa, koncerti, disco klub i utakmice nogometnog kluba Rudar te mnoge druge aktivnosti.<\/p>\n\n\n\n<p>Zatvaranjem rudnika 1970-ih godina dolazi do smanjenja gospodarskih aktivnosti i dru\u0161tvenih sadr\u017eaja, \u0161to rezultira sve ve\u0107im iseljavanjem stanovni\u0161tva. Danas je Siveri\u0107, koji je stradao u Domovinskom ratu, mirno naselje ugodno za \u017eivot, s oko 400 stanovnika. Upravo zbog zna\u010denja Siveri\u0107a u pro\u0161losti i njegove vrijedne kulturno-povijesne ba\u0161tine, Mjesni odbor Siveri\u0107 predlo\u017eio je ovaj skup na kojem bi se ta ostav\u0161tina sagledala na najvi\u0161oj znanstveno-stru\u010dnoj razini, a mo\u017ee biti i poticaj za budu\u0107e projekte usmjerene na obnovu zapu\u0161tenih prostora kojima bi se dali novi sadr\u017eaji i time kvalitetniji \u017eivot zajednice.<\/p>\n\n\n\n<p>***<\/p>\n\n\n\n<p>Znanstveno-stru\u010dni skup ima za cilj razmotriti razli\u010dite aspekte koji su pridonijeli dru\u0161tveno-gospodarskom i kulturnom razvoju Siveri\u0107a u bli\u017eoj i daljoj pro\u0161losti i, s obzirom na povijesno-industrijsko zna\u010denje naselja, osmisliti pravce kulturno-gospodarskog razvoja u budu\u0107nosti.<\/p>\n\n\n\n<p>Na znanstveno-stru\u010dnom skupu obradile bi se teme iz geologije, biologije, hidrologije, klimatologije, rudarstva, poljoprivrede, povijesti, demografije, \u0161kolstva, kulturno-glazbenog djelovanja, jezikoslovlja\/toponimije, etnologije, crkvene povijesti, politi\u010dkog i civilnog \u017eivota, sporta, arhitekture i urbanizma, industrije i sl. Naglasak svakako treba biti na Siveri\u0107u \u010dija katastarska op\u0107ina obuhva\u0107a planinu Prominu, naselje i Petrovo polje. Tamo gdje je potrebno, uklju\u010dit \u0107e se i \u0161iri prostor.<\/p>\n\n\n\n<p>PRIJAVA<\/p>\n\n\n\n<p>Za prijavu izlaganja &nbsp;potrebno je dostaviti radni naslov i sa\u017eetak izlaganja, najvi\u0161e do jedne kartice teksta, s osobnim podacima (ime i prezime, ustanova zaposlenja, e-mail, tel.\/mob.) zaklju\u010dno do 1. o\u017eujka 2025., na e-mail adresu: <a href=\"mailto:ssiljeg@unizd.hr\">ssiljeg@unizd.hr<\/a> i na <a href=\"mailto:siveric150godina@gmail.com\">siveric150godina@gmail.com<\/a><\/p>\n\n\n\n<p>Obavijest o prihva\u0107anju sa\u017eetaka donosi Znanstveni odbor Skupa do 15. o\u017eujka 2025.<\/p>\n\n\n\n<p>KOTIZACIJE nema<\/p>\n\n\n\n<p>Objavljivanje radova: radovi \u0107e se objaviti u monografiji koja \u0107e se prirediti i tiskati nakon znanstveno-stru\u010dnog skupa.<\/p>\n\n\n\n<hr class=\"wp-block-separator has-alpha-channel-opacity\"\/>\n\n\n\n<p>Izvor:<\/p>\n\n\n\n<p><a href=\"https:\/\/www.unizd.hr\/obavijesti\/view\/znanstveno-strucni-skup-siveric-nekad-i-danas-u-povodu-150-obljetnice-posjeta-cara-franje-josipa-i-rudniku-ugljena-siveric\">https:\/\/www.unizd.hr\/obavijesti\/view\/znanstveno-strucni-skup-siveric-nekad-i-danas-u-povodu-150-obljetnice-posjeta-cara-franje-josipa-i-rudniku-ugljena-siveric<\/a><\/p>\n\n\n\n<hr class=\"wp-block-separator has-alpha-channel-opacity\"\/>\n","protected":false},"excerpt":{"rendered":"","protected":false},"author":2,"featured_media":44407,"comment_status":"open","ping_status":"open","sticky":false,"template":"","format":"standard","meta":{"_acf_changed":false,"jetpack_post_was_ever_published":false,"_jetpack_newsletter_access":"","_jetpack_dont_email_post_to_subs":false,"_jetpack_newsletter_tier_id":0,"_jetpack_memberships_contains_paywalled_content":false,"_jetpack_memberships_contains_paid_content":false,"footnotes":"","jetpack_publicize_message":"","jetpack_publicize_feature_enabled":true,"jetpack_social_post_already_shared":true,"jetpack_social_options":{"image_generator_settings":{"template":"highway","default_image_id":0,"font":"","enabled":false},"version":2}},"categories":[3,9],"tags":[],"class_list":["post-44406","post","type-post","status-publish","format-standard","has-post-thumbnail","hentry","category-novosti","category-skupovi"],"acf":{"facebook_opis":""},"jetpack_publicize_connections":[],"jetpack_featured_media_url":"https:\/\/i0.wp.com\/historiografija.hr\/wp-content\/uploads\/2025\/01\/Najava-skupa_Siveric.jpg?fit=480%2C600&ssl=1","jetpack_sharing_enabled":true,"jetpack-related-posts":[],"_links":{"self":[{"href":"https:\/\/historiografija.hr\/index.php?rest_route=\/wp\/v2\/posts\/44406","targetHints":{"allow":["GET"]}}],"collection":[{"href":"https:\/\/historiografija.hr\/index.php?rest_route=\/wp\/v2\/posts"}],"about":[{"href":"https:\/\/historiografija.hr\/index.php?rest_route=\/wp\/v2\/types\/post"}],"author":[{"embeddable":true,"href":"https:\/\/historiografija.hr\/index.php?rest_route=\/wp\/v2\/users\/2"}],"replies":[{"embeddable":true,"href":"https:\/\/historiografija.hr\/index.php?rest_route=%2Fwp%2Fv2%2Fcomments&post=44406"}],"version-history":[{"count":1,"href":"https:\/\/historiografija.hr\/index.php?rest_route=\/wp\/v2\/posts\/44406\/revisions"}],"predecessor-version":[{"id":44408,"href":"https:\/\/historiografija.hr\/index.php?rest_route=\/wp\/v2\/posts\/44406\/revisions\/44408"}],"wp:featuredmedia":[{"embeddable":true,"href":"https:\/\/historiografija.hr\/index.php?rest_route=\/wp\/v2\/media\/44407"}],"wp:attachment":[{"href":"https:\/\/historiografija.hr\/index.php?rest_route=%2Fwp%2Fv2%2Fmedia&parent=44406"}],"wp:term":[{"taxonomy":"category","embeddable":true,"href":"https:\/\/historiografija.hr\/index.php?rest_route=%2Fwp%2Fv2%2Fcategories&post=44406"},{"taxonomy":"post_tag","embeddable":true,"href":"https:\/\/historiografija.hr\/index.php?rest_route=%2Fwp%2Fv2%2Ftags&post=44406"}],"curies":[{"name":"wp","href":"https:\/\/api.w.org\/{rel}","templated":true}]}}