{"id":44395,"date":"2025-01-20T09:54:39","date_gmt":"2025-01-20T09:54:39","guid":{"rendered":"https:\/\/historiografija.hr\/?p=44395"},"modified":"2025-01-20T09:54:39","modified_gmt":"2025-01-20T09:54:39","slug":"panel-rasprava-grci-na-jadranu","status":"publish","type":"post","link":"https:\/\/historiografija.hr\/?p=44395","title":{"rendered":"Panel rasprava &#8220;Grci na Jadranu&#8221;"},"content":{"rendered":"\n<p><strong>Posljednjih godina arheolo\u0161ka istra\u017eivanja na prostoru gr\u010dkih kolonija<\/strong> Ise, Fara, isejskih potkolonija u Lumbardi, Traguriju (<em>Trago\u00farion<\/em>), Epetiju (<em>Ep\u00e9tion<\/em>), Sikula (<em>Siculi<\/em>) kao i na lokalitetima indigenih zajednica na kojima je posvjedo\u010den gr\u010dki utjecaj, <strong>prili\u010dno su se intenzivirala.<\/strong> <strong>Rezultati tih istra\u017eivanja uglavnom su nepoznati \u0161iroj stru\u010dnoj, i posebno svekolikoj javnosti. <\/strong>Upravo zato, <strong>Arheolo\u0161ki muzej u Splitu<\/strong> organizira panel raspravu pod nazivom \u201e<strong><em>Grci na Jadranu<\/em><\/strong>\u201c, koja \u0107e se odr\u017eati u <strong>ponedjeljak, 20. sije\u010dnja 2025. godine<\/strong>, s po\u010detkom u <strong>11:00 sati<\/strong>. Ovo je va\u017ean doga\u0111aj koji \u0107e okupiti vode\u0107e stru\u010dnjake u podru\u010dju arheologije, konzervacije i muzeologije, a panelu \u0107e prisustvovati i <strong>Ministrica kulture i medija Republike Hrvatske, Nina Obuljen Kor\u017einek<\/strong>.<\/p>\n\n\n\n<p>Panel rasprava bit \u0107e prilika za <strong>predstavljanje najnovijih arheolo\u0161kih istra\u017eivanja<\/strong> sa prostora gr\u010dkih kolonija na Jadranu, kao i za razmjenu iskustava me\u0111u istra\u017eiva\u010dima koji su istra\u017eivali diljem jadranske obale. Osim presjeka dosada\u0161njih istra\u017eivanja, \u010dut \u0107emo rezultate najnovijih istra\u017eivanja, a koja su dovela do novih saznanja koja mijenjaju mnoga dosada uvrije\u017eena mi\u0161ljenja o uljudbenim i kultuorolo\u0161kim dosezima anti\u010dkih Grka na na\u0161im prostorima.&nbsp;<\/p>\n\n\n\n<p>Tema \u0107e obuhvatiti arheolo\u0161ke nalaze s lokaliteta poput Ise (<em>Issa<\/em>), Fara (<em>Pharos<\/em>), isejskih potkolonija u Lumbardi, Traguriju (<em>Tragurion<\/em>), Epetiju (<em>Epetion<\/em>), Sikula (<em>Siculi<\/em>) i drugih gdje su provedena istra\u017eivanja koja donose nova saznanja o gr\u010dkom utjecaju na srednji Jadran. <em>Cilj panela je omogu\u0107iti stru\u010dnjacima da u kratkim prezentacijama predstave svoja istra\u017eivanja, a potom razmjene razmi\u0161ljanja o izazovima s kojima se suo\u010davaju u svom radu, te razmotre smjernice za budu\u0107i razvoj.<\/em><\/p>\n\n\n\n<p><strong>Pozadina<\/strong><\/p>\n\n\n\n<p>Dodiri izme\u0111u prostora anti\u010dke Gr\u010dke i dana\u0161nje hrvatske obale imaju dugotrajnu povijest. Oni se\u017eu u bron\u010dano i \u017eeljeznodobno razdoblje o \u010demu svjedo\u010de rijetki nalazi mikenske keramike. Ti ostatci, koji istra\u017eivanjima bivaju sve brojniji, ukazuju na postojanje gr\u010dkih plovidbenih i trgova\u010dkih pravaca du\u017e hrvatske obale Jadrana. Gr\u010dka je civilizacija postupno prodirala na isto\u010dno jadransku obalu, a to se doga\u0111alo preko trgovaca i njihove robe kojom su trgovali s lokalnim stanovni\u0161tvom. Nalazi crnofiguralne keramike, korintske posude, koroplastika, glava kurosa iz Ise (<em>Issa<\/em>) i drugi predmeti, potvr\u0111uju da se ti kontakti intenziviraju tijekom arhajskog razdoblja. To je vrijeme kada izvori spominju i prvu gr\u010dku naseobinu na Jadranu Crnu Korkiru (<em>Korkyra Melaina<\/em>), koju su utemeljili Kni\u0111ani iz Male Azije u kasnom VI. st. pr. Kr. na otoku Kor\u010duli. Ova naseobina nepoznatog je izgleda, pobli\u017ee lokacije i kronolo\u0161kih odrednica.<\/p>\n\n\n\n<p>Izvori spominju i postojanje kolonija Anhiale (<em>Anchiale<\/em>) i Herakleje (<em>Heracleia<\/em>), mjesta koja tako\u0111er do sada nisu preciznije locirana. Prisustvo Grka na hrvatskoj obali do IV. st. pr. Kr. prili\u010dno je nejasno, no s po\u010detkom IV. st. stvari se mijenjaju. Trajna i organizirana gr\u010dka prisutnost na hrvatskoj obali zapo\u010dinje s kolonizacijom Dionizija Siraku\u0161kog. Taj mo\u0107ni vladar osniva kolonije na isto\u010dno jadranskoj obali; Isu i poma\u017ee oko osnutka Fara (<em>Pharos<\/em>). S tim dvjema kolonijama, iako malenim i smje\u0161tenim na rubu helenskog svijeta, dana\u0161nja hrvatska obala primiti \u0107e dosege anti\u010dke gr\u010dke civilizacije. Dolaskom u Jadran na njegovu isto\u010dnu obalu i ilirske prostore, Grci donose pismenost u tu agrafsku sredinu, donose uporabu novca kao plate\u017enog sredstva poti\u010du\u0107i osnivanje kovnica lokalnih dinasta i gradova, ure\u0111uje se i dijeli zemlji\u0161te po katastarskim na\u010delima. Gradovi se podi\u017eu prema ortogonalnim na\u010delima planiranja prostora, umjetnost dosi\u017ee izniman razvitak kao i tehnike izrade i obrade umjetnina. Obrada zemlji\u0161ta s novim saznanjima i tehnikama poti\u010de ve\u0107e poljoprivredne prinose, a time i razvoj trgovine koja se ogleda prije svega s indigenim zajednicama isto\u010dne jadranske obale. Sve to utjecalo je da je protopovijesni ilirski prostor polako u\u0161ao u anti\u010dko razdoblje.<\/p>\n\n\n\n<p><strong>Program<\/strong><\/p>\n\n\n\n<p><strong>11.00 h \u2013 Uvod u panel i pozdravni govori<\/strong><\/p>\n\n\n\n<ul class=\"wp-block-list\">\n<li><strong>mr.sc. Boris \u010cargo,<\/strong> muzejski savjetnik Priru\u010dne zbirke i lokaliteta Issa<\/li>\n\n\n\n<li><strong>dr. sc. Ante Jur\u010devi\u0107<\/strong>, ravnatelj Arheolo\u0161kog muzeja u Splitu<\/li>\n\n\n\n<li><strong>dr. sc. Nina Obuljen Kor\u017einek<\/strong>, ministrica kulture i medija Republike Hrvatske<br>\u00a0<\/li>\n<\/ul>\n\n\n\n<p><strong>Isa (<em>Issa<\/em>)<\/strong>,moderator: Boris \u010cargo<\/p>\n\n\n\n<p><strong>11:15 h &#8211; David Bergant, Boris \u010cargo<\/strong>, <em>Novija arheolo\u0161ka istra\u017eivanja <\/em>intra i extra muros<em> gradskih zidina Ise.<\/em><br><strong>11:30 h &#8211;<\/strong><strong>Dinko Radi\u0107<\/strong>, <em>Zavi\u010dajni&nbsp;muzej Grada Visa &#8211; perspektive&nbsp;\u010duvanja i za\u0161tite isejske ba\u0161tine<\/em><\/p>\n\n\n\n<p><strong>Far (<em>Pharos<\/em>)<\/strong>, moderator: Boris \u010cargo<\/p>\n\n\n\n<p><strong>11:45 h &#8211; Miroslav Kati\u0107<\/strong>, <em>Urbana i ruralna dimenzija gr\u010dke kolonizacije otoka Hvara.<\/em><\/p>\n\n\n\n<p><strong>12:00 h &#8211; Sara Popovi\u0107, Andrea Devlahovi\u0107<\/strong>, <em>Nove spoznaje o urbanoj topografiji Farosa i ostacima anti\u010dke podjele Starogradskog polja &#8211; istra\u017eivanja 2010.-2020.<\/em>&nbsp;<\/p>\n\n\n\n<p><strong>12:15 h &#8211; Vinko Tarbu\u0161kovi\u0107<\/strong>, <em>Starogradsko polje &#8211; UNESCO-va ba\u0161tina, njegova za\u0161tita i valorizacija.<\/em><\/p>\n\n\n\n<p><strong>Tragurij (<em>Tragurion<\/em>)<\/strong>,moderator: Boris \u010cargo<\/p>\n\n\n\n<p><strong>12:30 &#8211; Lujana Paraman<\/strong>, <em>Nova istra\u017eivanja i spoznaje o stambenoj arhitekturi i urbanisti\u010dkom rasteru Tragurija<\/em>.<\/p>\n\n\n\n<p><strong>Sikuli<\/strong>,moderator: Boris \u010cargo<\/p>\n\n\n\n<p><strong>12:45 h &#8211; Ivan \u0160uta, Ivanka Kamenjarin<\/strong>, <em>Nova istra\u017eivanja i spoznaje o arhitekturi i urbanisti\u010dkom rasteru Sikula.<\/em><\/p>\n\n\n\n<p><br><strong>13:00 \u2013 13:30 h \u2013 PAUZA<\/strong><\/p>\n\n\n\n<p><br><strong>Kor\u010dula (<em>Korkyra melaina<\/em>)<\/strong>, moderator: Boris \u010cargo<\/p>\n\n\n\n<p><strong>13:30 h &#8211; Hrvoje Potrebica<\/strong>, <em>Gr\u010dka kolonija u Lumbardi i Lumbarajska psefizma<\/em><\/p>\n\n\n\n<p><strong>13:45 h &#8211; Igor Borzi\u0107, Dinko Radi\u0107<\/strong>, <em>Arheolo\u0161ki park Kopila i Arheolo\u0161ka zbirka Kopila<\/em> .<\/p>\n\n\n\n<p><br><strong>Rt Plo\u010da (<em>Promunturium Diomedes<\/em>)<\/strong>, moderator: Boris \u010cargo<\/p>\n\n\n\n<p><strong>14:00 h &#8211; Lucijana \u0160e\u0161elj<\/strong>,<em> Promunturium Diomedes \u2013 gr\u010dko sveti\u0161te na Hilejskom poluotoku.<\/em><\/p>\n\n\n\n<p><strong>14:15 h &#8211; Boris Mostar\u010di\u0107<\/strong>, <em>Konzerviranje i prezentiranje anti\u010dkih nalazi\u0161ta.<\/em><\/p>\n\n\n\n<p><br><strong>Podmorska ba\u0161tina<\/strong>, moderatorica: Tea Katunari\u0107<\/p>\n\n\n\n<p><strong>14:30 h &#8211; Jurica Bezak<\/strong>, <em>Brodolomi s nalazima helenisti\u010dkih amfora i fine keramike u podmorju otoka Visa i Palagru\u017ee.<\/em><\/p>\n\n\n\n<p><strong>14:45 h &#8211; Tea Katunari\u0107<\/strong>, <em>Recentna istra\u017eivanja gr\u010dkih i helenisti\u010dkih brodoloma u akvatoriju otoka Visa.<\/em><\/p>\n\n\n\n<p><strong>15:00 h &#8211; Tea Katunari\u0107<\/strong>, <em>Istra\u017eivanje luke Fara i helenisti\u010dkih brodoloma otoka \u0160\u0107edra.<\/em><\/p>\n\n\n\n<p><strong>15:15 h &#8211; Irena Radi\u0107-Rossi<\/strong>, <em>Brodolom iz 4. st. pr. Kr. u&nbsp;podmorju otoka \u017dirja<\/em>.<\/p>\n\n\n\n<p><br><strong>15:30 h &#8211; PANEL RASPRAVA<\/strong><\/p>\n\n\n\n<p><br><strong>Panel rasprava &#8220;Grci na Jadranu&#8221; \u2013 Za\u0161to je va\u017ena?<\/strong><\/p>\n\n\n\n<p>Panel rasprava \u201e<em>Grci na Jadranu<\/em>\u201c pru\u017ea jedinstvenu priliku za upoznavanje s najnovijim arheolo\u0161kim otkri\u0107ima i izazovima s kojima se arheolozi suo\u010davaju u istra\u017eivanju, konzervaciji i prezentaciji kulturnog naslije\u0111a. Kroz ovaj doga\u0111aj, stru\u010dnjaci \u0107e podijeliti svoja saznanja o arheolo\u0161kim lokalitetima na jadranskoj obali, otkrivaju\u0107i \u0161to su nova istra\u017eivanja donijela i koji su to izazovi na koje nailaze u svakodnevnom radu.<\/p>\n\n\n\n<p>Ovaj panel je prilika za razmjenu iskustava o tome kako uklju\u010diti \u0161iru javnost u arheolo\u0161ke projekte, kako u\u010diniti lokalitete pristupa\u010dnijima i razumljivijima te kako prevladati prepreke u povezivanju znanstvene zajednice s op\u0107om javno\u0161\u0107u. Tako\u0111er, bit \u0107e rije\u010di o va\u017enosti pravilne konzervacije, za\u0161tite i interpretacije ovih lokaliteta, \u0161to je klju\u010dno za njihovu promociju i turisti\u010dku valorizaciju.<\/p>\n\n\n\n<p><strong>Pozivamo sve zainteresirane da se pridru\u017ee ovom va\u017enom doga\u0111aju i otkriju najnovija saznanja iz arheologije, kao i izazove u o\u010duvanju i predstavljanju kulturnog naslije\u0111a. Panel \u0107e biti izvrsna prilika za poticanje suradnje izme\u0111u stru\u010dnjaka, lokalnih zajednica i relevantnih institucija, \u010dime doprinosimo boljoj za\u0161titi i valorizaciji na\u0161eg kulturnog bogatstva.<\/strong><\/p>\n\n\n\n<p><strong>Veselimo se va\u0161em dolasku i sudjelovanju!<\/strong><\/p>\n\n\n\n<hr class=\"wp-block-separator has-alpha-channel-opacity\"\/>\n\n\n\n<p>Izvor:<\/p>\n\n\n\n<p><a href=\"https:\/\/www.armus.hr\/doga%C4%91anja\/artmid\/1047\/articleid\/299\/panel-rasprava-grci-na-jadranu\">https:\/\/www.armus.hr\/doga%C4%91anja\/artmid\/1047\/articleid\/299\/panel-rasprava-grci-na-jadranu<\/a><\/p>\n\n\n\n<hr class=\"wp-block-separator has-alpha-channel-opacity\"\/>\n","protected":false},"excerpt":{"rendered":"","protected":false},"author":2,"featured_media":44396,"comment_status":"open","ping_status":"open","sticky":false,"template":"","format":"standard","meta":{"_acf_changed":false,"jetpack_post_was_ever_published":false,"_jetpack_newsletter_access":"","_jetpack_dont_email_post_to_subs":false,"_jetpack_newsletter_tier_id":0,"_jetpack_memberships_contains_paywalled_content":false,"_jetpack_memberships_contains_paid_content":false,"footnotes":"","jetpack_publicize_message":"","jetpack_publicize_feature_enabled":true,"jetpack_social_post_already_shared":true,"jetpack_social_options":{"image_generator_settings":{"template":"highway","default_image_id":0,"font":"","enabled":false},"version":2}},"categories":[3],"tags":[],"class_list":["post-44395","post","type-post","status-publish","format-standard","has-post-thumbnail","hentry","category-novosti"],"acf":{"facebook_opis":""},"jetpack_publicize_connections":[],"jetpack_featured_media_url":"https:\/\/i0.wp.com\/historiografija.hr\/wp-content\/uploads\/2025\/01\/Grci-na-Jadranu.png?fit=800%2C600&ssl=1","jetpack_sharing_enabled":true,"jetpack-related-posts":[{"id":52502,"url":"https:\/\/historiografija.hr\/?p=52502","url_meta":{"origin":44395,"position":0},"title":"Novi znanstveni projekt Hrvatskog instituta za povijest: \u201c\u017drtve ratova i dr\u017eavnog\/politi\u010dkog nasilja u hrvatskoj povijesti 20. stolje\u0107a\u201d","author":"Branimir Jankovi\u0107","date":"17. travnja 2026.","format":false,"excerpt":"Na redovitoj sjednici Vlade RH, 16. travnja 2026., donijet je Zaklju\u010dak kojim se pokre\u0107e znanstveni projekt \u201c\u017drtve ratova i dr\u017eavnog\/politi\u010dkog nasilja u hrvatskoj povijesti 20. stolje\u0107a\u201d. Projekt \u0107e provoditi i koordinirati Hrvatski institut za povijest u razdoblju trajanja projekta od pet godina. Zakljucak Vlade RH Iz teksta projektnog prijedloga: Problematika\u2026","rel":"","context":"U &quot;Novosti&quot;","block_context":{"text":"Novosti","link":"https:\/\/historiografija.hr\/?cat=3"},"img":{"alt_text":"","src":"https:\/\/i0.wp.com\/historiografija.hr\/wp-content\/uploads\/2026\/04\/Vlada-RH.jpg?fit=1200%2C557&ssl=1&resize=350%2C200","width":350,"height":200,"srcset":"https:\/\/i0.wp.com\/historiografija.hr\/wp-content\/uploads\/2026\/04\/Vlada-RH.jpg?fit=1200%2C557&ssl=1&resize=350%2C200 1x, https:\/\/i0.wp.com\/historiografija.hr\/wp-content\/uploads\/2026\/04\/Vlada-RH.jpg?fit=1200%2C557&ssl=1&resize=525%2C300 1.5x, https:\/\/i0.wp.com\/historiografija.hr\/wp-content\/uploads\/2026\/04\/Vlada-RH.jpg?fit=1200%2C557&ssl=1&resize=700%2C400 2x, https:\/\/i0.wp.com\/historiografija.hr\/wp-content\/uploads\/2026\/04\/Vlada-RH.jpg?fit=1200%2C557&ssl=1&resize=1050%2C600 3x"},"classes":[]},{"id":52654,"url":"https:\/\/historiografija.hr\/?p=52654","url_meta":{"origin":44395,"position":1},"title":"Gostuju\u0107e predavanje &#8211; Danijel D\u017eino \u201eKasnoanti\u010dke i ranosrednjovjekovne gra\u0111evine u Brezi: Spomenici nepotpune biografije\u201c","author":"Branimir Jankovi\u0107","date":"24. travnja 2026.","format":false,"excerpt":"Doktorski studij predmoderne povijesti poziva na predavanje \"Kasnoanti\u010dke i ranosrednjovjekovne gra\u0111evine u Brezi: Spomenici nepotpune biografije\u201d koje \u0107e odr\u017eati profesor Danijel D\u017eino sa Sveu\u010dili\u0161ta Macquarie u Sydneyu u\u00a0utorak 28. travnja 2026. u 17h u Konferencijskoj dvorani Knji\u017enice Filozofskog fakulteta u Zagrebu. Predavanje \u0107e predo\u010diti nova saznanja dobivena kroz arhivsko-dokumentarna istra\u017eivanja\u2026","rel":"","context":"U &quot;Novosti&quot;","block_context":{"text":"Novosti","link":"https:\/\/historiografija.hr\/?cat=3"},"img":{"alt_text":"","src":"https:\/\/i0.wp.com\/historiografija.hr\/wp-content\/uploads\/2026\/04\/Dzino.jpg?fit=980%2C819&ssl=1&resize=350%2C200","width":350,"height":200,"srcset":"https:\/\/i0.wp.com\/historiografija.hr\/wp-content\/uploads\/2026\/04\/Dzino.jpg?fit=980%2C819&ssl=1&resize=350%2C200 1x, https:\/\/i0.wp.com\/historiografija.hr\/wp-content\/uploads\/2026\/04\/Dzino.jpg?fit=980%2C819&ssl=1&resize=525%2C300 1.5x, https:\/\/i0.wp.com\/historiografija.hr\/wp-content\/uploads\/2026\/04\/Dzino.jpg?fit=980%2C819&ssl=1&resize=700%2C400 2x"},"classes":[]},{"id":52539,"url":"https:\/\/historiografija.hr\/?p=52539","url_meta":{"origin":44395,"position":2},"title":"Drugi po redu studentski simpozij &#8220;In fonte veritas&#8221;","author":"Branimir Jankovi\u0107","date":"20. travnja 2026.","format":false,"excerpt":"U srijedu, 22. travnja 2026. godine, u dvorani C 0.4 na Hrvatskom katoli\u010dkom sveu\u010dili\u0161tu odr\u017eat \u0107e se drugi studentski simpozij \u201eIn fonte veritas\". Ovogodi\u0161nja sredi\u0161nja tema simpozija je Papinstvo. Kroz istra\u017eiva\u010dko suo\u010davanje s povijesnim izvorima deset \u0107e studenata predstaviti rezultate svojih istra\u017eivanja o instituciji koja je stolje\u0107ima oblikovala europsku i\u2026","rel":"","context":"U &quot;Novosti&quot;","block_context":{"text":"Novosti","link":"https:\/\/historiografija.hr\/?cat=3"},"img":{"alt_text":"","src":"https:\/\/i0.wp.com\/historiografija.hr\/wp-content\/uploads\/2026\/04\/Papinstvo.png?fit=1024%2C500&ssl=1&resize=350%2C200","width":350,"height":200,"srcset":"https:\/\/i0.wp.com\/historiografija.hr\/wp-content\/uploads\/2026\/04\/Papinstvo.png?fit=1024%2C500&ssl=1&resize=350%2C200 1x, https:\/\/i0.wp.com\/historiografija.hr\/wp-content\/uploads\/2026\/04\/Papinstvo.png?fit=1024%2C500&ssl=1&resize=525%2C300 1.5x, https:\/\/i0.wp.com\/historiografija.hr\/wp-content\/uploads\/2026\/04\/Papinstvo.png?fit=1024%2C500&ssl=1&resize=700%2C400 2x"},"classes":[]},{"id":52511,"url":"https:\/\/historiografija.hr\/?p=52511","url_meta":{"origin":44395,"position":3},"title":"Izlo\u017eba &#8220;Lica Sljemena&#8221;","author":"Branimir Jankovi\u0107","date":"17. travnja 2026.","format":false,"excerpt":"Srda\u010dno vas pozivamo na otvorenje izlo\u017ebe Lica Sljemena koje \u0107e se odr\u017eati u srijedu 22. travnja 2026. u 18 h ispred Muzeja Prigorja (Trg Dragutina Domjani\u0107a 5, Sesvete). Izlo\u017eba proizlazi iz istra\u017eivanja Nevene \u0160krbi\u0107 Alempijevi\u0107, Petre Kelemen i Sanje Potkonjak te intervjua sa Sljemena\u0161icama i Sljemena\u0161ima, koji su provedeni u\u2026","rel":"","context":"U &quot;Izlo\u017ebe&quot;","block_context":{"text":"Izlo\u017ebe","link":"https:\/\/historiografija.hr\/?cat=10"},"img":{"alt_text":"","src":"https:\/\/i0.wp.com\/historiografija.hr\/wp-content\/uploads\/2026\/04\/Izlozba-Lica-Sljemena.png?fit=1080%2C686&ssl=1&resize=350%2C200","width":350,"height":200,"srcset":"https:\/\/i0.wp.com\/historiografija.hr\/wp-content\/uploads\/2026\/04\/Izlozba-Lica-Sljemena.png?fit=1080%2C686&ssl=1&resize=350%2C200 1x, https:\/\/i0.wp.com\/historiografija.hr\/wp-content\/uploads\/2026\/04\/Izlozba-Lica-Sljemena.png?fit=1080%2C686&ssl=1&resize=525%2C300 1.5x, https:\/\/i0.wp.com\/historiografija.hr\/wp-content\/uploads\/2026\/04\/Izlozba-Lica-Sljemena.png?fit=1080%2C686&ssl=1&resize=700%2C400 2x, https:\/\/i0.wp.com\/historiografija.hr\/wp-content\/uploads\/2026\/04\/Izlozba-Lica-Sljemena.png?fit=1080%2C686&ssl=1&resize=1050%2C600 3x"},"classes":[]},{"id":52657,"url":"https:\/\/historiografija.hr\/?p=52657","url_meta":{"origin":44395,"position":4},"title":"[Predavanje] Jezik i drugost u (post)socijalisti\u010dkoj Srbiji: diskurzivne politike identiteta (YugoLab)","author":"Branimir Jankovi\u0107","date":"24. travnja 2026.","format":false,"excerpt":"U sklopu projekta Prizma \/ IMAGINATION (\u201eZami\u0161ljanje nacije: srpski nacionalni narativi u sporu (XX\u2013XXI vek)\u201c), koji se realizuje na Institutu za filozofiju i dru\u0161tvenu teoriju Univerziteta u Beogradu (2024\u20132027) uz finansijsku podr\u0161ku Fonda za nauku Republike Srbije, organizuje se serija predavanja na kojoj istra\u017eiva\u010di i istra\u017eiva\u010dice projekta predstavljaju rezultate svojih\u2026","rel":"","context":"U &quot;Novosti&quot;","block_context":{"text":"Novosti","link":"https:\/\/historiografija.hr\/?cat=3"},"img":{"alt_text":"","src":"https:\/\/i0.wp.com\/historiografija.hr\/wp-content\/uploads\/2026\/04\/IFDT_28_IV.png?fit=1200%2C675&ssl=1&resize=350%2C200","width":350,"height":200,"srcset":"https:\/\/i0.wp.com\/historiografija.hr\/wp-content\/uploads\/2026\/04\/IFDT_28_IV.png?fit=1200%2C675&ssl=1&resize=350%2C200 1x, https:\/\/i0.wp.com\/historiografija.hr\/wp-content\/uploads\/2026\/04\/IFDT_28_IV.png?fit=1200%2C675&ssl=1&resize=525%2C300 1.5x, https:\/\/i0.wp.com\/historiografija.hr\/wp-content\/uploads\/2026\/04\/IFDT_28_IV.png?fit=1200%2C675&ssl=1&resize=700%2C400 2x, https:\/\/i0.wp.com\/historiografija.hr\/wp-content\/uploads\/2026\/04\/IFDT_28_IV.png?fit=1200%2C675&ssl=1&resize=1050%2C600 3x"},"classes":[]},{"id":52499,"url":"https:\/\/historiografija.hr\/?p=52499","url_meta":{"origin":44395,"position":5},"title":"POTPISAN UGOVOR O ZNANSTVENO-ISTRA\u017dIVA\u010cKOJ SURADNJI: PROJEKT \u201eTEMELJI HRVATSKE SAMOSTALNOSTI\u201d","author":"Branimir Jankovi\u0107","date":"17. travnja 2026.","format":false,"excerpt":"Hrvatski institut za povijest, Sveu\u010dili\u0161te obrane i sigurnosti \u201eDr. Franjo Tu\u0111man\u201d, Institut dru\u0161tvenih znanosti Ivo Pilar i Hrvatski dr\u017eavni arhiv\u00a0potpisali su 23. o\u017eujka 2026.\u00a0Ugovor o znanstveno-istra\u017eiva\u010dkoj suradnji s ciljem provedbe projekta \u201eTemelji hrvatske samostalnosti\u201d. Tim projektom obuhva\u0107a se istra\u017eivanje arhivskoga gradiva, priprema znanstvenih publikacija, digitalizacija i javna prezentacija rezultata istra\u017eivanja\u2026","rel":"","context":"U &quot;Novosti&quot;","block_context":{"text":"Novosti","link":"https:\/\/historiografija.hr\/?cat=3"},"img":{"alt_text":"","src":"https:\/\/i0.wp.com\/historiografija.hr\/wp-content\/uploads\/2026\/04\/THS_sporazum.jpg?fit=1200%2C583&ssl=1&resize=350%2C200","width":350,"height":200,"srcset":"https:\/\/i0.wp.com\/historiografija.hr\/wp-content\/uploads\/2026\/04\/THS_sporazum.jpg?fit=1200%2C583&ssl=1&resize=350%2C200 1x, https:\/\/i0.wp.com\/historiografija.hr\/wp-content\/uploads\/2026\/04\/THS_sporazum.jpg?fit=1200%2C583&ssl=1&resize=525%2C300 1.5x, https:\/\/i0.wp.com\/historiografija.hr\/wp-content\/uploads\/2026\/04\/THS_sporazum.jpg?fit=1200%2C583&ssl=1&resize=700%2C400 2x, https:\/\/i0.wp.com\/historiografija.hr\/wp-content\/uploads\/2026\/04\/THS_sporazum.jpg?fit=1200%2C583&ssl=1&resize=1050%2C600 3x"},"classes":[]}],"_links":{"self":[{"href":"https:\/\/historiografija.hr\/index.php?rest_route=\/wp\/v2\/posts\/44395","targetHints":{"allow":["GET"]}}],"collection":[{"href":"https:\/\/historiografija.hr\/index.php?rest_route=\/wp\/v2\/posts"}],"about":[{"href":"https:\/\/historiografija.hr\/index.php?rest_route=\/wp\/v2\/types\/post"}],"author":[{"embeddable":true,"href":"https:\/\/historiografija.hr\/index.php?rest_route=\/wp\/v2\/users\/2"}],"replies":[{"embeddable":true,"href":"https:\/\/historiografija.hr\/index.php?rest_route=%2Fwp%2Fv2%2Fcomments&post=44395"}],"version-history":[{"count":1,"href":"https:\/\/historiografija.hr\/index.php?rest_route=\/wp\/v2\/posts\/44395\/revisions"}],"predecessor-version":[{"id":44397,"href":"https:\/\/historiografija.hr\/index.php?rest_route=\/wp\/v2\/posts\/44395\/revisions\/44397"}],"wp:featuredmedia":[{"embeddable":true,"href":"https:\/\/historiografija.hr\/index.php?rest_route=\/wp\/v2\/media\/44396"}],"wp:attachment":[{"href":"https:\/\/historiografija.hr\/index.php?rest_route=%2Fwp%2Fv2%2Fmedia&parent=44395"}],"wp:term":[{"taxonomy":"category","embeddable":true,"href":"https:\/\/historiografija.hr\/index.php?rest_route=%2Fwp%2Fv2%2Fcategories&post=44395"},{"taxonomy":"post_tag","embeddable":true,"href":"https:\/\/historiografija.hr\/index.php?rest_route=%2Fwp%2Fv2%2Ftags&post=44395"}],"curies":[{"name":"wp","href":"https:\/\/api.w.org\/{rel}","templated":true}]}}