{"id":44378,"date":"2025-01-17T20:53:33","date_gmt":"2025-01-17T20:53:33","guid":{"rendered":"https:\/\/historiografija.hr\/?p=44378"},"modified":"2025-01-17T20:53:33","modified_gmt":"2025-01-17T20:53:33","slug":"komemoracija-za-esada-cimica","status":"publish","type":"post","link":"https:\/\/historiografija.hr\/?p=44378","title":{"rendered":"Komemoracija za Esada \u0106imi\u0107a"},"content":{"rendered":"\n<p>Komemoracija za prof. dr. sc. Esada \u0106imi\u0107a, professora emeritusa, odr\u017eat \u0107e se u utorak, 21. sije\u010dnja 2025. godine u Sve\u010danoj dvorani Sveu\u010dili\u0161ta u Zadru s po\u010detkom u 12 sati. Profesor \u0106imi\u0107 jedan je&nbsp;od glavnih osniva\u010da Odjela za sociologiju na kojemu je predavao dugi niz godina, gdje ostaje zapam\u0107en kao erudit blagoga duha te pronicljivih, duhovitih uvida u politi\u010dke i dru\u0161tvene teme. Za njegov iznimni rad, Grad Zadar mu je dodijelio nagradu za \u017eivotno&nbsp;djelo 2008. godine. Prof. dr. sc. Esad \u0106imi\u0107&nbsp;preminuo je 6. listopada 2024. godine u Zagrebu, a sahranjen je u Sarajevu.<\/p>\n\n\n\n<hr class=\"wp-block-separator has-alpha-channel-opacity\"\/>\n\n\n\n<p>Izvori:<\/p>\n\n\n\n<p><a href=\"https:\/\/www.unizd.hr\/obavijesti\/view\/komemoracija-za-professora-emeritusa-esada-cimica-u-utorak-21-sijecnja\">https:\/\/www.unizd.hr\/obavijesti\/view\/komemoracija-za-professora-emeritusa-esada-cimica-u-utorak-21-sijecnja<\/a><\/p>\n\n\n\n<figure class=\"wp-block-embed is-type-wp-embed is-provider-hrvatsko-sociolo-ko-dru-tvo wp-block-embed-hrvatsko-sociolo-ko-dru-tvo\"><div class=\"wp-block-embed__wrapper\">\n<blockquote class=\"wp-embedded-content\" data-secret=\"bW6ckdY58i\"><a href=\"https:\/\/hsd.hr\/2025\/01\/16\/komemoracija-za-prof-dr-sc-esada-cimica\/\">Komemoracija za prof. dr. sc. Esada \u0106imi\u0107a<\/a><\/blockquote><iframe loading=\"lazy\" class=\"wp-embedded-content\" sandbox=\"allow-scripts\" security=\"restricted\" style=\"position: absolute; visibility: hidden;\" title=\"&#8220;Komemoracija za prof. dr. sc. Esada \u0106imi\u0107a&#8221; &#8212; Hrvatsko sociolo\u0161ko dru\u0161tvo\" src=\"https:\/\/hsd.hr\/2025\/01\/16\/komemoracija-za-prof-dr-sc-esada-cimica\/embed\/#?secret=3pCELfRpHD#?secret=bW6ckdY58i\" data-secret=\"bW6ckdY58i\" width=\"600\" height=\"338\" frameborder=\"0\" marginwidth=\"0\" marginheight=\"0\" scrolling=\"no\"><\/iframe>\n<\/div><\/figure>\n\n\n\n<hr class=\"wp-block-separator has-alpha-channel-opacity\"\/>\n","protected":false},"excerpt":{"rendered":"","protected":false},"author":2,"featured_media":42775,"comment_status":"open","ping_status":"open","sticky":false,"template":"","format":"standard","meta":{"_acf_changed":false,"jetpack_post_was_ever_published":false,"_jetpack_newsletter_access":"","_jetpack_dont_email_post_to_subs":false,"_jetpack_newsletter_tier_id":0,"_jetpack_memberships_contains_paywalled_content":false,"_jetpack_memberships_contains_paid_content":false,"footnotes":"","jetpack_publicize_message":"","jetpack_publicize_feature_enabled":true,"jetpack_social_post_already_shared":true,"jetpack_social_options":{"image_generator_settings":{"template":"highway","default_image_id":0,"font":"","enabled":false},"version":2}},"categories":[3,20],"tags":[],"class_list":["post-44378","post","type-post","status-publish","format-standard","has-post-thumbnail","hentry","category-novosti","category-obavijesti-o-smrti-i-nekrolozi"],"acf":{"facebook_opis":""},"jetpack_publicize_connections":[],"jetpack_featured_media_url":"https:\/\/i0.wp.com\/historiografija.hr\/wp-content\/uploads\/2024\/10\/%C4%86imi%C4%87.png?fit=625%2C625&ssl=1","jetpack_sharing_enabled":true,"jetpack-related-posts":[],"_links":{"self":[{"href":"https:\/\/historiografija.hr\/index.php?rest_route=\/wp\/v2\/posts\/44378","targetHints":{"allow":["GET"]}}],"collection":[{"href":"https:\/\/historiografija.hr\/index.php?rest_route=\/wp\/v2\/posts"}],"about":[{"href":"https:\/\/historiografija.hr\/index.php?rest_route=\/wp\/v2\/types\/post"}],"author":[{"embeddable":true,"href":"https:\/\/historiografija.hr\/index.php?rest_route=\/wp\/v2\/users\/2"}],"replies":[{"embeddable":true,"href":"https:\/\/historiografija.hr\/index.php?rest_route=%2Fwp%2Fv2%2Fcomments&post=44378"}],"version-history":[{"count":1,"href":"https:\/\/historiografija.hr\/index.php?rest_route=\/wp\/v2\/posts\/44378\/revisions"}],"predecessor-version":[{"id":44379,"href":"https:\/\/historiografija.hr\/index.php?rest_route=\/wp\/v2\/posts\/44378\/revisions\/44379"}],"wp:featuredmedia":[{"embeddable":true,"href":"https:\/\/historiografija.hr\/index.php?rest_route=\/wp\/v2\/media\/42775"}],"wp:attachment":[{"href":"https:\/\/historiografija.hr\/index.php?rest_route=%2Fwp%2Fv2%2Fmedia&parent=44378"}],"wp:term":[{"taxonomy":"category","embeddable":true,"href":"https:\/\/historiografija.hr\/index.php?rest_route=%2Fwp%2Fv2%2Fcategories&post=44378"},{"taxonomy":"post_tag","embeddable":true,"href":"https:\/\/historiografija.hr\/index.php?rest_route=%2Fwp%2Fv2%2Ftags&post=44378"}],"curies":[{"name":"wp","href":"https:\/\/api.w.org\/{rel}","templated":true}]}}