{"id":44371,"date":"2025-01-17T20:39:55","date_gmt":"2025-01-17T20:39:55","guid":{"rendered":"https:\/\/historiografija.hr\/?p=44371"},"modified":"2025-01-17T20:40:46","modified_gmt":"2025-01-17T20:40:46","slug":"filozofski-teatar-nikolaj-schultz","status":"publish","type":"post","link":"https:\/\/historiografija.hr\/?p=44371","title":{"rendered":"Filozofski teatar: Nikolaj Schultz"},"content":{"rendered":"\n<p><strong>U nedjelju 19. sije\u010dnja u 19.30 sati<\/strong> u HNK-u Ivana pl. Zajca odr\u017eava se premijerno rije\u010dko izdanje <strong><a href=\"https:\/\/hnk-zajc.hr\/predstava\/filozofski-teatar-nikolaj-schultz\/\">Filozofskog teatra<\/a><\/strong> sa Sre\u0107kom Horvatom i njegovim prvim gostom, <strong>Nikolajem Schultzom<\/strong>. Ro\u0111en u Aarhusu 1990. godine, danski sociolog bio je blizak suradnik s \u010duvenim francuskim filozofom Brunom Latourom (1947. \u2013 2022.), s kojim je i napisao knjigu \u201eMemorandum o novoj ekolo\u0161koj klasi\u201c (na hrvatskom izdao AGM 2023.). Iste godine Schultz je objavio knjigu \u201eLand Sickness\u201c (2023.), hibridni tekst koji on naziva \u201eauto-entografikcijskim esejem\u201c o sociolo\u0161kim i egzistencijalnim pitanjima antropocena. U me\u0111uvremenu je postao jedan od za\u010detnika \u201enovog egzistencijalizma za doba antropocena\u201c i jedan od najva\u017enijih glasova nove generacije humanista.<\/p>\n\n\n\n<hr class=\"wp-block-separator has-alpha-channel-opacity\"\/>\n\n\n\n<p>Izvor i dodatne obavijesti:<\/p>\n\n\n\n<figure class=\"wp-block-embed is-type-wp-embed is-provider-hrvatsko-narodno-kazali-te-ivana-pl-zajca wp-block-embed-hrvatsko-narodno-kazali-te-ivana-pl-zajca\"><div class=\"wp-block-embed__wrapper\">\n<blockquote class=\"wp-embedded-content\" data-secret=\"qG8kX5zwKK\"><a href=\"https:\/\/hnk-zajc.hr\/nikolaj-schultz-antropocen-se-odvija-kao-kriza-senzibiliteta\/\">Nikolaj Schultz: &#8220;Antropocen se odvija kao kriza senzibiliteta&#8221;<\/a><\/blockquote><iframe loading=\"lazy\" class=\"wp-embedded-content\" sandbox=\"allow-scripts\" security=\"restricted\" style=\"position: absolute; visibility: hidden;\" title=\"&#8220;Nikolaj Schultz: &#8220;Antropocen se odvija kao kriza senzibiliteta&#8221;&#8221; &#8212; Hrvatsko narodno kazali\u0161te Ivana pl. Zajca\" src=\"https:\/\/hnk-zajc.hr\/nikolaj-schultz-antropocen-se-odvija-kao-kriza-senzibiliteta\/embed\/#?secret=HUntmuPG8N#?secret=qG8kX5zwKK\" data-secret=\"qG8kX5zwKK\" width=\"600\" height=\"338\" frameborder=\"0\" marginwidth=\"0\" marginheight=\"0\" scrolling=\"no\"><\/iframe>\n<\/div><\/figure>\n\n\n\n<figure class=\"wp-block-embed is-type-wp-embed is-provider-hrvatsko-sociolo-ko-dru-tvo wp-block-embed-hrvatsko-sociolo-ko-dru-tvo\"><div class=\"wp-block-embed__wrapper\">\n<blockquote class=\"wp-embedded-content\" data-secret=\"TWzh47Jk1z\"><a href=\"https:\/\/hsd.hr\/2025\/01\/10\/dugoocekivani-filozofski-teatar-stize-u-rijeku\/\">Dugoo\u010dekivani Filozofski teatar sti\u017ee u Rijeku!<\/a><\/blockquote><iframe loading=\"lazy\" class=\"wp-embedded-content\" sandbox=\"allow-scripts\" security=\"restricted\" style=\"position: absolute; visibility: hidden;\" title=\"&#8220;Dugoo\u010dekivani Filozofski teatar sti\u017ee u Rijeku!&#8221; &#8212; Hrvatsko sociolo\u0161ko dru\u0161tvo\" src=\"https:\/\/hsd.hr\/2025\/01\/10\/dugoocekivani-filozofski-teatar-stize-u-rijeku\/embed\/#?secret=HoWW77uZKx#?secret=TWzh47Jk1z\" data-secret=\"TWzh47Jk1z\" width=\"600\" height=\"338\" frameborder=\"0\" marginwidth=\"0\" marginheight=\"0\" scrolling=\"no\"><\/iframe>\n<\/div><\/figure>\n\n\n\n<hr class=\"wp-block-separator has-alpha-channel-opacity\"\/>\n","protected":false},"excerpt":{"rendered":"","protected":false},"author":2,"featured_media":44372,"comment_status":"open","ping_status":"open","sticky":false,"template":"","format":"standard","meta":{"_acf_changed":false,"jetpack_post_was_ever_published":false,"_jetpack_newsletter_access":"","_jetpack_dont_email_post_to_subs":false,"_jetpack_newsletter_tier_id":0,"_jetpack_memberships_contains_paywalled_content":false,"_jetpack_memberships_contains_paid_content":false,"footnotes":"","jetpack_publicize_message":"","jetpack_publicize_feature_enabled":true,"jetpack_social_post_already_shared":true,"jetpack_social_options":{"image_generator_settings":{"template":"highway","default_image_id":0,"font":"","enabled":false},"version":2}},"categories":[22,3],"tags":[],"class_list":["post-44371","post","type-post","status-publish","format-standard","has-post-thumbnail","hentry","category-kazalisne-predstave","category-novosti"],"acf":{"facebook_opis":""},"jetpack_publicize_connections":[],"jetpack_featured_media_url":"https:\/\/i0.wp.com\/historiografija.hr\/wp-content\/uploads\/2025\/01\/Filozofski_fakultet.png?fit=508%2C732&ssl=1","jetpack_sharing_enabled":true,"jetpack-related-posts":[],"_links":{"self":[{"href":"https:\/\/historiografija.hr\/index.php?rest_route=\/wp\/v2\/posts\/44371","targetHints":{"allow":["GET"]}}],"collection":[{"href":"https:\/\/historiografija.hr\/index.php?rest_route=\/wp\/v2\/posts"}],"about":[{"href":"https:\/\/historiografija.hr\/index.php?rest_route=\/wp\/v2\/types\/post"}],"author":[{"embeddable":true,"href":"https:\/\/historiografija.hr\/index.php?rest_route=\/wp\/v2\/users\/2"}],"replies":[{"embeddable":true,"href":"https:\/\/historiografija.hr\/index.php?rest_route=%2Fwp%2Fv2%2Fcomments&post=44371"}],"version-history":[{"count":2,"href":"https:\/\/historiografija.hr\/index.php?rest_route=\/wp\/v2\/posts\/44371\/revisions"}],"predecessor-version":[{"id":44374,"href":"https:\/\/historiografija.hr\/index.php?rest_route=\/wp\/v2\/posts\/44371\/revisions\/44374"}],"wp:featuredmedia":[{"embeddable":true,"href":"https:\/\/historiografija.hr\/index.php?rest_route=\/wp\/v2\/media\/44372"}],"wp:attachment":[{"href":"https:\/\/historiografija.hr\/index.php?rest_route=%2Fwp%2Fv2%2Fmedia&parent=44371"}],"wp:term":[{"taxonomy":"category","embeddable":true,"href":"https:\/\/historiografija.hr\/index.php?rest_route=%2Fwp%2Fv2%2Fcategories&post=44371"},{"taxonomy":"post_tag","embeddable":true,"href":"https:\/\/historiografija.hr\/index.php?rest_route=%2Fwp%2Fv2%2Ftags&post=44371"}],"curies":[{"name":"wp","href":"https:\/\/api.w.org\/{rel}","templated":true}]}}