{"id":44368,"date":"2025-01-17T11:28:16","date_gmt":"2025-01-17T11:28:16","guid":{"rendered":"https:\/\/historiografija.hr\/?p=44368"},"modified":"2025-01-17T11:28:16","modified_gmt":"2025-01-17T11:28:16","slug":"predstavljanje-knjige-valentine-otmacic-resisting-inter-ethnic-violence-community-approaches-to-conflict-transformation-in-croatia-and-bosnia-herzegovina-u-rijeci","status":"publish","type":"post","link":"https:\/\/historiografija.hr\/?p=44368","title":{"rendered":"Predstavljanje knjige Valentine Otma\u010di\u0107 \u201eResisting Inter-Ethnic Violence: Community Approaches to Conflict Transformation in Croatia and Bosnia-Herzegovina\u201c u Rijeci\u00a0\u00a0\u00a0\u00a0\u00a0\u00a0\u00a0"},"content":{"rendered":"\n<p>Predstavljanje knjige \u201eResisting Inter-Ethnic Violence: Community Approaches to Conflict Transformation in Croatia and Bosnia-Herzegovina\u201c autorice dr. sc. Valentine Otma\u010di\u0107, bit \u0107e odr\u017eano u petak, 17. sije\u010dnja u 17 sati u Gradskoj knji\u017enici Rijeka.<\/p>\n\n\n\n<p>Knjiga \u201eOtpor me\u0111uetni\u010dkom nasilju: pristupi transformaciji sukoba unutar lokalnih zajednica u Hrvatskoj te Bosni i Hercegovini\u201c analizira iskustva multietni\u010dkih zajednica Gorskog kotara (Hrvatska) i Tuzle (Bosna i Hercegovina), koje su tijekom ratova 1990-ih uspje\u0161no o\u010duvale lokalni mir.<\/p>\n\n\n\n<p>Sudjeluju:<\/p>\n\n\n\n<p>Nada Glad, umirovljena novinarka i autorica tekstova o goranskom miru<\/p>\n\n\n\n<p>Amela Hajvaz, biv\u0161a novinarka Studija FS-3 i Radija Tuzla<\/p>\n\n\n\n<p>Valentina Otma\u010di\u0107, autorica knjige<\/p>\n\n\n\n<p>Neboj\u0161a Zeli\u010d, moderator.<\/p>\n\n\n\n<hr class=\"wp-block-separator has-alpha-channel-opacity\"\/>\n\n\n\n<p>Izvori i dodatne obavijesti:<\/p>\n\n\n\n<figure class=\"wp-block-embed is-type-wp-embed is-provider-artkvart wp-block-embed-artkvart\"><div class=\"wp-block-embed__wrapper\">\n<blockquote class=\"wp-embedded-content\" data-secret=\"T8go0pFVJE\"><a href=\"https:\/\/artkvart.hr\/predstavljanje-knjige-resisting-inter-ethnic-violence-community-approaches-to-conflict-transformation-in-croatia-and-bosnia-herzegovina\/\">Predstavljanje knjige \u201eResisting Inter-Ethnic Violence: Community Approaches to Conflict Transformation in Croatia and Bosnia-Herzegovina\u201c<\/a><\/blockquote><iframe loading=\"lazy\" class=\"wp-embedded-content\" sandbox=\"allow-scripts\" security=\"restricted\" style=\"position: absolute; visibility: hidden;\" title=\"&#8220;Predstavljanje knjige \u201eResisting Inter-Ethnic Violence: Community Approaches to Conflict Transformation in Croatia and Bosnia-Herzegovina\u201c&#8221; &#8212; ArtKvart\" src=\"https:\/\/artkvart.hr\/predstavljanje-knjige-resisting-inter-ethnic-violence-community-approaches-to-conflict-transformation-in-croatia-and-bosnia-herzegovina\/embed\/#?secret=jYJ5UjV4RC#?secret=T8go0pFVJE\" data-secret=\"T8go0pFVJE\" width=\"600\" height=\"338\" frameborder=\"0\" marginwidth=\"0\" marginheight=\"0\" scrolling=\"no\"><\/iframe>\n<\/div><\/figure>\n\n\n\n<p><a href=\"https:\/\/www.routledge.com\/Resisting-Inter-Ethnic-Violence-Community-Approaches-to-Conflict-Transformation-in-Croatia-and-Bosnia-Herzegovina\/Otmacic\/p\/book\/9781032762807\">https:\/\/www.routledge.com\/Resisting-Inter-Ethnic-Violence-Community-Approaches-to-Conflict-Transformation-in-Croatia-and-Bosnia-Herzegovina\/Otmacic\/p\/book\/9781032762807<\/a><\/p>\n\n\n\n<p><a href=\"https:\/\/historiografija.ba\/knjige\/svijet\/otpor-medjuetnickom-nasilju-slucajevi-gorskog-kotara-i-tuzle\">https:\/\/historiografija.ba\/knjige\/svijet\/otpor-medjuetnickom-nasilju-slucajevi-gorskog-kotara-i-tuzle<\/a><\/p>\n\n\n\n<hr class=\"wp-block-separator has-alpha-channel-opacity\"\/>\n","protected":false},"excerpt":{"rendered":"","protected":false},"author":2,"featured_media":44369,"comment_status":"open","ping_status":"open","sticky":false,"template":"","format":"standard","meta":{"_acf_changed":false,"jetpack_post_was_ever_published":false,"_jetpack_newsletter_access":"","_jetpack_dont_email_post_to_subs":false,"_jetpack_newsletter_tier_id":0,"_jetpack_memberships_contains_paywalled_content":false,"_jetpack_memberships_contains_paid_content":false,"footnotes":"","jetpack_publicize_message":"","jetpack_publicize_feature_enabled":true,"jetpack_social_post_already_shared":true,"jetpack_social_options":{"image_generator_settings":{"template":"highway","default_image_id":0,"font":"","enabled":false},"version":2}},"categories":[3],"tags":[],"class_list":["post-44368","post","type-post","status-publish","format-standard","has-post-thumbnail","hentry","category-novosti"],"acf":{"facebook_opis":""},"jetpack_publicize_connections":[],"jetpack_featured_media_url":"https:\/\/i0.wp.com\/historiografija.hr\/wp-content\/uploads\/2025\/01\/Valentica_Otmacic.jpg?fit=450%2C669&ssl=1","jetpack_sharing_enabled":true,"jetpack-related-posts":[],"_links":{"self":[{"href":"https:\/\/historiografija.hr\/index.php?rest_route=\/wp\/v2\/posts\/44368","targetHints":{"allow":["GET"]}}],"collection":[{"href":"https:\/\/historiografija.hr\/index.php?rest_route=\/wp\/v2\/posts"}],"about":[{"href":"https:\/\/historiografija.hr\/index.php?rest_route=\/wp\/v2\/types\/post"}],"author":[{"embeddable":true,"href":"https:\/\/historiografija.hr\/index.php?rest_route=\/wp\/v2\/users\/2"}],"replies":[{"embeddable":true,"href":"https:\/\/historiografija.hr\/index.php?rest_route=%2Fwp%2Fv2%2Fcomments&post=44368"}],"version-history":[{"count":1,"href":"https:\/\/historiografija.hr\/index.php?rest_route=\/wp\/v2\/posts\/44368\/revisions"}],"predecessor-version":[{"id":44370,"href":"https:\/\/historiografija.hr\/index.php?rest_route=\/wp\/v2\/posts\/44368\/revisions\/44370"}],"wp:featuredmedia":[{"embeddable":true,"href":"https:\/\/historiografija.hr\/index.php?rest_route=\/wp\/v2\/media\/44369"}],"wp:attachment":[{"href":"https:\/\/historiografija.hr\/index.php?rest_route=%2Fwp%2Fv2%2Fmedia&parent=44368"}],"wp:term":[{"taxonomy":"category","embeddable":true,"href":"https:\/\/historiografija.hr\/index.php?rest_route=%2Fwp%2Fv2%2Fcategories&post=44368"},{"taxonomy":"post_tag","embeddable":true,"href":"https:\/\/historiografija.hr\/index.php?rest_route=%2Fwp%2Fv2%2Ftags&post=44368"}],"curies":[{"name":"wp","href":"https:\/\/api.w.org\/{rel}","templated":true}]}}