{"id":44362,"date":"2025-01-16T21:33:04","date_gmt":"2025-01-16T21:33:04","guid":{"rendered":"https:\/\/historiografija.hr\/?p=44362"},"modified":"2025-01-16T21:33:04","modified_gmt":"2025-01-16T21:33:04","slug":"izlozba-prozor-u-svijet-belgijskoga-stripa","status":"publish","type":"post","link":"https:\/\/historiografija.hr\/?p=44362","title":{"rendered":"Izlo\u017eba \u201dProzor u svijet belgijskoga stripa\u201d"},"content":{"rendered":"\n<p>Izlo\u017eba inicijalno realizirana od strane Muzeja stripa u Bruxellesu, a uz potporu Veleposlanstva Kraljevine Belgije u Republici Hrvatskoj <strong>Prozor u svijet belgijskoga stripa<\/strong> odr\u017eava se u auli Knji\u017enice Filozofskoga fakulteta Sveu\u010dili\u0161ta u Zagrebu od 13. do 24. sije\u010dnja 2025.<\/p>\n\n\n\n<p>Ova putuju\u0107a izlo\u017eba nudi uvid u razli\u010dite \u017eanrove i stilove stripa, umjetnosti koja predstavlja pravu <em>instituciju<\/em> u Belgiji, zemlji koju neki zovu i <em>kraljevstvom stripa<\/em>. Kroz vi\u0161e od pedeset izlo\u017eaka posjetitelji \u0107e <em>putovati<\/em> \u017eivopisnim svijetom belgijskoga stripa i prepoznati neke od planetarno popularnih strip-junaka poput Tintina i \u0160trumpfova.<\/p>\n\n\n\n<p>Kao popratni program uz izlo\u017ebu prof. dr. sc. Frano Dulibi\u0107 s Odsjeka za povijest umjetnosti Filozofskoga fakulteta Sveu\u010dili\u0161ta u Zagrebu odr\u017eat \u0107e predavanje pod nazivom <strong>Fenomen belgijskog stripa<\/strong> u kojemu \u0107e biti rije\u010di o fenomenu belgijskoga stripa, njegovoj povijesti i klju\u010dnim protagonistima te ulozi i va\u017enosti u internacionalnom kontekstu. Predavanje \u0107e se odr\u017eati u petak 17. sije\u010dnja 2025. na Filozofskom fakultetu u dvorani D7 s po\u010detkom u 12 sati.<\/p>\n\n\n\n<p>Odr\u017eavanje izlo\u017ebe pomogli su i Wallonie-Bruxelles International i belgijski Callebaut, vode\u0107i svjetski proizvo\u0111a\u010d \u010duvene belgijske visokokvalitetne \u010dokolade.<\/p>\n\n\n\n<hr class=\"wp-block-separator has-alpha-channel-opacity\"\/>\n\n\n\n<p>Izvor:<\/p>\n\n\n\n<figure class=\"wp-block-embed is-type-wp-embed is-provider-filozofski-fakultet-sveu-ili-ta-u-zagrebu wp-block-embed-filozofski-fakultet-sveu-ili-ta-u-zagrebu\"><div class=\"wp-block-embed__wrapper\">\n<blockquote class=\"wp-embedded-content\" data-secret=\"a3GzpZvK0m\"><a href=\"https:\/\/web2020.ffzg.unizg.hr\/blog\/2025\/01\/10\/poziv-na-izlozbu-prozor-u-svijet-belgijskoga-stripa-i-predavanje-prof-dr-sc-frane-dulibica-o-belgijskom-stripu\/\">Poziv na izlo\u017ebu &#8221;Prozor u svijet belgijskoga stripa&#8221; i predavanje prof. dr. sc. Frane Dulibi\u0107a o belgijskom stripu<\/a><\/blockquote><iframe loading=\"lazy\" class=\"wp-embedded-content\" sandbox=\"allow-scripts\" security=\"restricted\" style=\"position: absolute; visibility: hidden;\" title=\"&#8220;Poziv na izlo\u017ebu &#8221;Prozor u svijet belgijskoga stripa&#8221; i predavanje prof. dr. sc. Frane Dulibi\u0107a o belgijskom stripu&#8221; &#8212; Filozofski fakultet Sveu\u010dili\u0161ta u Zagrebu\" src=\"https:\/\/web2020.ffzg.unizg.hr\/blog\/2025\/01\/10\/poziv-na-izlozbu-prozor-u-svijet-belgijskoga-stripa-i-predavanje-prof-dr-sc-frane-dulibica-o-belgijskom-stripu\/embed\/#?secret=a3GzpZvK0m\" data-secret=\"a3GzpZvK0m\" width=\"600\" height=\"338\" frameborder=\"0\" marginwidth=\"0\" marginheight=\"0\" scrolling=\"no\"><\/iframe>\n<\/div><\/figure>\n\n\n\n<hr class=\"wp-block-separator has-alpha-channel-opacity\"\/>\n","protected":false},"excerpt":{"rendered":"","protected":false},"author":2,"featured_media":44363,"comment_status":"open","ping_status":"open","sticky":false,"template":"","format":"standard","meta":{"_acf_changed":false,"jetpack_post_was_ever_published":false,"_jetpack_newsletter_access":"","_jetpack_dont_email_post_to_subs":false,"_jetpack_newsletter_tier_id":0,"_jetpack_memberships_contains_paywalled_content":false,"_jetpack_memberships_contains_paid_content":false,"footnotes":"","jetpack_publicize_message":"","jetpack_publicize_feature_enabled":true,"jetpack_social_post_already_shared":true,"jetpack_social_options":{"image_generator_settings":{"template":"highway","default_image_id":0,"font":"","enabled":false},"version":2}},"categories":[10,3],"tags":[],"class_list":["post-44362","post","type-post","status-publish","format-standard","has-post-thumbnail","hentry","category-izlozbe","category-novosti"],"acf":{"facebook_opis":""},"jetpack_publicize_connections":[],"jetpack_featured_media_url":"https:\/\/i0.wp.com\/historiografija.hr\/wp-content\/uploads\/2025\/01\/Belgijski-strip.png?fit=529%2C755&ssl=1","jetpack_sharing_enabled":true,"jetpack-related-posts":[],"_links":{"self":[{"href":"https:\/\/historiografija.hr\/index.php?rest_route=\/wp\/v2\/posts\/44362","targetHints":{"allow":["GET"]}}],"collection":[{"href":"https:\/\/historiografija.hr\/index.php?rest_route=\/wp\/v2\/posts"}],"about":[{"href":"https:\/\/historiografija.hr\/index.php?rest_route=\/wp\/v2\/types\/post"}],"author":[{"embeddable":true,"href":"https:\/\/historiografija.hr\/index.php?rest_route=\/wp\/v2\/users\/2"}],"replies":[{"embeddable":true,"href":"https:\/\/historiografija.hr\/index.php?rest_route=%2Fwp%2Fv2%2Fcomments&post=44362"}],"version-history":[{"count":1,"href":"https:\/\/historiografija.hr\/index.php?rest_route=\/wp\/v2\/posts\/44362\/revisions"}],"predecessor-version":[{"id":44364,"href":"https:\/\/historiografija.hr\/index.php?rest_route=\/wp\/v2\/posts\/44362\/revisions\/44364"}],"wp:featuredmedia":[{"embeddable":true,"href":"https:\/\/historiografija.hr\/index.php?rest_route=\/wp\/v2\/media\/44363"}],"wp:attachment":[{"href":"https:\/\/historiografija.hr\/index.php?rest_route=%2Fwp%2Fv2%2Fmedia&parent=44362"}],"wp:term":[{"taxonomy":"category","embeddable":true,"href":"https:\/\/historiografija.hr\/index.php?rest_route=%2Fwp%2Fv2%2Fcategories&post=44362"},{"taxonomy":"post_tag","embeddable":true,"href":"https:\/\/historiografija.hr\/index.php?rest_route=%2Fwp%2Fv2%2Ftags&post=44362"}],"curies":[{"name":"wp","href":"https:\/\/api.w.org\/{rel}","templated":true}]}}