{"id":44358,"date":"2025-01-16T21:19:18","date_gmt":"2025-01-16T21:19:18","guid":{"rendered":"https:\/\/historiografija.hr\/?p=44358"},"modified":"2025-01-16T21:20:00","modified_gmt":"2025-01-16T21:20:00","slug":"dolazimo-u-miru-rad-sa-ratnim-veteranima-na-izgradnji-mira","status":"publish","type":"post","link":"https:\/\/historiografija.hr\/?p=44358","title":{"rendered":"\u201eDolazimo u miru: Rad sa ratnim veteranima na izgradnji mira\u201c"},"content":{"rendered":"\n<p>Centar za nenasilnu akciju, uredi iz Sarajeva i Beograda, objavili su knjigu<em> Dolazimo u miru: Rad sa ratnim veteranima na izgradnji mira <\/em>(uredile Ivana Franovi\u0107, Davorka Turk i Martina Fischer).<\/p>\n\n\n\n<p>Kako su naveli na svojoj stranici, \u201eKnjiga se sastoji iz dvije cjeline: jedna se fokusira na potencijal ratnih veterana za izgradnju mira i iskustva koja smo sakupili, druga govori o ljudima koji \u010dine taj rad mogu\u0107im. Tekstove u njoj potpisuju Amer Deli\u0107, Ivana Franovi\u0107, Ned\u017ead Novali\u0107 i Nenad Vukosavljevi\u0107\u201c.<\/p>\n\n\n\n<p>U knjizi se pokazuje kako ratni veterani sada doprinose pomirenju. Pokazano je kako je Centar za nenasilnu akciju (osnovan 1997) po\u010deo okupljati ratne veterane, organizirati tribine, potom posjete raznim udru\u017eenjima veterana koji su u ratu pripadali sukobljenim vojskama, razne ideje za pomirenje (do ideja o gra\u0111enju zajedni\u010dkih spomenika). U knjizi se predstavljaju razna iskustva boraca (u ratu i poslije rata), u\u010de\u0161\u0107e u antiratnim i mirovnim aktivnostima poslije rata, ukazuje na reakcije sredine na takvo njihovo djelovanje (\u201eBorac pa graditelj mira &#8211; \u0161ta \u010dar\u0161ija ka\u017ee?\u201c). Drugi dio knjige je posve\u0107en raznim bora\u010dkim udru\u017eenjima, te pojedincima veteranima koji sada sudjeluju u izgradnju mira. Doista, ako ratni veterani, koji su u ratu pucali jedni na druge, sada grade mir \u2013 zar to nije dovoljno da se po\u0161alje jasna poruka o besmislu bilo kojeg rata? Je li to dovoljno da se mlade generacije umjesto priprema za rat \u2013 pripremaju za mir i saradnju?<\/p>\n\n\n\n<p>Martina Fisher u predgovoru knjige je napisala:<\/p>\n\n\n\n<p><em>\u201eDolazimo u miru\u201c, ovu frazu u pri\u010dama nau\u010dne fantastike \u010desto izgovaraju vanzemaljci pri prvom susretu sa stanovnicima neke planete, kako bi im stavili do znanja da dolaze s prijateljskim namjerama. \u201eDo\u0161li smo u miru za cijelo \u010dovje\u010danstvo\u201c, glasi natpis na lunarnoj plaketi dizajniranoj za Apollo 11, namijenjenoj za postavljanje na povr\u0161ini Mjeseca. U na\u0161em slu\u010daju naslov se odnosi na drugu vrstu pionira \u2013 pionira u velikoj meri prizemljenih. Ova knjiga odra\u017eava sna\u017ean anga\u017eman biv\u0161ih boraca sa Zapadnog Balkana koji su odlu\u010dili da stupe u kontakt s biv\u0161im ratnim neprijateljima. U prvom koraku su razmjenjivali iskustva i gradili odnose. U drugom su javno progovorili o svojim osje\u0107anjima i zapo\u010deli anga\u017eman u korist kulture sje\u0107anja koja po\u0161tuje bol i gubitke na razli\u010ditim stranama. Bilo je potrebno mnogo hrabrosti da se u\u0111e u razgovor s ljudima koji su se borili na drugoj strani. Korak po korak, grupa veterana preobra\u017eena je u mirovne aktiviste koji su pomogli da se izgradi \u0161ira mre\u017ea ljudi sli\u010dnih stavova, koji progovaraju, obra\u0107aju se javnosti ili u\u010destvuju u mirovnom obrazovanju.<\/em><\/p>\n\n\n\n<p>Knjiga je dostupna u PDF formatu na <a href=\"https:\/\/nenasilje.org\/publikacije\/pdf\/Dolazimo_u_miru\/Dolazimo%20u%20miru_Rad%20sa%20ratnim%20veteranima%20na%20izgradnji%20mira.pdf\">ovom linku<\/a><\/p>\n\n\n\n<p>Izvor: <a href=\"https:\/\/nenasilje.org\/nova-knjiga-dolazimo-u-miru-rad-sa-ratnim-veteranima-na-izgradnji-mira\/\">CNA<\/a>.&nbsp;<\/p>\n\n\n\n<hr class=\"wp-block-separator has-alpha-channel-opacity\"\/>\n\n\n\n<p>Preneseno s portala <strong>Historiografija.ba<\/strong>:<\/p>\n\n\n\n<p><a href=\"https:\/\/historiografija.ba\/knjige\/bosna-i-hercegovina\/kako-ratni-veterani-postaju-zagovornici-mira\">https:\/\/historiografija.ba\/knjige\/bosna-i-hercegovina\/kako-ratni-veterani-postaju-zagovornici-mira<\/a><\/p>\n\n\n\n<hr class=\"wp-block-separator has-alpha-channel-opacity\"\/>\n","protected":false},"excerpt":{"rendered":"","protected":false},"author":2,"featured_media":44359,"comment_status":"open","ping_status":"open","sticky":false,"template":"","format":"standard","meta":{"_acf_changed":false,"jetpack_post_was_ever_published":false,"_jetpack_newsletter_access":"","_jetpack_dont_email_post_to_subs":false,"_jetpack_newsletter_tier_id":0,"_jetpack_memberships_contains_paywalled_content":false,"_jetpack_memberships_contains_paid_content":false,"footnotes":"","jetpack_publicize_message":"","jetpack_publicize_feature_enabled":true,"jetpack_social_post_already_shared":true,"jetpack_social_options":{"image_generator_settings":{"template":"highway","default_image_id":0,"font":"","enabled":false},"version":2}},"categories":[19,8,3],"tags":[],"class_list":["post-44358","post","type-post","status-publish","format-standard","has-post-thumbnail","hentry","category-e-knjige","category-knjige","category-novosti"],"acf":{"facebook_opis":""},"jetpack_publicize_connections":[],"jetpack_featured_media_url":"https:\/\/i0.wp.com\/historiografija.hr\/wp-content\/uploads\/2025\/01\/dolazimo-u-miru.jpg?fit=450%2C561&ssl=1","jetpack_sharing_enabled":true,"jetpack-related-posts":[],"_links":{"self":[{"href":"https:\/\/historiografija.hr\/index.php?rest_route=\/wp\/v2\/posts\/44358","targetHints":{"allow":["GET"]}}],"collection":[{"href":"https:\/\/historiografija.hr\/index.php?rest_route=\/wp\/v2\/posts"}],"about":[{"href":"https:\/\/historiografija.hr\/index.php?rest_route=\/wp\/v2\/types\/post"}],"author":[{"embeddable":true,"href":"https:\/\/historiografija.hr\/index.php?rest_route=\/wp\/v2\/users\/2"}],"replies":[{"embeddable":true,"href":"https:\/\/historiografija.hr\/index.php?rest_route=%2Fwp%2Fv2%2Fcomments&post=44358"}],"version-history":[{"count":2,"href":"https:\/\/historiografija.hr\/index.php?rest_route=\/wp\/v2\/posts\/44358\/revisions"}],"predecessor-version":[{"id":44361,"href":"https:\/\/historiografija.hr\/index.php?rest_route=\/wp\/v2\/posts\/44358\/revisions\/44361"}],"wp:featuredmedia":[{"embeddable":true,"href":"https:\/\/historiografija.hr\/index.php?rest_route=\/wp\/v2\/media\/44359"}],"wp:attachment":[{"href":"https:\/\/historiografija.hr\/index.php?rest_route=%2Fwp%2Fv2%2Fmedia&parent=44358"}],"wp:term":[{"taxonomy":"category","embeddable":true,"href":"https:\/\/historiografija.hr\/index.php?rest_route=%2Fwp%2Fv2%2Fcategories&post=44358"},{"taxonomy":"post_tag","embeddable":true,"href":"https:\/\/historiografija.hr\/index.php?rest_route=%2Fwp%2Fv2%2Ftags&post=44358"}],"curies":[{"name":"wp","href":"https:\/\/api.w.org\/{rel}","templated":true}]}}