{"id":44355,"date":"2025-01-16T21:13:01","date_gmt":"2025-01-16T21:13:01","guid":{"rendered":"https:\/\/historiografija.hr\/?p=44355"},"modified":"2025-01-16T21:13:01","modified_gmt":"2025-01-16T21:13:01","slug":"predstavljanje-knjige-miljenka-brekala-i-stjepana-adanica-varazdinska-kronika-domovinskog-rata-u-varazdinu","status":"publish","type":"post","link":"https:\/\/historiografija.hr\/?p=44355","title":{"rendered":"Predstavljanje knjige Miljenka Brekala i Stjepana Adani\u0107a \u201eVARA\u017dDINSKA KRONIKA DOMOVINSKOG RATA\u201c u Vara\u017edinu"},"content":{"rendered":"\n<p>Vara\u017edinska \u017eupanija u godini obilje\u017eavanja tridesetogodi\u0161njice oslobo\u0111enja Republike Hrvatske poziva na predstavljanje knjige VARA\u017dDINSKA KRONIKA DOMOVINSKOG RATA autora prof. dr. sc., dr. sc. Miljenka Brekala i mr. sc. Stjepana Adani\u0107a. Knjiga je objavljena u izdanju Ogranka Matice hrvatske Osijek i Instituta dru\u0161tvenih znanosti Ivo Pilar a predstavljanje \u0107e se odr\u017eati 17. sije\u010dnja 2025. u vije\u0107nici Vara\u017edinske \u017eupanije (Franjeva\u010dki trg 7) s po\u010detkom u 18 sati. \u2013 <a href=\"https:\/\/www.pilar.hr\/wp-content\/uploads\/2025\/01\/e-pozivnica.pdf\">Pozivnica<\/a> | <a href=\"https:\/\/www.pilar.hr\/wp-content\/uploads\/2025\/01\/poster.pdf\">Poster<\/a><\/p>\n\n\n\n<hr class=\"wp-block-separator has-alpha-channel-opacity\"\/>\n\n\n\n<p>Izvor:<\/p>\n\n\n\n<figure class=\"wp-block-embed is-type-wp-embed is-provider-institut-dru-tvenih-znanosti-ivo-pilar wp-block-embed-institut-dru-tvenih-znanosti-ivo-pilar\"><div class=\"wp-block-embed__wrapper\">\n<blockquote class=\"wp-embedded-content\" data-secret=\"OtpKT7piPH\"><a href=\"https:\/\/www.pilar.hr\/2025\/01\/predstavljanje-knjige-miljenka-brekala-i-stjepana-adanica-varazdinska-kronika-domovinskog-rata-varazdin-17-1-2025\/\">Predstavljanje knjige Miljenka Brekala i Stjepana Adani\u0107a VARA\u017dDINSKA KRONIKA DOMOVINSKOG RATA; Vara\u017edin, 17. 1. 2025.<\/a><\/blockquote><iframe loading=\"lazy\" class=\"wp-embedded-content\" sandbox=\"allow-scripts\" security=\"restricted\" style=\"position: absolute; visibility: hidden;\" title=\"&#8220;Predstavljanje knjige Miljenka Brekala i Stjepana Adani\u0107a VARA\u017dDINSKA KRONIKA DOMOVINSKOG RATA; Vara\u017edin, 17. 1. 2025.&#8221; &#8212; Institut dru\u0161tvenih znanosti Ivo Pilar\" src=\"https:\/\/www.pilar.hr\/2025\/01\/predstavljanje-knjige-miljenka-brekala-i-stjepana-adanica-varazdinska-kronika-domovinskog-rata-varazdin-17-1-2025\/embed\/#?secret=8o5MF5rrlX#?secret=OtpKT7piPH\" data-secret=\"OtpKT7piPH\" width=\"600\" height=\"338\" frameborder=\"0\" marginwidth=\"0\" marginheight=\"0\" scrolling=\"no\"><\/iframe>\n<\/div><\/figure>\n\n\n\n<hr class=\"wp-block-separator has-alpha-channel-opacity\"\/>\n","protected":false},"excerpt":{"rendered":"","protected":false},"author":2,"featured_media":44356,"comment_status":"open","ping_status":"open","sticky":false,"template":"","format":"standard","meta":{"_acf_changed":false,"jetpack_post_was_ever_published":false,"_jetpack_newsletter_access":"","_jetpack_dont_email_post_to_subs":false,"_jetpack_newsletter_tier_id":0,"_jetpack_memberships_contains_paywalled_content":false,"_jetpack_memberships_contains_paid_content":false,"footnotes":"","jetpack_publicize_message":"","jetpack_publicize_feature_enabled":true,"jetpack_social_post_already_shared":true,"jetpack_social_options":{"image_generator_settings":{"template":"highway","default_image_id":0,"font":"","enabled":false},"version":2}},"categories":[3],"tags":[],"class_list":["post-44355","post","type-post","status-publish","format-standard","has-post-thumbnail","hentry","category-novosti"],"acf":{"facebook_opis":""},"jetpack_publicize_connections":[],"jetpack_featured_media_url":"https:\/\/i0.wp.com\/historiografija.hr\/wp-content\/uploads\/2025\/01\/Varazdinska-kronika.jpg?fit=620%2C907&ssl=1","jetpack_sharing_enabled":true,"jetpack-related-posts":[],"_links":{"self":[{"href":"https:\/\/historiografija.hr\/index.php?rest_route=\/wp\/v2\/posts\/44355","targetHints":{"allow":["GET"]}}],"collection":[{"href":"https:\/\/historiografija.hr\/index.php?rest_route=\/wp\/v2\/posts"}],"about":[{"href":"https:\/\/historiografija.hr\/index.php?rest_route=\/wp\/v2\/types\/post"}],"author":[{"embeddable":true,"href":"https:\/\/historiografija.hr\/index.php?rest_route=\/wp\/v2\/users\/2"}],"replies":[{"embeddable":true,"href":"https:\/\/historiografija.hr\/index.php?rest_route=%2Fwp%2Fv2%2Fcomments&post=44355"}],"version-history":[{"count":1,"href":"https:\/\/historiografija.hr\/index.php?rest_route=\/wp\/v2\/posts\/44355\/revisions"}],"predecessor-version":[{"id":44357,"href":"https:\/\/historiografija.hr\/index.php?rest_route=\/wp\/v2\/posts\/44355\/revisions\/44357"}],"wp:featuredmedia":[{"embeddable":true,"href":"https:\/\/historiografija.hr\/index.php?rest_route=\/wp\/v2\/media\/44356"}],"wp:attachment":[{"href":"https:\/\/historiografija.hr\/index.php?rest_route=%2Fwp%2Fv2%2Fmedia&parent=44355"}],"wp:term":[{"taxonomy":"category","embeddable":true,"href":"https:\/\/historiografija.hr\/index.php?rest_route=%2Fwp%2Fv2%2Fcategories&post=44355"},{"taxonomy":"post_tag","embeddable":true,"href":"https:\/\/historiografija.hr\/index.php?rest_route=%2Fwp%2Fv2%2Ftags&post=44355"}],"curies":[{"name":"wp","href":"https:\/\/api.w.org\/{rel}","templated":true}]}}