{"id":44349,"date":"2025-01-16T20:56:10","date_gmt":"2025-01-16T20:56:10","guid":{"rendered":"https:\/\/historiografija.hr\/?p=44349"},"modified":"2025-01-22T19:35:16","modified_gmt":"2025-01-22T19:35:16","slug":"izlozba-objektiv-ndh-opasni-i-nepocudni-po-javni-red-i-sigurnost-u-rijeci","status":"publish","type":"post","link":"https:\/\/historiografija.hr\/?p=44349","title":{"rendered":"Izlo\u017eba \u201eObjektiv NDH: opasni i nepo\u0107udni po javni red i sigurnost\u201c u Rijeci"},"content":{"rendered":"\n<p>U petak, 17. sije\u010dnja 2025. u 18 sati, u prizemlju Muzeja moderne i suvremene umjetnosti u Rijeci otvara se izlo\u017eba <em>Objektiv NDH: opasni i nepo\u0107udni po javni red i sigurnost<\/em>, autora \u0110or\u0111a Mihovilovi\u0107a i Anete Vladimirov u organizaciji <strong>Javne ustanove Spomen-podru\u010dja Jasenovac i Srpskog narodnog vije\u0107a<\/strong>.<\/p>\n\n\n\n<p>Rije\u010d je policijskim kartonima uhap\u0161enih \u010dije je zato\u010deni\u0161tvo po\u010dinjalo poni\u017eavanjem, fotografiranjem i policijskim ispitivanjem te na kraju zavr\u0161avalo konclogorom Jasenovac. U nemalom broju radi se o osobama hrvatske nacionalnosti budu\u0107i da su \u017ertve rasnih zakona, \u017didovi i Romi, u logorske kapacitete NDH dospijevale deportacijama. Izlo\u017eba koristi policijski karton kao arhivsko sredstvo u\u010denja i sje\u0107anja. Podaci iz kartona omogu\u0107uju susret s ljudskim licima, rekonstruiranje dijelova njihovih \u017eivota i neprestane agonije i straha. Neka lica su zahvaljuju\u0107i svojem politi\u010dkom radu i antifa\u0161isti\u010dkoj borbi ve\u0107 poznata historiografiji. No, ova izlo\u017eba komemorira i one koji su vjerojatno do sada ostajali isklju\u010divo u sje\u0107anjima svojih bli\u017enjih i svojih neposrednih zajednica.<\/p>\n\n\n\n<p>Rije\u010dka premijera izlo\u017ebe \u201eObjektiv NDH\u201c donosi uvid u policijske kartone osoba uhap\u0161enih u Zagrebu, ali ro\u0111enih na podru\u010dju Primorsko-goranske \u017eupanije. Njihove sudbine, kao i sudbine mnogih nedu\u017enih ljudi, <strong>mogu\u0107e je pogledati sve do 27. sije\u010dnja kada se obilje\u017eava Me\u0111unarodni dan sje\u0107anja na \u017ertve holokausta<\/strong>.<\/p>\n\n\n\n<p>Ulaz na izlo\u017ebu je besplatan.<\/p>\n\n\n\n<p>Izlo\u017ebu je podr\u017eao Ured za ljudska prava i prava nacionalnih manjina i Ministarstvo kulture i medija RH.<\/p>\n\n\n\n<hr class=\"wp-block-separator has-alpha-channel-opacity\"\/>\n\n\n\n<p>Izvor:<\/p>\n\n\n\n<figure class=\"wp-block-embed is-type-wp-embed is-provider-muzej-moderne-i-suvremene-umjetnosti wp-block-embed-muzej-moderne-i-suvremene-umjetnosti\"><div class=\"wp-block-embed__wrapper\">\n<blockquote class=\"wp-embedded-content\" data-secret=\"WXLFBklvgb\"><a href=\"https:\/\/mmsu.hr\/dogadaji\/objektiv-ndh-opasni-i-nepocudni-po-javni-red-i-sigurnost\/\">Objektiv NDH: opasni i nepo\u0107udni po javni red i sigurnost<\/a><\/blockquote><iframe loading=\"lazy\" class=\"wp-embedded-content\" sandbox=\"allow-scripts\" security=\"restricted\" style=\"position: absolute; visibility: hidden;\" title=\"&#8220;Objektiv NDH: opasni i nepo\u0107udni po javni red i sigurnost&#8221; &#8212; Muzej moderne i suvremene umjetnosti\" src=\"https:\/\/mmsu.hr\/dogadaji\/objektiv-ndh-opasni-i-nepocudni-po-javni-red-i-sigurnost\/embed\/#?secret=FwjkOE3FVD#?secret=WXLFBklvgb\" data-secret=\"WXLFBklvgb\" width=\"600\" height=\"338\" frameborder=\"0\" marginwidth=\"0\" marginheight=\"0\" scrolling=\"no\"><\/iframe>\n<\/div><\/figure>\n\n\n\n<hr class=\"wp-block-separator has-alpha-channel-opacity\"\/>\n\n\n\n<p>Dodatne obavijesti:<\/p>\n\n\n\n<p><a href=\"https:\/\/radio.hrt.hr\/radio-rijeka\/vijesti\/rijecka-premijera-izlozbe-objektiv-ndh-11963283\">https:\/\/radio.hrt.hr\/radio-rijeka\/vijesti\/rijecka-premijera-izlozbe-objektiv-ndh-11963283<\/a><\/p>\n\n\n\n<p><a href=\"https:\/\/www.jutarnji.hr\/kultura\/art\/opasni-i-nepocudni-u-ndh-bavimo-se-kartonima-onih-cije-je-zatocenistvo-pocinjalo-fotografiranjem-a-slijedila-su-ponizavanja-i-mucenja-15542987\">https:\/\/www.jutarnji.hr\/kultura\/art\/opasni-i-nepocudni-u-ndh-bavimo-se-kartonima-onih-cije-je-zatocenistvo-pocinjalo-fotografiranjem-a-slijedila-su-ponizavanja-i-mucenja-15542987<\/a><\/p>\n\n\n\n<p><a href=\"https:\/\/h-alter.org\/sto-nas-ceka\/izlozba-objektiv-ndh-opasni-i-nepocudni-po-javni-red-i-sigurnost-u-mmsu-rijeka\">https:\/\/h-alter.org\/sto-nas-ceka\/izlozba-objektiv-ndh-opasni-i-nepocudni-po-javni-red-i-sigurnost-u-mmsu-rijeka<\/a><\/p>\n\n\n\n<figure class=\"wp-block-embed is-type-wp-embed is-provider-artkvart wp-block-embed-artkvart\"><div class=\"wp-block-embed__wrapper\">\n<blockquote class=\"wp-embedded-content\" data-secret=\"faaE4NK34k\"><a href=\"https:\/\/artkvart.hr\/izlozba-objektiv-ndh-opasni-i-nepocudni-po-javni-red-i-sigurnost\/\">Izlo\u017eba \u201eObjektiv NDH: opasni i nepo\u0107udni po javni red i sigurnost\u201c<\/a><\/blockquote><iframe loading=\"lazy\" class=\"wp-embedded-content\" sandbox=\"allow-scripts\" security=\"restricted\" style=\"position: absolute; visibility: hidden;\" title=\"&#8220;Izlo\u017eba \u201eObjektiv NDH: opasni i nepo\u0107udni po javni red i sigurnost\u201c&#8221; &#8212; ArtKvart\" src=\"https:\/\/artkvart.hr\/izlozba-objektiv-ndh-opasni-i-nepocudni-po-javni-red-i-sigurnost\/embed\/#?secret=mhEWeBIbtP#?secret=faaE4NK34k\" data-secret=\"faaE4NK34k\" width=\"600\" height=\"338\" frameborder=\"0\" marginwidth=\"0\" marginheight=\"0\" scrolling=\"no\"><\/iframe>\n<\/div><\/figure>\n\n\n\n<hr class=\"wp-block-separator has-alpha-channel-opacity\"\/>\n\n\n\n<p><a href=\"https:\/\/www.portalnovosti.com\/izlozba-objektiv-ndh-otvorena-i-u-rijeci\">https:\/\/www.portalnovosti.com\/izlozba-objektiv-ndh-otvorena-i-u-rijeci<\/a><\/p>\n\n\n\n<hr class=\"wp-block-separator has-alpha-channel-opacity\"\/>\n","protected":false},"excerpt":{"rendered":"","protected":false},"author":2,"featured_media":44350,"comment_status":"open","ping_status":"open","sticky":false,"template":"","format":"standard","meta":{"_acf_changed":false,"jetpack_post_was_ever_published":false,"_jetpack_newsletter_access":"","_jetpack_dont_email_post_to_subs":false,"_jetpack_newsletter_tier_id":0,"_jetpack_memberships_contains_paywalled_content":false,"_jetpack_memberships_contains_paid_content":false,"footnotes":"","jetpack_publicize_message":"","jetpack_publicize_feature_enabled":true,"jetpack_social_post_already_shared":true,"jetpack_social_options":{"image_generator_settings":{"template":"highway","default_image_id":0,"font":"","enabled":false},"version":2}},"categories":[10,3],"tags":[],"class_list":["post-44349","post","type-post","status-publish","format-standard","has-post-thumbnail","hentry","category-izlozbe","category-novosti"],"acf":{"facebook_opis":""},"jetpack_publicize_connections":[],"jetpack_featured_media_url":"https:\/\/i0.wp.com\/historiografija.hr\/wp-content\/uploads\/2025\/01\/Objektiv-NDH.jpg?fit=1024%2C569&ssl=1","jetpack_sharing_enabled":true,"jetpack-related-posts":[],"_links":{"self":[{"href":"https:\/\/historiografija.hr\/index.php?rest_route=\/wp\/v2\/posts\/44349","targetHints":{"allow":["GET"]}}],"collection":[{"href":"https:\/\/historiografija.hr\/index.php?rest_route=\/wp\/v2\/posts"}],"about":[{"href":"https:\/\/historiografija.hr\/index.php?rest_route=\/wp\/v2\/types\/post"}],"author":[{"embeddable":true,"href":"https:\/\/historiografija.hr\/index.php?rest_route=\/wp\/v2\/users\/2"}],"replies":[{"embeddable":true,"href":"https:\/\/historiografija.hr\/index.php?rest_route=%2Fwp%2Fv2%2Fcomments&post=44349"}],"version-history":[{"count":2,"href":"https:\/\/historiografija.hr\/index.php?rest_route=\/wp\/v2\/posts\/44349\/revisions"}],"predecessor-version":[{"id":44496,"href":"https:\/\/historiografija.hr\/index.php?rest_route=\/wp\/v2\/posts\/44349\/revisions\/44496"}],"wp:featuredmedia":[{"embeddable":true,"href":"https:\/\/historiografija.hr\/index.php?rest_route=\/wp\/v2\/media\/44350"}],"wp:attachment":[{"href":"https:\/\/historiografija.hr\/index.php?rest_route=%2Fwp%2Fv2%2Fmedia&parent=44349"}],"wp:term":[{"taxonomy":"category","embeddable":true,"href":"https:\/\/historiografija.hr\/index.php?rest_route=%2Fwp%2Fv2%2Fcategories&post=44349"},{"taxonomy":"post_tag","embeddable":true,"href":"https:\/\/historiografija.hr\/index.php?rest_route=%2Fwp%2Fv2%2Ftags&post=44349"}],"curies":[{"name":"wp","href":"https:\/\/api.w.org\/{rel}","templated":true}]}}