{"id":44343,"date":"2025-01-16T20:23:49","date_gmt":"2025-01-16T20:23:49","guid":{"rendered":"https:\/\/historiografija.hr\/?p=44343"},"modified":"2025-01-16T20:23:49","modified_gmt":"2025-01-16T20:23:49","slug":"predstavljanje-knjige-visnje-burek-politicka-kultura-varazdinskih-gradana-na-pocetku-ranog-novog-vijeka","status":"publish","type":"post","link":"https:\/\/historiografija.hr\/?p=44343","title":{"rendered":"Predstavljanje knjige Vi\u0161nje Burek \u201ePoliti\u010dka kultura vara\u017edinskih gra\u0111ana na po\u010detku ranog novog vijeka\u201c"},"content":{"rendered":"\n<p>Hrvatska akademija znanosti i umjetnosti Zavod za znanstveni rad u Vara\u017edinu i Gradska knji\u017enica i \u010ditaonica \u201dMetel O\u017eegovi\u0107\u201d Vara\u017edin&nbsp; organiziraju predstavljanje knjige POLITI\u010cKA KULTURA VARA\u017dDINSKIH GRA\u0110ANA NA PO\u010cETKU RANOG NOVOG VIJEKA autorice Vi\u0161nje Burek, prof.<\/p>\n\n\n\n<p>Knjigu \u0107e predstaviti: prof. dr. sc. Hrvoje Petri\u0107, dr. sc. Vladimir Huzjan, Spomenka Te\u017eak, prof. i autorica.<\/p>\n\n\n\n<p>Predstavljanje \u0107e se odr\u017eati u \u010detvrtak, 16. sije\u010dnja 2025. u 18 sati u Gradskoj knji\u017enici i \u010ditaonici \u201dMetel O\u017eegovi\u0107\u201d Vara\u017edin, Franjeva\u010dki trg 4.<\/p>\n\n\n\n<hr class=\"wp-block-separator has-alpha-channel-opacity\"\/>\n\n\n\n<p>Izvor:<\/p>\n\n\n\n<figure class=\"wp-block-embed is-type-wp-embed is-provider-hazu wp-block-embed-hazu\"><div class=\"wp-block-embed__wrapper\">\n<blockquote class=\"wp-embedded-content\" data-secret=\"Zv7sEaRrc1\"><a href=\"https:\/\/www.info.hazu.hr\/events\/politicka-kultura-varazdinskih-gradana-na-pocetku-ranog-novog-vijeka\/\">POLITI\u010cKA KULTURA VARA\u017dDINSKIH GRA\u0110ANA NA PO\u010cETKU RANOG NOVOG VIJEKA<\/a><\/blockquote><iframe loading=\"lazy\" class=\"wp-embedded-content\" sandbox=\"allow-scripts\" security=\"restricted\" style=\"position: absolute; visibility: hidden;\" title=\"&#8220;POLITI\u010cKA KULTURA VARA\u017dDINSKIH GRA\u0110ANA NA PO\u010cETKU RANOG NOVOG VIJEKA&#8221; &#8212; HAZU\" src=\"https:\/\/www.info.hazu.hr\/events\/politicka-kultura-varazdinskih-gradana-na-pocetku-ranog-novog-vijeka\/embed\/#?secret=Zv7sEaRrc1\" data-secret=\"Zv7sEaRrc1\" width=\"600\" height=\"338\" frameborder=\"0\" marginwidth=\"0\" marginheight=\"0\" scrolling=\"no\"><\/iframe>\n<\/div><\/figure>\n\n\n\n<hr class=\"wp-block-separator has-alpha-channel-opacity\"\/>\n","protected":false},"excerpt":{"rendered":"","protected":false},"author":2,"featured_media":44344,"comment_status":"open","ping_status":"open","sticky":false,"template":"","format":"standard","meta":{"_acf_changed":false,"jetpack_post_was_ever_published":false,"_jetpack_newsletter_access":"","_jetpack_dont_email_post_to_subs":false,"_jetpack_newsletter_tier_id":0,"_jetpack_memberships_contains_paywalled_content":false,"_jetpack_memberships_contains_paid_content":false,"footnotes":"","jetpack_publicize_message":"","jetpack_publicize_feature_enabled":true,"jetpack_social_post_already_shared":true,"jetpack_social_options":{"image_generator_settings":{"template":"highway","default_image_id":0,"font":"","enabled":false},"version":2}},"categories":[3],"tags":[],"class_list":["post-44343","post","type-post","status-publish","format-standard","has-post-thumbnail","hentry","category-novosti"],"acf":{"facebook_opis":""},"jetpack_publicize_connections":[],"jetpack_featured_media_url":"https:\/\/i0.wp.com\/historiografija.hr\/wp-content\/uploads\/2025\/01\/Varazdin.jpg?fit=800%2C522&ssl=1","jetpack_sharing_enabled":true,"jetpack-related-posts":[],"_links":{"self":[{"href":"https:\/\/historiografija.hr\/index.php?rest_route=\/wp\/v2\/posts\/44343","targetHints":{"allow":["GET"]}}],"collection":[{"href":"https:\/\/historiografija.hr\/index.php?rest_route=\/wp\/v2\/posts"}],"about":[{"href":"https:\/\/historiografija.hr\/index.php?rest_route=\/wp\/v2\/types\/post"}],"author":[{"embeddable":true,"href":"https:\/\/historiografija.hr\/index.php?rest_route=\/wp\/v2\/users\/2"}],"replies":[{"embeddable":true,"href":"https:\/\/historiografija.hr\/index.php?rest_route=%2Fwp%2Fv2%2Fcomments&post=44343"}],"version-history":[{"count":1,"href":"https:\/\/historiografija.hr\/index.php?rest_route=\/wp\/v2\/posts\/44343\/revisions"}],"predecessor-version":[{"id":44345,"href":"https:\/\/historiografija.hr\/index.php?rest_route=\/wp\/v2\/posts\/44343\/revisions\/44345"}],"wp:featuredmedia":[{"embeddable":true,"href":"https:\/\/historiografija.hr\/index.php?rest_route=\/wp\/v2\/media\/44344"}],"wp:attachment":[{"href":"https:\/\/historiografija.hr\/index.php?rest_route=%2Fwp%2Fv2%2Fmedia&parent=44343"}],"wp:term":[{"taxonomy":"category","embeddable":true,"href":"https:\/\/historiografija.hr\/index.php?rest_route=%2Fwp%2Fv2%2Fcategories&post=44343"},{"taxonomy":"post_tag","embeddable":true,"href":"https:\/\/historiografija.hr\/index.php?rest_route=%2Fwp%2Fv2%2Ftags&post=44343"}],"curies":[{"name":"wp","href":"https:\/\/api.w.org\/{rel}","templated":true}]}}