{"id":4432,"date":"2017-05-17T16:35:35","date_gmt":"2017-05-17T16:35:35","guid":{"rendered":"http:\/\/historiografija.hr\/?p=4432"},"modified":"2017-05-17T16:35:35","modified_gmt":"2017-05-17T16:35:35","slug":"medunarodni-dan-muzeja-muzeji-i-sporne-povijesti-govoriti-o-neizrecivom-u-muzejima","status":"publish","type":"post","link":"https:\/\/historiografija.hr\/?p=4432","title":{"rendered":"Me\u0111unarodni dan muzeja: &#8216;Muzeji i sporne povijesti: govoriti o neizrecivom u muzejima&#8217;"},"content":{"rendered":"<p>Od 16. do 21. svibnja 2017. u 60 gradova diljem Hrvatske i stotinjak muzeja s vi\u0161e od 300 programa obilje\u017eit \u0107e se Me\u0111unarodni dan muzeja \u010dija je ovogodi\u0161nja tema &#8216;Muzeji i sporne povijesti: govoriti o neizrecivom u muzejima&#8217;.<\/p>\n<p>&nbsp;<\/p>\n<p>&#8212;<\/p>\n<p>&nbsp;<\/p>\n<p><strong>Suo\u010davanje s te\u0161kom i spornom povije\u0161\u0107u tema Me\u0111unarodnog dana muzeja<\/strong><\/p>\n<p>&nbsp;<\/p>\n<p>vrijeme: 16.05.2017. &#8211; 21.05.2017.<\/p>\n<p>&nbsp;<\/p>\n<p>url: <a href=\"http:\/\/www.mdc.hr\">http:\/\/www.mdc.hr<\/a><\/p>\n<p>&nbsp;<\/p>\n<p>Me\u0111unarodni dan muzeja obilje\u017eit \u0107e se od 16. do 21. svibnja u 60 gradova diljem Hrvatske, u stotinjak muzeja s vi\u0161e od 300 programa, a ovogodi\u0161nja tema &#8216;Muzeji i sporne povijesti: govoriti o neizrecivom u muzejima&#8217;, posve\u0107ena je propitkivanju uloge muzeja kao institucije u slu\u017ebi dru\u0161tva i njegova razvoja, komuniciranjem univerzalnih i humanisti\u010dkih vrijednosti.<\/p>\n<p>&nbsp;<\/p>\n<p>Tema muzeja kao posrednika u komuniciranju &#8220;te\u0161ke&#8221; pro\u0161losti nametnula se kao misao vodilja slijedom promi\u0161ljanja na\u010dina na koje velike promjene u dru\u0161tvu \u2013 demokratizacija, novi komunikacijski modeli, interaktivnost i dinamizam \u2013 iz temelja mijenjaju rad muzeja, koji tako preuzimaju ulogu novih modela komunikacije.<\/p>\n<p>&nbsp;<\/p>\n<p>Ton\u010dika Cukrov iz Muzejskog dokumentacijskog centra, koji je 1980. inicirao obilje\u017eavanje Me\u0111unarodnog dana muzeja u Hrvatskoj, pojasnila je na konferenciji za novinare u MDC-u kako je rije\u010d o temi koja se posljednjih godina pokazuje iznimno va\u017enom za cijelu muzejsku zajednicu svijeta, koja je sve anga\u017eiranija u podru\u010dju otvorene komunikacije &#8220;te\u0161ke&#8221; pro\u0161losti.<\/p>\n<p>&nbsp;<\/p>\n<p>&#8220;Takva iskustva definiraju i pojedinca i zajednicu. Te\u0161ke emocije va\u017eno je njegovati, kako bi one bile podloga dijalogu i pomo\u0107 pri ozdravljenju od raznih trauma&#8221;, rekla je Cukrov.<\/p>\n<p>&nbsp;<\/p>\n<p>&#8220;Ba\u0161tinu treba artikulirati kako bi ona postala memorija a muzej je taj koji komunicira univerzalne humanisti\u010dke vrijednosti \u2013 po\u0161tovanje ljudskih prva, jednakost i solidarnost, slobodu od diskriminacije i odbacivanje od svakog oblika ekstremizma i totalitarizma. Uloga je muzeja uspostaviti ravnote\u017eu izme\u0111u emocija svojih posjetitelja i svoje dogovornosti za podu\u010davanje o ljudskoj patnji&#8221;, poru\u010dila je.<\/p>\n<p>&nbsp;<\/p>\n<p>U Hrvatskoj se u tome smislu mo\u017ee razlikovati dvije vrste ba\u0161tine koje se provla\u010de kroz sve ovogodi\u0161nje programe, rekla je, a to su &#8220;te\u0161ka&#8221; ba\u0161tina i sporna ba\u0161tina.<\/p>\n<p>&nbsp;<\/p>\n<p>Doga\u0111anja \u0107e se u muzejima odr\u017eavati cijeli tjedan, u okviru kojega su obuhva\u0107eni i Me\u0111unarodni dan muzeja, 18. svibnja, i Europska no\u0107 muzeja, 21. svibnja.<\/p>\n<p>&nbsp;<\/p>\n<p>Uz izlo\u017ebe i veliki broj radionica na temu, koju je tradicionalno odabrao Me\u0111unarodni savjet muzeja (ICOM) sa sjedi\u0161tem u Parizu, hrvatski muzeji organizirali su predavanja i stru\u010dna vodstva na mjestima sje\u0107anja s namjerom komunikacije &#8220;te\u0161ke ba\u0161tine&#8221; \u2013 povijesnih, socijalnih i ekolo\u0161kih tema koje trebaju postati podloga dijalogu, potaknuti na suo\u010davanje s neugodnim aspektima povijesti i ozdravljenje dru\u0161tva od kolektivnih trauma te ohrabriti mlade ljude da postavljaju pitanja i tragaju za odgovorima kako se ideolo\u0161ki motivirani zlo\u010dini i kr\u0161enja ljudskih prava ne bi ponovili.<\/p>\n<p>&nbsp;<\/p>\n<p><strong>Zanimljivi programi posve\u0107eni sje\u0107anju na osobne i kolektivne traume<\/strong><\/p>\n<p>&nbsp;<\/p>\n<p>Mirjana Pau\u0161ak iz Muzeja Valpov\u0161tine najavila je izlo\u017ebu &#8220;Zatvoreni krug \u2013 povijest jedne nacionalizacije&#8221;, o postupcima oduzimanja i vra\u0107anja imovine kao posljedici odnosa prema pojedincima u nedemokratskim politi\u010dkim sustavima. Izlo\u017eba kroz sudbinu obitelji Putterer govori o te\u0161koj sudbini njema\u010dke manjine na na\u0161im prostorima neposredno nakon zavr\u0161etka Drugog svjetskog rata \u2013 upravo je u Valpovu 1945.\/46. bio najve\u0107i logor za pripadnike njema\u010dke manjine na prostoru Hrvatske.<\/p>\n<p>&nbsp;<\/p>\n<p>Tiflolo\u0161ki muzej u Zagrebu pripremio je izlo\u017ebu &#8220;Obilje\u017eje invaliditeta kao predmeta traume \u2013 (NE)vidljive oznake&#8221;, koja skre\u0107e pozornost na diskriminaciju osoba s invaliditetom i fizi\u010dkim pote\u0161ko\u0107ama kroz povijest. Posjetitelji \u0107e tako, me\u0111u ostalim, mo\u0107i razgledati oznake koje su slijepe osobe nosile na rukavu kao javno obilje\u017eje svojeg invaliditeta.<\/p>\n<p>&nbsp;<\/p>\n<p>Vlatka Filipi\u0107 Maligec iz Muzeja selja\u010dkih buna najavila je izlo\u017ebu Muzeja &#8220;Staro selo&#8221; Kumrovec, koji je pozvao gra\u0111ane da na izlo\u017ebi &#8220;Umro je drugo Tito&#8221; podijele svoja i obiteljska sje\u0107anja na dan Titove smrti 4. svibnja 1980.<\/p>\n<p>&nbsp;<\/p>\n<p>Istaknula je kako to nije izlo\u017eba o Titu, &#8220;nego o jednom trenutku povijesti biv\u0161e Jugoslavije koji je ostalo zapam\u0107en kod svih ljudi koji se sje\u0107aju toga vremena&#8221;. &#8220;Ta izlo\u017eba govori o spornoj povijesti jer smrt Tita svatko prikazuje na svoj na\u010din, a ideja je izlo\u017ebe da poslu\u017ei kao mogu\u0107nost dijaloga&#8221;, rekla je Filipi\u0107 Maligec.<\/p>\n<p>&nbsp;<\/p>\n<p>Niz &#8220;zanimljivih i neobi\u010dnih&#8221; doga\u0111anja za Me\u0111unarodni dan muzeja pripremio je i Gradski muzej Po\u017eega, \u010dija je Maja \u017deb\u010devi\u0107 Mati\u0107 najavila program namijenjen privla\u010denju gra\u0111ana koji ina\u010de ne zalaze u muzeje izlaskom na trg ispred muzeja.<\/p>\n<p>&nbsp;<\/p>\n<p>Muzej \u0107e izlo\u017ebom nastojati otkriti i skriveni svijet kontroverznog Po\u017ee\u017eanina Friedricha Solomona Krausa, potpuno zaboravljenog filologa, etnografa i seksologa, kojega je povijest jo\u0161 za njegova \u017eivota u 19. stolje\u0107u svjesno i odrje\u0161ito bacila u ropotarnicu, kazala je \u017deb\u010devi\u0107 Mati\u0107.<\/p>\n<p>&nbsp;<\/p>\n<p>Tea Perin\u010di\u0107 iz Pomorskog i povijesnog muzeja hrvatskog primorja Rijeka najavila je izlo\u017ebu fotografija zbirke &#8220;Lipa pamti&#8221; u istarskom selu Lipa, \u010diju cjelokupnu poslijeratnu povijest obilje\u017eava stradanje u nacisti\u010dkom ubila\u010dkom pohodu 30. travnja 1944. 269 stanovnika sela, me\u0111u kojima je bio velik broj djece, od kojih je najmla\u0111e imao tek sedam mjeseci.<\/p>\n<p>&nbsp;<\/p>\n<p>Muzej Moslavine bavit \u0107e se pak stradavanjima \u017didova u drugom svjetskom ratu i Jasenovcu. Mnogi \u017didovi stradavali su upravo na podru\u010dju Kutine, no ideja ravnateljice Jasmine Uroda Kutli\u0107, kako je rekla, bilo je prikazati da je bilo i pozitivnih pri\u010da, akcija spa\u0161avanja, na koje je tako\u0111er htjela skrenuti pozornost.<\/p>\n<p>&nbsp;<\/p>\n<p>Svake godine u sklopu Me\u0111unarodnog dana muzeja provodi se edukativna muzejska akcija namijenjena djeci i mladima, kojoj je ove godine tema &#8220;Tajne&#8221;.<\/p>\n<p>&nbsp;<\/p>\n<p>Ukupno je 55 institucija sudionika akcije a njezin je nositelj ove godine Hrvatski \u0161kolski muzej u Zagrebu. Ivana Dumbovi\u0107 iz muzeja istaknula je kako je akcija ve\u0107 u tijeku, traje do 18. svibnja, a djeca kroz nju imaju priliku u\u010diti o, primjerice, tajnama ste\u0107aka, umjetnosti, konceptualnosti, o tome kako nastaju \u017eive slikovnice, o coprnicama u Zagrebu itd.<\/p>\n<p>&nbsp;<\/p>\n<p>Autor ovogodi\u0161njeg vizualnog identiteta je dizajner Boris Ljubi\u010di\u0107, koji je na temu manifestacije odgovorio plakatom s pitanjem &#8220;Why not?&#8221; (Za\u0161to ne). Partneri manifestacije su ICOM, Francusko ministarstvo kulture i komunikacija i Europski muzejski forum.<\/p>\n<p>&nbsp;<\/p>\n<p>Detaljan program objavljen je na mre\u017enim stranicama Muzejskog dokumentacijskog centra www.mdc.hr, a ulaz na sva doga\u0111anja je besplatan.<\/p>\n<p>&nbsp;<\/p>\n<p>(Hina)<\/p>\n<p>&nbsp;<\/p>\n<p>Izvor: <a href=\"http:\/\/www.culturenet.hr\/\">http:\/\/www.culturenet.hr\/<\/a><\/p>\n<p>&nbsp;<\/p>\n<p>&nbsp;<\/p>\n","protected":false},"excerpt":{"rendered":"","protected":false},"author":2,"featured_media":4433,"comment_status":"open","ping_status":"open","sticky":false,"template":"","format":"standard","meta":{"_acf_changed":false,"jetpack_post_was_ever_published":false,"_jetpack_newsletter_access":"","_jetpack_dont_email_post_to_subs":false,"_jetpack_newsletter_tier_id":0,"_jetpack_memberships_contains_paywalled_content":false,"_jetpack_memberships_contains_paid_content":false,"footnotes":"","jetpack_publicize_message":"","jetpack_publicize_feature_enabled":true,"jetpack_social_post_already_shared":true,"jetpack_social_options":{"image_generator_settings":{"template":"highway","default_image_id":0,"font":"","enabled":false},"version":2}},"categories":[3],"tags":[],"class_list":["post-4432","post","type-post","status-publish","format-standard","has-post-thumbnail","hentry","category-novosti"],"acf":{"facebook_opis":""},"jetpack_publicize_connections":[],"jetpack_featured_media_url":"https:\/\/i0.wp.com\/historiografija.hr\/wp-content\/uploads\/2017\/05\/2017_mdm_banner.jpg?fit=965%2C275&ssl=1","jetpack_sharing_enabled":true,"jetpack-related-posts":[{"id":52666,"url":"https:\/\/historiografija.hr\/?p=52666","url_meta":{"origin":4432,"position":0},"title":"Najava programa Festivala povijesti Kliofest (5-8. V. 2026)","author":"Branimir Jankovi\u0107","date":"24. travnja 2026.","format":false,"excerpt":"Po trinaesti put odr\u017eava se Festival povijesti Kliofest! Do petka \u0107emo odr\u017eati osam okruglih stolova i dva kolokvija te niz predstavljanja knjiga i projekata razli\u010dite tematike, od antike do suvremenosti. Bit \u0107e predstavljeno i nekoliko izlo\u017ebi te odr\u017ean jedan povijesni kviz. Prikazat \u0107emo i jedan film \u2013 o generalu Boroevi\u0107u.\u2026","rel":"","context":"U &quot;Novosti&quot;","block_context":{"text":"Novosti","link":"https:\/\/historiografija.hr\/?cat=3"},"img":{"alt_text":"","src":"https:\/\/i0.wp.com\/historiografija.hr\/wp-content\/uploads\/2026\/04\/Kliofest-2026.jpg?fit=526%2C526&ssl=1&resize=350%2C200","width":350,"height":200,"srcset":"https:\/\/i0.wp.com\/historiografija.hr\/wp-content\/uploads\/2026\/04\/Kliofest-2026.jpg?fit=526%2C526&ssl=1&resize=350%2C200 1x, https:\/\/i0.wp.com\/historiografija.hr\/wp-content\/uploads\/2026\/04\/Kliofest-2026.jpg?fit=526%2C526&ssl=1&resize=525%2C300 1.5x"},"classes":[]},{"id":52633,"url":"https:\/\/historiografija.hr\/?p=52633","url_meta":{"origin":4432,"position":1},"title":"POVIJEST TRE\u0160NJEVA\u010cKE GLAZBE: prikupljanje virtualnog fundusa Muzeja susjedstva Tre\u0161njevka","author":"Branimir Jankovi\u0107","date":"23. travnja 2026.","format":false,"excerpt":"utorak 28. 4. 2026. 14 - 18 h Nova BAZA, Nova cesta 66, Zagreb Prvi su dani ljeta 1957. godine. Bo\u017eica Kalafati\u0107 poha\u0111a drugi razred Osnovne \u0161kole Bratstvo i jedinstvo, danas kralja Tomislava, a ide i na muzi\u010dke satove u Mo\u0161\u0107eni\u010dkoj ulici. Na fotografiji s harmonikom u rukama stoji u\u2026","rel":"","context":"U &quot;Novosti&quot;","block_context":{"text":"Novosti","link":"https:\/\/historiografija.hr\/?cat=3"},"img":{"alt_text":"","src":"https:\/\/i0.wp.com\/historiografija.hr\/wp-content\/uploads\/2026\/04\/MST_prikupljanje.jpg?fit=380%2C475&ssl=1&resize=350%2C200","width":350,"height":200},"classes":[]},{"id":52578,"url":"https:\/\/historiografija.hr\/?p=52578","url_meta":{"origin":4432,"position":2},"title":"Poziv za sudjelovanje: XXII. Dani Julija Bene\u0161i\u0107a u Iloku","author":"Branimir Jankovi\u0107","date":"21. travnja 2026.","format":false,"excerpt":"Zavod za lingvisti\u010dka istra\u017eivanja Hrvatske akademije znanosti i umjetnosti, zajedno s Muzejom grada Iloka, organizira XXII. Dane Julija Bene\u0161i\u0107a, koji \u0107e se odr\u017eati od 28. do 30. listopada 2026. u Iloku.\u00a0Teme ovogodi\u0161njih Dana podijeljene su u dvije cjeline: Knji\u017eevno-jezikoslovni d\u00ecv\u0101n s Bene\u0161i\u0107em te Ilok i Srijem u povijesnim stalnicama i\u2026","rel":"","context":"U &quot;Novosti&quot;","block_context":{"text":"Novosti","link":"https:\/\/historiografija.hr\/?cat=3"},"img":{"alt_text":"","src":"https:\/\/i0.wp.com\/historiografija.hr\/wp-content\/uploads\/2019\/10\/HE2_Benesic.jpg?fit=413%2C591&ssl=1&resize=350%2C200","width":350,"height":200},"classes":[]},{"id":52511,"url":"https:\/\/historiografija.hr\/?p=52511","url_meta":{"origin":4432,"position":3},"title":"Izlo\u017eba &#8220;Lica Sljemena&#8221;","author":"Branimir Jankovi\u0107","date":"17. travnja 2026.","format":false,"excerpt":"Srda\u010dno vas pozivamo na otvorenje izlo\u017ebe Lica Sljemena koje \u0107e se odr\u017eati u srijedu 22. travnja 2026. u 18 h ispred Muzeja Prigorja (Trg Dragutina Domjani\u0107a 5, Sesvete). Izlo\u017eba proizlazi iz istra\u017eivanja Nevene \u0160krbi\u0107 Alempijevi\u0107, Petre Kelemen i Sanje Potkonjak te intervjua sa Sljemena\u0161icama i Sljemena\u0161ima, koji su provedeni u\u2026","rel":"","context":"U &quot;Izlo\u017ebe&quot;","block_context":{"text":"Izlo\u017ebe","link":"https:\/\/historiografija.hr\/?cat=10"},"img":{"alt_text":"","src":"https:\/\/i0.wp.com\/historiografija.hr\/wp-content\/uploads\/2026\/04\/Izlozba-Lica-Sljemena.png?fit=1080%2C686&ssl=1&resize=350%2C200","width":350,"height":200,"srcset":"https:\/\/i0.wp.com\/historiografija.hr\/wp-content\/uploads\/2026\/04\/Izlozba-Lica-Sljemena.png?fit=1080%2C686&ssl=1&resize=350%2C200 1x, https:\/\/i0.wp.com\/historiografija.hr\/wp-content\/uploads\/2026\/04\/Izlozba-Lica-Sljemena.png?fit=1080%2C686&ssl=1&resize=525%2C300 1.5x, https:\/\/i0.wp.com\/historiografija.hr\/wp-content\/uploads\/2026\/04\/Izlozba-Lica-Sljemena.png?fit=1080%2C686&ssl=1&resize=700%2C400 2x, https:\/\/i0.wp.com\/historiografija.hr\/wp-content\/uploads\/2026\/04\/Izlozba-Lica-Sljemena.png?fit=1080%2C686&ssl=1&resize=1050%2C600 3x"},"classes":[]},{"id":52502,"url":"https:\/\/historiografija.hr\/?p=52502","url_meta":{"origin":4432,"position":4},"title":"Novi znanstveni projekt Hrvatskog instituta za povijest: \u201c\u017drtve ratova i dr\u017eavnog\/politi\u010dkog nasilja u hrvatskoj povijesti 20. stolje\u0107a\u201d","author":"Branimir Jankovi\u0107","date":"17. travnja 2026.","format":false,"excerpt":"Na redovitoj sjednici Vlade RH, 16. travnja 2026., donijet je Zaklju\u010dak kojim se pokre\u0107e znanstveni projekt \u201c\u017drtve ratova i dr\u017eavnog\/politi\u010dkog nasilja u hrvatskoj povijesti 20. stolje\u0107a\u201d. Projekt \u0107e provoditi i koordinirati Hrvatski institut za povijest u razdoblju trajanja projekta od pet godina. Zakljucak Vlade RH Iz teksta projektnog prijedloga: Problematika\u2026","rel":"","context":"U &quot;Novosti&quot;","block_context":{"text":"Novosti","link":"https:\/\/historiografija.hr\/?cat=3"},"img":{"alt_text":"","src":"https:\/\/i0.wp.com\/historiografija.hr\/wp-content\/uploads\/2026\/04\/Vlada-RH.jpg?fit=1200%2C557&ssl=1&resize=350%2C200","width":350,"height":200,"srcset":"https:\/\/i0.wp.com\/historiografija.hr\/wp-content\/uploads\/2026\/04\/Vlada-RH.jpg?fit=1200%2C557&ssl=1&resize=350%2C200 1x, https:\/\/i0.wp.com\/historiografija.hr\/wp-content\/uploads\/2026\/04\/Vlada-RH.jpg?fit=1200%2C557&ssl=1&resize=525%2C300 1.5x, https:\/\/i0.wp.com\/historiografija.hr\/wp-content\/uploads\/2026\/04\/Vlada-RH.jpg?fit=1200%2C557&ssl=1&resize=700%2C400 2x, https:\/\/i0.wp.com\/historiografija.hr\/wp-content\/uploads\/2026\/04\/Vlada-RH.jpg?fit=1200%2C557&ssl=1&resize=1050%2C600 3x"},"classes":[]},{"id":52616,"url":"https:\/\/historiografija.hr\/?p=52616","url_meta":{"origin":4432,"position":5},"title":"No\u0107 knjige 2026.","author":"Branimir Jankovi\u0107","date":"22. travnja 2026.","format":false,"excerpt":"Slavljeni\u010dka 15. No\u0107 knjige odr\u017eat \u0107e se 23. travnja diljem Hrvatske u povodu Svjetskog dana knjige i autorskih prava te Dana hrvatske knjige. S vi\u0161e od 1.000 prijavljenih programa i akcija s pravom nosi epitet najmasovnije doma\u0107e kulturne manifestacije, a ove \u0107e godine prote\u0107i u znaku mira, razumijevanja, tolerancije, srodnosti\u2026","rel":"","context":"U &quot;Novosti&quot;","block_context":{"text":"Novosti","link":"https:\/\/historiografija.hr\/?cat=3"},"img":{"alt_text":"","src":"https:\/\/i0.wp.com\/historiografija.hr\/wp-content\/uploads\/2026\/04\/noc_knjige_2026.jpg?fit=680%2C276&ssl=1&resize=350%2C200","width":350,"height":200,"srcset":"https:\/\/i0.wp.com\/historiografija.hr\/wp-content\/uploads\/2026\/04\/noc_knjige_2026.jpg?fit=680%2C276&ssl=1&resize=350%2C200 1x, https:\/\/i0.wp.com\/historiografija.hr\/wp-content\/uploads\/2026\/04\/noc_knjige_2026.jpg?fit=680%2C276&ssl=1&resize=525%2C300 1.5x"},"classes":[]}],"_links":{"self":[{"href":"https:\/\/historiografija.hr\/index.php?rest_route=\/wp\/v2\/posts\/4432","targetHints":{"allow":["GET"]}}],"collection":[{"href":"https:\/\/historiografija.hr\/index.php?rest_route=\/wp\/v2\/posts"}],"about":[{"href":"https:\/\/historiografija.hr\/index.php?rest_route=\/wp\/v2\/types\/post"}],"author":[{"embeddable":true,"href":"https:\/\/historiografija.hr\/index.php?rest_route=\/wp\/v2\/users\/2"}],"replies":[{"embeddable":true,"href":"https:\/\/historiografija.hr\/index.php?rest_route=%2Fwp%2Fv2%2Fcomments&post=4432"}],"version-history":[{"count":1,"href":"https:\/\/historiografija.hr\/index.php?rest_route=\/wp\/v2\/posts\/4432\/revisions"}],"predecessor-version":[{"id":4434,"href":"https:\/\/historiografija.hr\/index.php?rest_route=\/wp\/v2\/posts\/4432\/revisions\/4434"}],"wp:featuredmedia":[{"embeddable":true,"href":"https:\/\/historiografija.hr\/index.php?rest_route=\/wp\/v2\/media\/4433"}],"wp:attachment":[{"href":"https:\/\/historiografija.hr\/index.php?rest_route=%2Fwp%2Fv2%2Fmedia&parent=4432"}],"wp:term":[{"taxonomy":"category","embeddable":true,"href":"https:\/\/historiografija.hr\/index.php?rest_route=%2Fwp%2Fv2%2Fcategories&post=4432"},{"taxonomy":"post_tag","embeddable":true,"href":"https:\/\/historiografija.hr\/index.php?rest_route=%2Fwp%2Fv2%2Ftags&post=4432"}],"curies":[{"name":"wp","href":"https:\/\/api.w.org\/{rel}","templated":true}]}}