{"id":44315,"date":"2025-01-14T21:50:24","date_gmt":"2025-01-14T21:50:24","guid":{"rendered":"https:\/\/historiografija.hr\/?p=44315"},"modified":"2025-01-14T21:50:24","modified_gmt":"2025-01-14T21:50:24","slug":"predstavljanje-konzervatorske-studije-za-uredenje-trga-zrtava-fasizma","status":"publish","type":"post","link":"https:\/\/historiografija.hr\/?p=44315","title":{"rendered":"Predstavljanje \u201eKonzervatorske studije za ure\u0111enje Trga \u017ertava fa\u0161izma\u201c"},"content":{"rendered":"\n<p>Predstavljanje \u201eKonzervatorske studije za ure\u0111enje Trga \u017ertava fa\u0161izma\u201c odr\u017eat \u0107e se u Dru\u0161tvu arhitekata Zagreba u srijedu 15. sije\u010dnja 2025. u 18:30 sati.<\/p>\n\n\n\n<p>Studija izra\u0111ena u Institutu za povijest umjetnosti 2024. godine pru\u017ea jedinstveni uvid u povijesne, arhitektonske i krajobrazne vrijednosti Trga te nudi smjernice za njegovu obnovu i unapre\u0111enje, s ciljem o\u010duvanja njegove autenti\u010dnosti i prepoznatljivosti. U razgovoru, kojemu je povod izrada studije naru\u010dena od Vije\u0107a gradske \u010detvrti Donji grad, sudjeluju:<\/p>\n\n\n\n<ul class=\"wp-block-list\">\n<li><strong>Irena Kra\u0161evac<\/strong>, znanstvena savjetnica, Institut za povijest umjetnosti u Zagrebu, suautorica studije;<\/li>\n\n\n\n<li><strong>Mate Rupi\u0107<\/strong>, krajobrazni arhitekt, suautor studije;<\/li>\n\n\n\n<li><strong>Tamara Bja\u017ei\u0107 Klarin<\/strong>, vi\u0161a znanstvena suradnica, Institut za povijest umjetnosti u Zagrebu, \u010dlanica Mjesnog odbora Hrvatski narodni vladari;<\/li>\n\n\n\n<li><strong>Suzana Dobri\u0107<\/strong>, arhitektica i \u010dlanica inicijative \u201eVratite magnoliju\u201c;<\/li>\n\n\n\n<li><strong>Ivana Andabaka<\/strong>, ravnateljica Hrvatskog dru\u0161tva likovnih umjetnika;<\/li>\n\n\n\n<li><strong>Robert Faber<\/strong>, predsjednik Vije\u0107a \u010detvrti Donji grad.<\/li>\n<\/ul>\n\n\n\n<p>Razgovor i predstavljanje studije moderirat \u0107e Mauro Sirotnjak, arhitekt i predsjednik Odbora za prostorno ure\u0111enje Gradske skup\u0161tine Grada Zagreba.<\/p>\n\n\n\n<hr class=\"wp-block-separator has-alpha-channel-opacity\"\/>\n\n\n\n<p>Izvor:<\/p>\n\n\n\n<p><a href=\"https:\/\/www.ipu.hr\/article\/hr\/1858\/krajolici-proslosti-vizure-buducnosti\">https:\/\/www.ipu.hr\/article\/hr\/1858\/krajolici-proslosti-vizure-buducnosti<\/a><\/p>\n\n\n\n<hr class=\"wp-block-separator has-alpha-channel-opacity\"\/>\n","protected":false},"excerpt":{"rendered":"","protected":false},"author":2,"featured_media":44316,"comment_status":"open","ping_status":"open","sticky":false,"template":"","format":"standard","meta":{"_acf_changed":false,"jetpack_post_was_ever_published":false,"_jetpack_newsletter_access":"","_jetpack_dont_email_post_to_subs":false,"_jetpack_newsletter_tier_id":0,"_jetpack_memberships_contains_paywalled_content":false,"_jetpack_memberships_contains_paid_content":false,"footnotes":"","jetpack_publicize_message":"","jetpack_publicize_feature_enabled":true,"jetpack_social_post_already_shared":true,"jetpack_social_options":{"image_generator_settings":{"template":"highway","default_image_id":0,"font":"","enabled":false},"version":2}},"categories":[3],"tags":[],"class_list":["post-44315","post","type-post","status-publish","format-standard","has-post-thumbnail","hentry","category-novosti"],"acf":{"facebook_opis":""},"jetpack_publicize_connections":[],"jetpack_featured_media_url":"https:\/\/i0.wp.com\/historiografija.hr\/wp-content\/uploads\/2025\/01\/Predstavljanje-studije.jpg?fit=1102%2C647&ssl=1","jetpack_sharing_enabled":true,"jetpack-related-posts":[],"_links":{"self":[{"href":"https:\/\/historiografija.hr\/index.php?rest_route=\/wp\/v2\/posts\/44315","targetHints":{"allow":["GET"]}}],"collection":[{"href":"https:\/\/historiografija.hr\/index.php?rest_route=\/wp\/v2\/posts"}],"about":[{"href":"https:\/\/historiografija.hr\/index.php?rest_route=\/wp\/v2\/types\/post"}],"author":[{"embeddable":true,"href":"https:\/\/historiografija.hr\/index.php?rest_route=\/wp\/v2\/users\/2"}],"replies":[{"embeddable":true,"href":"https:\/\/historiografija.hr\/index.php?rest_route=%2Fwp%2Fv2%2Fcomments&post=44315"}],"version-history":[{"count":1,"href":"https:\/\/historiografija.hr\/index.php?rest_route=\/wp\/v2\/posts\/44315\/revisions"}],"predecessor-version":[{"id":44317,"href":"https:\/\/historiografija.hr\/index.php?rest_route=\/wp\/v2\/posts\/44315\/revisions\/44317"}],"wp:featuredmedia":[{"embeddable":true,"href":"https:\/\/historiografija.hr\/index.php?rest_route=\/wp\/v2\/media\/44316"}],"wp:attachment":[{"href":"https:\/\/historiografija.hr\/index.php?rest_route=%2Fwp%2Fv2%2Fmedia&parent=44315"}],"wp:term":[{"taxonomy":"category","embeddable":true,"href":"https:\/\/historiografija.hr\/index.php?rest_route=%2Fwp%2Fv2%2Fcategories&post=44315"},{"taxonomy":"post_tag","embeddable":true,"href":"https:\/\/historiografija.hr\/index.php?rest_route=%2Fwp%2Fv2%2Ftags&post=44315"}],"curies":[{"name":"wp","href":"https:\/\/api.w.org\/{rel}","templated":true}]}}