{"id":44310,"date":"2025-01-14T21:42:31","date_gmt":"2025-01-14T21:42:31","guid":{"rendered":"https:\/\/historiografija.hr\/?p=44310"},"modified":"2025-02-05T17:57:50","modified_gmt":"2025-02-05T17:57:50","slug":"izlozba-nakon-zadnji-aprila-u-galeriji-spot-17-1-5-2-2025","status":"publish","type":"post","link":"https:\/\/historiografija.hr\/?p=44310","title":{"rendered":"Izlo\u017eba \u201cNakon zadnji aprila\u201d u Galeriji Spot (17. 1. \u2013 5. 2. 2025.)"},"content":{"rendered":"\n<p>Pozivamo Vas na otvorenje izlo\u017ebe \u201cNakon zadnji aprila\u201d fotografa Karla \u010cargonje te pisca i dramaturga Gorana Fer\u010deca koje \u0107e se, u organizaciji Ureda za fotografiju, odr\u017eati ovog petka 17. 1. u zagreba\u010dkoj Galeriji Spot. Prije samog otvorenja izlo\u017ebe, u 18:30 sati zakazano je predavanje o programu Prepoznavanje odsustva Vane Govi\u0107 Markovi\u0107, voditeljice Memorijalnog centra \u201cLipa pamti\u201d, a slu\u017ebeno otvorenje s vodstvom i razgovorom s autorima izlo\u017ebe, kre\u0107e od 19:30 sati. Izlo\u017eba ostaje otvorena do 5. 2. 2025.<\/p>\n\n\n\n<p>Selo Lipa, smje\u0161teno u zale\u0111u Hrvatskog primorja neposredno uz granicu sa Slovenijom, tijekom Drugog svjetskog rata bilo je popri\u0161te zlo\u010dina protiv \u010dovje\u010dnosti. Nacisti i fa\u0161isti ubili su 30. travnja 1944. u Lipi 269 civila \u2013 \u017eene, djecu i starce \u2013 a potom su selo oplja\u010dkali i spalili. Me\u0111u \u017ertvama bilo je 96-ero djece od kojih je najmla\u0111a Bosiljka Iskra imala svega osam mjeseci. Poslijeratnim povratkom na zgari\u0161te pre\u017eivjeli Lipljani obnavljaju selo, postepeno nastavljaju sa \u017eivotom i \u010duvaju sje\u0107anje na svoje stradale. U tome im poma\u017ee Spomen-muzej Lipa otvoren 1968. godine, kao i njegov nasljednik \u2013 Memorijalni centar \u201cLipa pamti\u201d \u2013 obnovljen 2015. godine. Danas u selu \u017eive \u010detiri generacije pre\u017eivjelih Lipljana, ukupno oko stotinjak mje\u0161tana koji s Memorijalnim centrom usko sura\u0111uju u provedbi muzejskih programa.<\/p>\n\n\n\n<p>Centar je 2018. godine pokrenuo godi\u0161nji umjetni\u010dki program Prepoznavanje odsustva kojim se nastoje istra\u017eiti mogu\u0107nosti suvremene umjetnosti u razumijevanju te\u0161ko pojmljivih kategorija traume, stradanja i genocida. Ujedno se programom nastoji prepoznati simboli\u010dki potencijal Lipe u suvremenim procesima gradnje mira. U okviru spomenutog programa, a povodom osamdesete godi\u0161njice stradanja Lipe (1944.\u20132024.), Memorijalni centar je u suradnji s fotografom Karlom \u010cargonjom te piscem i dramaturgom Goranom Fer\u010decom realizirao umjetni\u010dki projekt naziva Nakon zadnji aprila. Naziv se referira na sintagmu kojom se Lipljani koriste kada govore o datumu povijesnog stradanja, umjesto 30. travnja obi\u010dno ka\u017eu na zadnji aprila. Karlo i Goran su \u010ditavu obljetni\u010dku 2024. godinu istra\u017eivali lipajsku svakodnevicu te su putem autorske fotografije i teksta \u201cutjelovili\u201d jedan zaokru\u017een period u \u017eivotu 4 generacije pre\u017eivjelih Lipljana. Materijalizacija sada\u0161njosti autorima je neminovno otvorila put ka materijalizaciji pam\u0107enja i traume kojima je lipajski prezent bremenit.<\/p>\n\n\n\n<p>Svoje umjetni\u010dko istra\u017eivanje Lipe zaklju\u010dili su knjigom Nakon zadnji aprila koja sa\u017eima iskustva njihova bivanja me\u0111u mje\u0161tanima, osobno i u mislima, suosje\u0107aju\u0107i s obiteljskim tragedijama pre\u017eivjelih. Knjiga odra\u017eava i njihovu potragu za zna\u010denjima koja, proiza\u0161la iz tegobne dijalektike pro\u0161losti i sada\u0161njosti, imaju potencijal mijenjati na\u0161 \u017eivot u budu\u0107nosti. Zbog svega navedenog, knjiga je ujedno i sredi\u0161nja to\u010dka izlo\u017ebe u Galeriji Spot kojom autori svoj rad na projektu Nakon zadnji aprila predstavljaju zagreba\u010dkoj publici. Sve na projektu zabilje\u017eeno, kreirano, promi\u0161ljano, sve isprobano, sve prihva\u0107eno i sve odba\u010deno, sve je u kona\u010dnici knjigu oblikovalo. Izlo\u017ebom se stoga razotkriva cjelokupan proces rada dvojice autora, publici se na uvid daje mno\u0161tvenost fotografskih negativa, tekstova, izlo\u017ebenih materijala prenesenih s lipajske izlo\u017ebe koja je knjizi prethodila, izla\u017eu se probne makete i otisci knjiga. O materijalnosti lipajske sada\u0161njosti i pro\u0161losti progovara se kroz materijalnost umjetni\u010dkog rada.<\/p>\n\n\n\n<p>Vana Govi\u0107 Markovi\u0107<\/p>\n\n\n\n<hr class=\"wp-block-separator has-alpha-channel-opacity\"\/>\n\n\n\n<p><strong>Karlo \u010cargonja<\/strong> ro\u0111en je 1987. godine u Rijeci. Godine 2016. napu\u0161ta posao projektanta u gra\u0111evinskom sektoru kako bi se posvetio fotografiji. Pokre\u0107e edukativni projekt Razgovori o fotografiji, koji se odr\u017eava u raznim rije\u010dkim prostorima, uklju\u010duju\u0107i Muzej moderne i suvremene umjetnosti. Mentorira radionice o fotografskim projektima i knjigama te 2021. otvara privremenu galeriju Kada se opet vidimo? u Rijeci, gdje izla\u017ee autorske radove i organizira umjetni\u010dke programe. Sudjeluje na brojnim izlo\u017ebama te 2020. izdaje knjigu Dok smo \u010dekali u \u010detiri sveska. Ured za fotografiju ga je uvrstio me\u0111u 50 va\u017enih hrvatskih autora na web portal Suvremena hrvatska fotografije.<\/p>\n\n\n\n<p><strong>Goran Fer\u010dec<\/strong> diplomirao je na Odsjeku dramaturgije ADU u Zagrebu gdje od 2022. radi kao docent. Djeluje kao pisac i dramaturg. Njegov tekst Pismo Heineru M\u00fclleru izveden je 2012. u ZKM-u. Tekst Radnice u gladovanju izveden je 2014. u koprodukciji fringe ensemblea iz Bonna i Schaub\u00fchne Lindenfelsa iz Leipziga te 2017. u ZKM-u u re\u017eiji Olje Lozice. Autor je tekstova za predstave BADco.-a&nbsp; Ispravci ritma i Rad panike. Uz Matiju Ferlina, autor je predstava Sad Sam Matth\u00e4us i Canti di prigionia izvedenih u programu festivala Wiener Festwochen. Autor je romana O \u017eivotu radnice krajem dvadesetog stolje\u0107a i Ovdje ne\u0107e biti \u010duda, knjige eseja Priru\u010dnik za ju\u010der, zbirke izvedbenih tekstova Prekovremeni rad te knjige Ispravci ritma u suradnji s vizualnim umjetnikom Sini\u0161om Ili\u0107em.<\/p>\n\n\n\n<p><strong>Popratni program:<\/strong><\/p>\n\n\n\n<ul class=\"wp-block-list\">\n<li>Predavanje o programu Prepoznavanje odsutstva Vane Govi\u0107 Markovi\u0107, voditeljice Memorijalnog centra \u201cLipa pamti\u201d, 17. 1. 2025., 18:30, Galerija Spot<\/li>\n\n\n\n<li>&nbsp;Vodstvo izlo\u017ebom i razgovor s autorima, 17. 1. 2025., 19:30, Galerija Spot<\/li>\n<\/ul>\n\n\n\n<p>Realizacija izlo\u017ebe i rad Ureda za fotografiju omogu\u0107eni su sredstvima Ministarstva kulture i medija RH, Grada Zagreba i Zaklade Kultura nova.<\/p>\n\n\n\n<hr class=\"wp-block-separator has-alpha-channel-opacity\"\/>\n\n\n\n<p>Izvori:<\/p>\n\n\n\n<figure class=\"wp-block-embed is-type-wp-embed is-provider-pomorski-i-povijesni-muzej-hrvatskog-primorja wp-block-embed-pomorski-i-povijesni-muzej-hrvatskog-primorja\"><div class=\"wp-block-embed__wrapper\">\n<blockquote class=\"wp-embedded-content\" data-secret=\"O1HbJ8yuoI\"><a href=\"https:\/\/ppmhp.hr\/gostovanje-izlozbe-nakon-zadnji-aprila-u-galeriji-spot\/\">Gostovanje izlo\u017ebe \u201cNakon zadnji aprila\u201d u Galeriji Spot<\/a><\/blockquote><iframe loading=\"lazy\" class=\"wp-embedded-content\" sandbox=\"allow-scripts\" security=\"restricted\" style=\"position: absolute; visibility: hidden;\" title=\"&#8220;Gostovanje izlo\u017ebe \u201cNakon zadnji aprila\u201d u Galeriji Spot&#8221; &#8212; Pomorski i povijesni muzej Hrvatskog primorja\" src=\"https:\/\/ppmhp.hr\/gostovanje-izlozbe-nakon-zadnji-aprila-u-galeriji-spot\/embed\/#?secret=TxhtMaN4ec#?secret=O1HbJ8yuoI\" data-secret=\"O1HbJ8yuoI\" width=\"600\" height=\"338\" frameborder=\"0\" marginwidth=\"0\" marginheight=\"0\" scrolling=\"no\"><\/iframe>\n<\/div><\/figure>\n\n\n\n<figure class=\"wp-block-embed is-type-wp-embed is-provider-suvremena-hrvatska-fotografija wp-block-embed-suvremena-hrvatska-fotografija\"><div class=\"wp-block-embed__wrapper\">\n<blockquote class=\"wp-embedded-content\" data-secret=\"OQCNjk3JoL\"><a href=\"https:\/\/croatian-photography.com\/izlozba-nakon-zadnji-aprila-u-galeriji-spot-17-1-5-2-2025\/\">Izlo\u017eba &#8220;Nakon zadnji aprila&#8221; u Galeriji Spot (17. 1.\u20135. 2. 2025.)<\/a><\/blockquote><iframe loading=\"lazy\" class=\"wp-embedded-content\" sandbox=\"allow-scripts\" security=\"restricted\" style=\"position: absolute; visibility: hidden;\" title=\"&#8220;Izlo\u017eba &#8220;Nakon zadnji aprila&#8221; u Galeriji Spot (17. 1.\u20135. 2. 2025.)&#8221; &#8212; Suvremena hrvatska fotografija\" src=\"https:\/\/croatian-photography.com\/izlozba-nakon-zadnji-aprila-u-galeriji-spot-17-1-5-2-2025\/embed\/#?secret=X6JdshrBRb#?secret=OQCNjk3JoL\" data-secret=\"OQCNjk3JoL\" width=\"600\" height=\"338\" frameborder=\"0\" marginwidth=\"0\" marginheight=\"0\" scrolling=\"no\"><\/iframe>\n<\/div><\/figure>\n\n\n\n<hr class=\"wp-block-separator has-alpha-channel-opacity\"\/>\n\n\n\n<p>Iz medija:<\/p>\n\n\n\n<p><a href=\"https:\/\/www.telegram.hr\/kultura\/fasisti-su-1944-u-lipi-ubili-sve-koje-su-nasli-u-selu-269-civila-potomci-su-obnovili-zgarista-ova-izlozba-i-knjiga-govore-o-njima\">https:\/\/www.telegram.hr\/kultura\/fasisti-su-1944-u-lipi-ubili-sve-koje-su-nasli-u-selu-269-civila-potomci-su-obnovili-zgarista-ova-izlozba-i-knjiga-govore-o-njima<\/a><\/p>\n\n\n\n<p><a href=\"https:\/\/www.jutarnji.hr\/kultura\/art\/u-ovom-hrvatskom-selu-nikada-nitko-nije-zaljucavao-vrata-onda-su-dosli-vojnici-i-sve-ih-pobili-zrtava-je-bilo-269-medu-njima-96-djece-15550139?cx_linkref=jl_home_najnovije\">https:\/\/www.jutarnji.hr\/kultura\/art\/u-ovom-hrvatskom-selu-nikada-nitko-nije-zaljucavao-vrata-onda-su-dosli-vojnici-i-sve-ih-pobili-zrtava-je-bilo-269-medu-njima-96-djece-15550139<\/a><\/p>\n\n\n\n<hr class=\"wp-block-separator has-alpha-channel-opacity\"\/>\n","protected":false},"excerpt":{"rendered":"","protected":false},"author":2,"featured_media":44311,"comment_status":"open","ping_status":"open","sticky":false,"template":"","format":"standard","meta":{"_acf_changed":false,"jetpack_post_was_ever_published":false,"_jetpack_newsletter_access":"","_jetpack_dont_email_post_to_subs":false,"_jetpack_newsletter_tier_id":0,"_jetpack_memberships_contains_paywalled_content":false,"_jetpack_memberships_contains_paid_content":false,"footnotes":"","jetpack_publicize_message":"","jetpack_publicize_feature_enabled":true,"jetpack_social_post_already_shared":true,"jetpack_social_options":{"image_generator_settings":{"template":"highway","default_image_id":0,"font":"","enabled":false},"version":2}},"categories":[10,3],"tags":[],"class_list":["post-44310","post","type-post","status-publish","format-standard","has-post-thumbnail","hentry","category-izlozbe","category-novosti"],"acf":{"facebook_opis":""},"jetpack_publicize_connections":[],"jetpack_featured_media_url":"https:\/\/i0.wp.com\/historiografija.hr\/wp-content\/uploads\/2025\/01\/Lipa-optuzuje.webp?fit=1024%2C819&ssl=1","jetpack_sharing_enabled":true,"jetpack-related-posts":[],"_links":{"self":[{"href":"https:\/\/historiografija.hr\/index.php?rest_route=\/wp\/v2\/posts\/44310","targetHints":{"allow":["GET"]}}],"collection":[{"href":"https:\/\/historiografija.hr\/index.php?rest_route=\/wp\/v2\/posts"}],"about":[{"href":"https:\/\/historiografija.hr\/index.php?rest_route=\/wp\/v2\/types\/post"}],"author":[{"embeddable":true,"href":"https:\/\/historiografija.hr\/index.php?rest_route=\/wp\/v2\/users\/2"}],"replies":[{"embeddable":true,"href":"https:\/\/historiografija.hr\/index.php?rest_route=%2Fwp%2Fv2%2Fcomments&post=44310"}],"version-history":[{"count":3,"href":"https:\/\/historiografija.hr\/index.php?rest_route=\/wp\/v2\/posts\/44310\/revisions"}],"predecessor-version":[{"id":44725,"href":"https:\/\/historiografija.hr\/index.php?rest_route=\/wp\/v2\/posts\/44310\/revisions\/44725"}],"wp:featuredmedia":[{"embeddable":true,"href":"https:\/\/historiografija.hr\/index.php?rest_route=\/wp\/v2\/media\/44311"}],"wp:attachment":[{"href":"https:\/\/historiografija.hr\/index.php?rest_route=%2Fwp%2Fv2%2Fmedia&parent=44310"}],"wp:term":[{"taxonomy":"category","embeddable":true,"href":"https:\/\/historiografija.hr\/index.php?rest_route=%2Fwp%2Fv2%2Fcategories&post=44310"},{"taxonomy":"post_tag","embeddable":true,"href":"https:\/\/historiografija.hr\/index.php?rest_route=%2Fwp%2Fv2%2Ftags&post=44310"}],"curies":[{"name":"wp","href":"https:\/\/api.w.org\/{rel}","templated":true}]}}